{"id":79103,"date":"2025-10-02T09:12:29","date_gmt":"2025-10-02T07:12:29","guid":{"rendered":"https:\/\/miradordeatarfe.es\/?p=79103"},"modified":"2025-09-30T09:32:54","modified_gmt":"2025-09-30T07:32:54","slug":"la-forma-de-generalizar-la-bajada-de-ratio-en-las-aulas-que-el-alumnado-con-necesidad-de-apoyo-cuente-doble","status":"publish","type":"post","link":"https:\/\/miradordeatarfe.es\/?p=79103","title":{"rendered":"La forma de generalizar la bajada de ratio en las aulas: que el alumnado con necesidad de apoyo cuente doble"},"content":{"rendered":"<header class=\"a_e _g _g-xs\">\n<div class=\"a_e_txt _df\">\n<h3 class=\"a_st\" style=\"text-align: justify;\">Los sindicatos responder\u00e1n a la oferta del Gobierno con una propuesta que, manteniendo el principio de equidad, beneficia a la mayor\u00eda de centros educativos<\/h3>\n<\/div>\n<\/header>\n<div class=\"a_c clearfix\" data-dtm-region=\"articulo_cuerpo\">\n<p class=\"\" style=\"text-align: justify;\">La propuesta para bajar las ratios de estudiantes por aula <a title=\"https:\/\/elpais.com\/educacion\/2025-09-23\/el-gobierno-quiere-reducir-por-ley-la-ratio-en-las-aulas-a-las-que-asisten-los-alumnos-desfavorecidos.html\" href=\"https:\/\/elpais.com\/educacion\/2025-09-23\/el-gobierno-quiere-reducir-por-ley-la-ratio-en-las-aulas-a-las-que-asisten-los-alumnos-desfavorecidos.html\" target=\"_self\" rel=\"\" data-link-track-dtm=\"\" data-mrf-link=\"https:\/\/elpais.com\/educacion\/2025-09-23\/el-gobierno-quiere-reducir-por-ley-la-ratio-en-las-aulas-a-las-que-asisten-los-alumnos-desfavorecidos.html\">que el Ministerio de Educaci\u00f3n present\u00f3 el martes a los sindicatos de ense\u00f1anza<\/a> super\u00f3 las expectativas que estos ten\u00edan, que eran muy bajas, hasta el punto de que hab\u00edan comenzado los preparativos <a title=\"https:\/\/elpais.com\/educacion\/2025-08-25\/la-falta-de-avances-en-la-reforma-del-profesorado-amenaza-con-desatar-una-tormenta-educativa-en-el-inicio-de-curso.html\" href=\"https:\/\/elpais.com\/educacion\/2025-08-25\/la-falta-de-avances-en-la-reforma-del-profesorado-amenaza-con-desatar-una-tormenta-educativa-en-el-inicio-de-curso.html\" target=\"_self\" rel=\"\" data-link-track-dtm=\"\" data-mrf-link=\"https:\/\/elpais.com\/educacion\/2025-08-25\/la-falta-de-avances-en-la-reforma-del-profesorado-amenaza-con-desatar-una-tormenta-educativa-en-el-inicio-de-curso.html\">para iniciar movilizaciones de protesta<\/a>. El planteamiento del Gobierno les sigue pareciendo tard\u00edo, limitado y \u201cverde\u201d. Pero creen, a la vez, que las l\u00edneas que Educaci\u00f3n ha puesto sobre la mesa, y su disposici\u00f3n a negociarlas, pueden conducir a una mejora en las condiciones en las que se desarrollan las clases.<\/p>\n<p class=\"\" style=\"text-align: justify;\">La idea central del ministerio que dirige Pilar Alegr\u00eda consiste en concentrar la bajada del n\u00famero de estudiantes por clase en aquellos colegios e institutos que tienen un elevado porcentaje de alumnado en situaci\u00f3n de vulnerabilidad socioecon\u00f3mica. Considerando positiva la medida, los sindicatos la ven, sin embargo, demasiado acotada a un determinado tipo de centro. La mayor\u00eda de ellos cree, en cambio, que la segunda propuesta del Gobierno, consistente en reducir las ratios en las aulas que acogen a estudiantes con necesidades educativas especiales, podr\u00eda tener un efecto m\u00e1s potente en el conjunto del sistema educativo si en lugar de circunscribirse solo a ese tipo de alumnado (b\u00e1sicamente, chavales con discapacidad o trastorno del espectro autista), <a title=\"https:\/\/elpais.com\/educacion\/2025-09-18\/hay-dias-que-es-imposible-dar-clase-los-alumnos-que-necesitan-apoyo-aumentan-el-doble-de-rapido-que-los-recursos-para-atenderlos.html\" href=\"https:\/\/elpais.com\/educacion\/2025-09-18\/hay-dias-que-es-imposible-dar-clase-los-alumnos-que-necesitan-apoyo-aumentan-el-doble-de-rapido-que-los-recursos-para-atenderlos.html\" target=\"_self\" rel=\"\" data-link-track-dtm=\"\" data-mrf-link=\"https:\/\/elpais.com\/educacion\/2025-09-18\/hay-dias-que-es-imposible-dar-clase-los-alumnos-que-necesitan-apoyo-aumentan-el-doble-de-rapido-que-los-recursos-para-atenderlos.html\">se ensanchara a todos los que necesitan apoyo educativo<\/a>.<\/p>\n<p class=\"\" style=\"text-align: justify;\">Esta categor\u00eda oficial incluye al alumnado con necesidades especiales que ya figura en la propuesta del Gobierno. Pero tambi\u00e9n a los que presentan otro tipo de dificultades, desde la dislexia, la discalculia, y el trastorno por d\u00e9ficit de atenci\u00f3n con hiperactividad (TDAH), al desconocimiento de la lengua de aprendizaje o a situaciones de vulnerabilidad socioeducativa. El cambio de magnitud entre ambas alternativas es sustancial. La propuesta del Gobierno alcanza a 249.494 alumnos con necesidades especiales, mientras que el planteamiento de los sindicatos ampliar\u00eda su n\u00famero a 1.088.413.<\/p>\n<figure class=\"a_m a_m-h \" style=\"text-align: justify;\"><span class=\"_db a_m_w _pr lb_btn\"><img data-recalc-dims=\"1\" loading=\"lazy\" decoding=\"async\" class=\"_re lazyload a_m-h alignleft\" src=\"https:\/\/i0.wp.com\/imagenes.elpais.com\/resizer\/v2\/3UXVYQEL3ZGRNPUP2G6HROQ6IY.JPG?resize=414%2C277&#038;ssl=1\" sizes=\"auto, (min-width:1199px) 1155px,(min-width:1001px) calc(100vw - 44px),(min-width:768px) 767px, 100vw\" srcset=\"https:\/\/imagenes.elpais.com\/resizer\/v2\/3UXVYQEL3ZGRNPUP2G6HROQ6IY.JPG?auth=5682b04357138e6faf83575f46ed54952f9384bdabc59840f96dfd8b990b8ff0&amp;width=414 414w,https:\/\/imagenes.elpais.com\/resizer\/v2\/3UXVYQEL3ZGRNPUP2G6HROQ6IY.JPG?auth=5682b04357138e6faf83575f46ed54952f9384bdabc59840f96dfd8b990b8ff0&amp;width=828 640w,https:\/\/imagenes.elpais.com\/resizer\/v2\/3UXVYQEL3ZGRNPUP2G6HROQ6IY.JPG?auth=5682b04357138e6faf83575f46ed54952f9384bdabc59840f96dfd8b990b8ff0&amp;width=980 1000w,https:\/\/imagenes.elpais.com\/resizer\/v2\/3UXVYQEL3ZGRNPUP2G6HROQ6IY.JPG?auth=5682b04357138e6faf83575f46ed54952f9384bdabc59840f96dfd8b990b8ff0&amp;width=1960 1960w\" width=\"414\" height=\"277\" \/><\/span><figcaption class=\"a_m_p\" aria-hidden=\"true\">Aula del colegio pluriling\u00fce de Vedra, en A Coru\u00f1a, el 8 de septiembre.<span class=\"a_m_m\">\u00d3SCAR CORRAL<\/span><\/figcaption><\/figure>\n<p class=\"\" style=\"text-align: justify;\">Ciertos perfiles de estudiantes con necesidades educativas especiales representan un reto mayor para el profesorado, admiten los sindicatos. Pero, argumentan, <a title=\"https:\/\/elpais.com\/educacion\/2025-09-21\/24-horas-en-un-colegio-publico-que-encarna-la-nueva-diversidad-me-esfuerzo-por-llegar-a-todos-pero-no-puedo.html\" href=\"https:\/\/elpais.com\/educacion\/2025-09-21\/24-horas-en-un-colegio-publico-que-encarna-la-nueva-diversidad-me-esfuerzo-por-llegar-a-todos-pero-no-puedo.html\" target=\"_self\" rel=\"\" data-link-track-dtm=\"\" data-mrf-link=\"https:\/\/elpais.com\/educacion\/2025-09-21\/24-horas-en-un-colegio-publico-que-encarna-la-nueva-diversidad-me-esfuerzo-por-llegar-a-todos-pero-no-puedo.html\">todos los estudiantes con necesidad de apoyo educativo requieren mayor atenci\u00f3n para alcanzar el \u00e9xito educativo<\/a>. Y el n\u00famero de estos \u00faltimos ha aumentado mucho m\u00e1s (cerca del doble en los seis \u00faltimos cursos) que los que presentan necesidades especiales, debido tanto a la mejor detecci\u00f3n como a la incorporaci\u00f3n de alumnado extranjero.<\/p>\n<p class=\"\" style=\"text-align: justify;\">La propuesta principal del ministerio de actuar prioritariamente en los centros educativos de alta complejidad socioecon\u00f3mica supone, <a href=\"https:\/\/www.congreso.es\/es\/busqueda-de-publicaciones?p_p_id=publicaciones&amp;p_p_lifecycle=0&amp;p_p_state=normal&amp;p_p_mode=view&amp;_publicaciones_mode=mostrarTextoIntegro&amp;_publicaciones_legislatura=XV&amp;_publicaciones_id_texto=(DSCD-15-CO-297.CODI.)\" rel=\"\" data-link-track-dtm=\"\" data-mrf-link=\"https:\/\/www.congreso.es\/es\/busqueda-de-publicaciones?p_p_id=publicaciones&amp;p_p_lifecycle=0&amp;p_p_state=normal&amp;p_p_mode=view&amp;_publicaciones_mode=mostrarTextoIntegro&amp;_publicaciones_legislatura=XV&amp;_publicaciones_id_texto=(DSCD-15-CO-297.CODI.)\">seg\u00fan la definici\u00f3n del secretario de Estado de Educaci\u00f3n, Abelardo de la Rosa<\/a>, aplicar una pol\u00edtica de ratios \u201ccon equidad\u201d. Los sindicatos est\u00e1n de acuerdo, mayoritariamente, con dicha medida. Pero a\u00f1aden que extender la rebaja de ratios a todas las aulas con alumnado con necesidades de apoyo educativo mantendr\u00eda la misma l\u00ednea de equidad y tambi\u00e9n beneficiar\u00eda sobre todo a la ense\u00f1anza p\u00fablica, ya que esta escolariza al 75% de estos estudiantes, ocho puntos m\u00e1s de lo que representa esta red escolar en el conjunto de la red educativa.<\/p>\n<p class=\"\" style=\"text-align: justify;\">La medida alcanzar\u00eda a buena parte del sistema educativo, con distinta intensidad en funci\u00f3n del grado de diversidad del centro. \u201cEstamos de acuerdo en que los centros de alta complejidad necesitan un tratamiento espec\u00edfico. Pero hoy, quitando quiz\u00e1 los de alg\u00fan barrio concreto, casi todos los centros p\u00fablicos tienen un n\u00famero importante de estudiantes con necesidades de apoyo educativo, y no ser\u00eda justo no tenerlos en cuenta\u201d, resume un responsable sindical.<\/p>\n<h3 class=\"\" style=\"text-align: justify;\">Contar doble<\/h3>\n<p class=\"\" style=\"text-align: justify;\">La propuesta del ministerio no detalla c\u00f3mo se articular\u00eda la bajada de ratios en las aulas con alumnos con necesidades especiales (que los sindicatos quieren ampliar a todos los que presentan necesidad de apoyo). Pero este tipo de medida suele aplicarse considerando que dichos estudiantes cuenten doble a efecto de las ratios, que ahora est\u00e1n fijadas, como m\u00e1ximo, en 25 en infantil y primaria, 30 en la ESO, y 35 en Bachillerato, si bien parte de las comunidades han empezado a reducirlas, sobre todo en las primeras etapas, aprovechando la ca\u00edda de la natalidad. Una posibilidad, se\u00f1alan los sindicatos, ser\u00eda que no se otorgara el mismo peso a todo el alumnado con necesidad de apoyo educativo, sino que contaran, por ejemplo, 1,5 en los casos m\u00e1s leves, y m\u00e1s de 2 en los supuestos m\u00e1s graves.<\/p>\n<p class=\"\" style=\"text-align: justify;\">Hacerlo as\u00ed tendr\u00eda el efecto a\u00f1adido de estimular una mejor detecci\u00f3n del alumnado con necesidad de apoyo, que aunque ha avanzado en los \u00faltimos a\u00f1os sigue lejos de recoger la realidad. Seg\u00fan los c\u00e1lculos de CC OO, que utiliza datos de prevalencia de trastornos y del INE para hacer su estimaci\u00f3n, hasta el 68% del alumnado con las llamadas dificultades espec\u00edficas de aprendizaje (como dislexia, discalculia o TDAH) pasa por debajo del radar de las administraciones educativas, y sucede lo mismo con, al menos, el 43% de los chavales con \u201ccarencia material y social severa\u201d. Una mejor detecci\u00f3n tambi\u00e9n implicar\u00eda un aumento del coste econ\u00f3mico de la medida.<\/p>\n<h3 class=\"\" style=\"text-align: justify;\">Bajada general progresiva<\/h3>\n<p class=\"\" style=\"text-align: justify;\">La propuesta del Gobierno, que ha pedido a los sindicatos que respondan a principios de octubre, contiene otras dos posibles l\u00edneas de trabajo. La primera es una reducci\u00f3n progresiva de las ratios de forma general. A la espera de que el ministerio concrete, la primera impresi\u00f3n de los sindicatos es que se trata de un planteamiento vago, que podr\u00eda traducirse en una simple recomendaci\u00f3n a las comunidades aut\u00f3nomas. Al estilo de lo que se estableci\u00f3 en 2019 para la reducci\u00f3n de la jornada lectiva del profesorado o, en la Lomloe, para que priorizaran la creaci\u00f3n de plazas escolares en centros p\u00fablicos.<\/p>\n<p class=\"\" style=\"text-align: justify;\">El documento de Educaci\u00f3n propone una \u00faltima v\u00eda de actuaci\u00f3n, que consiste en focalizar la reducci\u00f3n de ratio en niveles espec\u00edficos, por considerarlos clave para evitar el fracaso escolar, o porque las ratios m\u00e1ximas ahora son muy elevadas. Se trata, en concreto, de 5\u00ba y 6\u00ba de Primaria, 1\u00ba y 2\u00ba de la ESO, la FP B\u00e1sica y el Bachillerato. Los sindicatos echan en falta, de un lado, que se incluya la FP de grado medio, que presenta tasas de abandono elevadas, y tambi\u00e9n ven impreciso el alcance de la propuesta, que podr\u00eda estar ligada a la bajada general progresiva del punto anterior. Es decir, a que en caso de apostar por bajar las ratios en todas las etapas y centros, se empezara por los cursos que pueden resultar cr\u00edticos para determinar el \u00e9xito educativo.<\/p>\n<p><a class=\"a_md_a_n\" title=\"Ver todas las noticias de Ignacio Zafra\" href=\"https:\/\/elpais.com\/autor\/ignacio-zafra\/#?rel=author_top\" data-mrf-link=\"https:\/\/elpais.com\/autor\/ignacio-zafra\/\"><strong>Ignacio Zafra<\/strong><\/a><\/p>\n<\/div>\n<p>FOTO: Una clase en el instituto escuela La Jota, en Badia del Vall\u00e9s, Barcelona, el 8 de septiembre.<span class=\"a_m_m\">massimiliano minocri<\/span><\/p>\n<p>https:\/\/elpais.com\/educacion\/2025-09-26\/la-forma-de-generalizar-la-bajada-de-ratio-en-las-aulas-que-el-alumnado-con-necesidad-de-apoyo-cuente-doble.html<\/p>\n","protected":false},"excerpt":{"rendered":"<p>Los sindicatos responder\u00e1n a la oferta del Gobierno con una propuesta que, manteniendo el principio&#8230;<\/p>\n","protected":false},"author":1,"featured_media":79104,"comment_status":"closed","ping_status":"closed","sticky":false,"template":"","format":"standard","meta":{"_coblocks_attr":"","_coblocks_dimensions":"","_coblocks_responsive_height":"","_coblocks_accordion_ie_support":"","jetpack_post_was_ever_published":false,"_jetpack_newsletter_access":"","_jetpack_dont_email_post_to_subs":false,"_jetpack_newsletter_tier_id":0,"_jetpack_memberships_contains_paywalled_content":false,"_jetpack_memberships_contains_paid_content":false,"footnotes":"","jetpack_publicize_message":"","jetpack_publicize_feature_enabled":true,"jetpack_social_post_already_shared":true,"jetpack_social_options":{"image_generator_settings":{"template":"highway","default_image_id":0,"enabled":false},"version":2}},"categories":[187,186,44],"tags":[],"class_list":["post-79103","post","type-post","status-publish","format-standard","has-post-thumbnail","hentry","category-centros-educativos","category-instituciones","category-noticias-de-hoy"],"jetpack_publicize_connections":[],"jetpack_featured_media_url":"https:\/\/i0.wp.com\/miradordeatarfe.es\/wp-content\/uploads\/2025\/09\/Screenshot-2025-09-29-at-12-50-46-La-forma-de-generalizar-la-bajada-de-ratio-en-las-aulas-que-el-alumnado-con-necesidad-de-apoyo-cuente-doble-Educacion-EL-PAIS.png?fit=874%2C440&ssl=1","jetpack_likes_enabled":true,"jetpack_sharing_enabled":true,"_links":{"self":[{"href":"https:\/\/miradordeatarfe.es\/index.php?rest_route=\/wp\/v2\/posts\/79103","targetHints":{"allow":["GET"]}}],"collection":[{"href":"https:\/\/miradordeatarfe.es\/index.php?rest_route=\/wp\/v2\/posts"}],"about":[{"href":"https:\/\/miradordeatarfe.es\/index.php?rest_route=\/wp\/v2\/types\/post"}],"author":[{"embeddable":true,"href":"https:\/\/miradordeatarfe.es\/index.php?rest_route=\/wp\/v2\/users\/1"}],"replies":[{"embeddable":true,"href":"https:\/\/miradordeatarfe.es\/index.php?rest_route=%2Fwp%2Fv2%2Fcomments&post=79103"}],"version-history":[{"count":1,"href":"https:\/\/miradordeatarfe.es\/index.php?rest_route=\/wp\/v2\/posts\/79103\/revisions"}],"predecessor-version":[{"id":79105,"href":"https:\/\/miradordeatarfe.es\/index.php?rest_route=\/wp\/v2\/posts\/79103\/revisions\/79105"}],"wp:featuredmedia":[{"embeddable":true,"href":"https:\/\/miradordeatarfe.es\/index.php?rest_route=\/wp\/v2\/media\/79104"}],"wp:attachment":[{"href":"https:\/\/miradordeatarfe.es\/index.php?rest_route=%2Fwp%2Fv2%2Fmedia&parent=79103"}],"wp:term":[{"taxonomy":"category","embeddable":true,"href":"https:\/\/miradordeatarfe.es\/index.php?rest_route=%2Fwp%2Fv2%2Fcategories&post=79103"},{"taxonomy":"post_tag","embeddable":true,"href":"https:\/\/miradordeatarfe.es\/index.php?rest_route=%2Fwp%2Fv2%2Ftags&post=79103"}],"curies":[{"name":"wp","href":"https:\/\/api.w.org\/{rel}","templated":true}]}}