{"id":79109,"date":"2025-09-30T10:00:05","date_gmt":"2025-09-30T08:00:05","guid":{"rendered":"https:\/\/miradordeatarfe.es\/?p=79109"},"modified":"2025-09-30T09:49:30","modified_gmt":"2025-09-30T07:49:30","slug":"quien-y-cuando-puede-vacunarse-de-la-gripe-y-el-covid","status":"publish","type":"post","link":"https:\/\/miradordeatarfe.es\/?p=79109","title":{"rendered":"\u00bfQui\u00e9n y cu\u00e1ndo puede vacunarse de la gripe y el covid?"},"content":{"rendered":"<div class=\"v-a v-a--d v-a--d-b v-a--p-b\">\n<div class=\"v-a-info-c \">\n<h2 class=\"v-a-sub-t \" style=\"text-align: justify;\">La campa\u00f1a de vacunaci\u00f3n en Andaluc\u00eda arranca hoy martes 30 de septiembre<\/h2>\n<\/div>\n<\/div>\n<div class=\"v-d v-d--ab-c v-d--b\" style=\"text-align: justify;\" data-mrf-recirculation=\"Links articulo\">\n<div class=\"v-mdl-ath \" data-mrf-recirculation=\"Autor\">\n<div class=\"v-mdl-ath__c v-mdl-ath__c--1\">\n<div class=\"v-mdl-ath__img-c\">\u00a0<\/div>\n<\/div>\n<\/div>\n<\/div>\n<p class=\"v-p\" style=\"text-align: justify;\">El invierno se acerca lentamente y la poblaci\u00f3n m\u00e1s vulnerable debe prepararse para afrontar los resfriados de turno, alguna que otra gripe e incluso covid. <span class=\"paywall pw-open\">La incidencia de virus respiratorios ya ha empezado a crecer en Andaluc\u00eda y, para que su impacto est\u00e9 lo m\u00e1s controlado posible, la Consejer\u00eda de Salud arrancar\u00e1 la campa\u00f1a de vacunaci\u00f3n de la temporada 25\/26 el pr\u00f3ximo martes 30 de septiembre. <\/span><\/p>\n<div class=\"paywall\" data-mrf-recirculation=\"Link art\u00edculos\">\n<p class=\"v-p\" style=\"text-align: justify;\">Los primeros en pasar por la aguja ser\u00e1n las embarazadas, los ni\u00f1os desde seis meses hasta cinco a\u00f1os y sus docentes. \u00abEl calendario se ir\u00e1 abriendo progresivamente para el resto de la poblaci\u00f3n diana\u00bb, adelant\u00f3 ayer en Sevilla la consejera de Salud, Roc\u00edo Hern\u00e1ndez. El objetivo es proteger a la poblaci\u00f3n m\u00e1s vulnerable y a quienes los rodean.<\/p>\n<p class=\"v-p\" style=\"text-align: justify;\">Por lo tanto, a partir del 6 de octubre, tambi\u00e9n se podr\u00e1n vacunar residencias de mayores y centros de discapacidad, as\u00ed como a los profesionales sanitarios y sociosanitarios. As\u00ed, los siguientes en la lista, el d\u00eda 14, ser\u00e1n los mayores de 80 a\u00f1os y los grandes dependientes en sus domicilios.<\/p>\n<p class=\"v-p\" style=\"text-align: justify;\">A los de 70 a\u00f1os les llegar\u00e1 el turno el 20 de octubre, as\u00ed como a los ni\u00f1os de m\u00e1s de cinco a\u00f1os que tengan enfermedades cr\u00f3nicas. Y tras ellos, el d\u00eda 27, se subir\u00e1n al carro las personas de 60; profesionales esenciales como Fuerzas y Cuerpos de Seguridad del Estado; bomberos y protecci\u00f3n civil; profesionales con exposici\u00f3n directa a animales, e instituciones penitenciarias.<\/p>\n<p><strong>EN RESUMEN :<\/strong><\/p>\n<p>El pr\u00f3ximo martes 30 de septiembre comienza en\u00a0<strong>Andaluc\u00eda\u00a0<\/strong>la\u00a0<strong>campa\u00f1a de vacunaci\u00f3n contra la gripe<\/strong>, que arancar\u00e1 <em>en los menores de 6 a 59 meses, las embarazadas y los docentes de menores de 5 a\u00f1os con el objetivo de proteger a la poblaci\u00f3n m\u00e1s vulnerable y a los colectivos en contacto directo con ellos<\/em>.<\/p>\n<p>El calendario para la vacuna de la gripe se ir\u00e1 abriendo progresivamente para el resto de la poblaci\u00f3n diana. De esta forma,\u00a0<strong>a partir del 6 de octubre<\/strong>, la campa\u00f1a se extender\u00e1 a\u00a0<strong>residencias de mayores y centros de discapacidad<\/strong>, as\u00ed como a\u00a0<strong>profesionales sanitarios y sociosanitarios.<\/strong><\/p>\n<p>El\u00a0<strong>14 de octubre,<\/strong>\u00a0la vacunaci\u00f3n estar\u00e1 disponible para las\u00a0<strong>personas de 80 a\u00f1os o m\u00e1s y los grandes dependientes en sus domicilios.<\/strong><\/p>\n<p>Desde el\u00a0<strong>20 de octubre<\/strong>, se incluir\u00e1 a las\u00a0<strong>personas de 70 a\u00f1os o m\u00e1s<\/strong>\u00a0y a las de 5 a\u00f1os o m\u00e1s con patolog\u00edas cr\u00f3nicas.<\/p>\n<p>El\u00a0<strong>27 de octubre<\/strong>\u00a0se sumar\u00e1n las\u00a0<strong>personas de 60 a\u00f1os o m\u00e1s<\/strong>, profesionales esenciales como cuerpos y fuerzas de seguridad del estado, bomberos y protecci\u00f3n civil, profesionales con exposici\u00f3n directa a animales e instituciones penitenciarias.<\/p>\n<div class=\"v-d v-d--ab-c v-d--b\" data-mrf-recirculation=\"Links articulo\">\n<div class=\"v-mdl-ath \" data-mrf-recirculation=\"Autor\">\n<div class=\"v-mdl-ath__c v-mdl-ath__c--1\">\n<div class=\"v-mdl-ath__inf\">\n<p class=\"v-mdl-ath__p v-mdl-ath__p--2\"><a href=\"https:\/\/www.ideal.es\/autor\/sara-barcena-hernandez-6740.html\" data-mrf-link=\"https:\/\/www.ideal.es\/autor\/sara-barcena-hernandez-6740.html\">Sara B\u00e1rcena Hern\u00e1ndez<\/a><\/p>\n<p>FOTO: <span class=\"v-fc__t\">Una enfermera vacuna a una mujer mayor en una residencia.<\/span> <span class=\"v-fc__p\">Pepe Mar\u00edn<\/span><\/p>\n<p>https:\/\/www.ideal.es\/granada\/puede-vacunarse-gripe-covid-20250923002120-nt.html#vca=fixed-btn&#038;vso=elideal&#038;vmc=unknow&#038;vli=granada<\/p>\n<\/div>\n<\/div>\n<\/div>\n<\/div>\n<\/div>\n","protected":false},"excerpt":{"rendered":"<p>La campa\u00f1a de vacunaci\u00f3n en Andaluc\u00eda arranca hoy martes 30 de septiembre \u00a0 El invierno&#8230;<\/p>\n","protected":false},"author":1,"featured_media":79110,"comment_status":"closed","ping_status":"closed","sticky":false,"template":"","format":"standard","meta":{"_coblocks_attr":"","_coblocks_dimensions":"","_coblocks_responsive_height":"","_coblocks_accordion_ie_support":"","jetpack_post_was_ever_published":false,"_jetpack_newsletter_access":"","_jetpack_dont_email_post_to_subs":false,"_jetpack_newsletter_tier_id":0,"_jetpack_memberships_contains_paywalled_content":false,"_jetpack_memberships_contains_paid_content":false,"footnotes":"","jetpack_publicize_message":"","jetpack_publicize_feature_enabled":true,"jetpack_social_post_already_shared":true,"jetpack_social_options":{"image_generator_settings":{"template":"highway","default_image_id":0,"enabled":false},"version":2}},"categories":[1161,186,44,10],"tags":[],"class_list":["post-79109","post","type-post","status-publish","format-standard","has-post-thumbnail","hentry","category-ciudadania","category-instituciones","category-noticias-de-hoy","category-salud"],"jetpack_publicize_connections":[],"jetpack_featured_media_url":"https:\/\/i0.wp.com\/miradordeatarfe.es\/wp-content\/uploads\/2025\/09\/Screenshot-2025-09-29-at-13-01-39-%C2%BFQuien-y-cuando-puede-vacunarse-de-la-gripe-y-el-covid-Ideal.png?fit=581%2C313&ssl=1","jetpack_likes_enabled":true,"jetpack_sharing_enabled":true,"_links":{"self":[{"href":"https:\/\/miradordeatarfe.es\/index.php?rest_route=\/wp\/v2\/posts\/79109","targetHints":{"allow":["GET"]}}],"collection":[{"href":"https:\/\/miradordeatarfe.es\/index.php?rest_route=\/wp\/v2\/posts"}],"about":[{"href":"https:\/\/miradordeatarfe.es\/index.php?rest_route=\/wp\/v2\/types\/post"}],"author":[{"embeddable":true,"href":"https:\/\/miradordeatarfe.es\/index.php?rest_route=\/wp\/v2\/users\/1"}],"replies":[{"embeddable":true,"href":"https:\/\/miradordeatarfe.es\/index.php?rest_route=%2Fwp%2Fv2%2Fcomments&post=79109"}],"version-history":[{"count":1,"href":"https:\/\/miradordeatarfe.es\/index.php?rest_route=\/wp\/v2\/posts\/79109\/revisions"}],"predecessor-version":[{"id":79111,"href":"https:\/\/miradordeatarfe.es\/index.php?rest_route=\/wp\/v2\/posts\/79109\/revisions\/79111"}],"wp:featuredmedia":[{"embeddable":true,"href":"https:\/\/miradordeatarfe.es\/index.php?rest_route=\/wp\/v2\/media\/79110"}],"wp:attachment":[{"href":"https:\/\/miradordeatarfe.es\/index.php?rest_route=%2Fwp%2Fv2%2Fmedia&parent=79109"}],"wp:term":[{"taxonomy":"category","embeddable":true,"href":"https:\/\/miradordeatarfe.es\/index.php?rest_route=%2Fwp%2Fv2%2Fcategories&post=79109"},{"taxonomy":"post_tag","embeddable":true,"href":"https:\/\/miradordeatarfe.es\/index.php?rest_route=%2Fwp%2Fv2%2Ftags&post=79109"}],"curies":[{"name":"wp","href":"https:\/\/api.w.org\/{rel}","templated":true}]}}