{"id":79112,"date":"2025-09-30T08:23:14","date_gmt":"2025-09-30T06:23:14","guid":{"rendered":"https:\/\/miradordeatarfe.es\/?p=79112"},"modified":"2025-09-30T09:32:25","modified_gmt":"2025-09-30T07:32:25","slug":"ana-belen-entregada-virtuosa-comprometida-y-sostenida","status":"publish","type":"post","link":"https:\/\/miradordeatarfe.es\/?p=79112","title":{"rendered":"Ana Bel\u00e9n, entregada, virtuosa, comprometida y sostenida"},"content":{"rendered":"<h3 class=\"single-subtitle\">La cantante convierte el Palacio de Congresos en una fiesta en la clausura del 1001 M\u00fasicas-CaixaBank con un concierto en el que no ha faltado ninguno de sus grandes temas<\/h3>\n<p>La madrile\u00f1a, arropada por seis m\u00fasicos, entre ellos su hijo, David San Jos\u00e9, director musical del espect\u00e1culo, lo ha dado todo en Granada en el concierto de clausura de la quinta edici\u00f3n del <a href=\"https:\/\/www.granadadigital.es\/tag\/ciclo-1001-musicas-caixabank\/\"><strong>ciclo 1001 M\u00fasicas-Caixabank.<\/strong><\/a><ins id=\"revive-0-2\" data-revive-zoneid=\"48\" data-revive-id=\"3675e576db6d1cc6cb6554b6e5954dc7\" data-revive-seq=\"2\" data-revive-loaded=\"1\"><\/ins><\/p>\n<p>Y es que Ana Bel\u00e9n es capaz de darlo todo sin abandonar ni un solo segundo la t\u00e9cnica que la arropa. Ana Bel\u00e9n lo da todo sin despeinarse un pelo, y esta destreza es, sin duda, un talento \u00fanico y extra\u00f1o. <strong>Su voz es limpia y clara tanto en los agudos como en los graves<\/strong>, en los ataques precisos y en la disoluci\u00f3n de los finales, en los tempos lentos y en los ritmos desenfrenados\u2026<\/p>\n<p>Existen cantantes cuyas voces acusan los golpes del paso del tiempo mostrando su pasi\u00f3n peligrosamente al borde del desgarro y otras que exhiben su virtuosismo n\u00edtido asombrando con una perfecci\u00f3n cl\u00e1sica. Ana Bel\u00e9n no es ninguna de las dos, o quiz\u00e1s sea m\u00e1s acertado decir que es las dos a la vez. <strong>Ana Bel\u00e9n transmite energ\u00eda y pasi\u00f3n, sin miedo a dibujar asomos de blues o rock en sus temas<\/strong>, pero siempre sostenida por una t\u00e9cnica vocal impoluta, que nunca la suelta de la mano, aunque pudiera parecerlo en ocasiones.<\/p>\n<p>Ana Bel\u00e9n no se rompe; <strong>sus agudos, aunque impresionantes, est\u00e1n extremadamente cuidados<\/strong>, apoyados en los resonadores adecuados, el tiempo adecuado, con la intensidad justa para no arriesgar. Esa forma est\u00e1 meticulosamente protegida y cuidada. Y lo mismo sucede con el contenido. Sus letras te tocan el coraz\u00f3n con mensajes que est\u00e1n narrados por una actriz profesional, y eso se nota. <strong>No solo canta, cuenta, y al contar transmite emociones sin emocionarse ella,<\/strong> como buena int\u00e9rprete forjada en los teatros a las \u00f3rdenes de los m\u00e1s grandes directores de teatro, como Miguel Narros, su mentor esc\u00e9nico, que tambi\u00e9n fue su salvador, por as\u00ed decirlo. El que la rescat\u00f3 cuando las cr\u00edticas a su actuaci\u00f3n infantil en la pel\u00edcula &#8216;Zampo y yo&#8217; con solo 12 a\u00f1os, la dejaron por los suelos.<\/p>\n<p>Narros supo ver, sin embargo, el talento de Ana, y se la llev\u00f3 a la Compa\u00f1\u00eda Nacional de Teatro para que aprendiera. Y vaya si aprendi\u00f3. Bajo su tutela fue forj\u00e1ndose junto a las primeras figuras del teatro de la \u00e9poca, de los que lo aprendi\u00f3 todo, convirti\u00e9ndose en una excelente actriz.<strong> De esas que nunca se quedar\u00e1n af\u00f3nicas porque, si tienen que gritar, adem\u00e1s de hacerlo con emoci\u00f3n, lo har\u00e1n con t\u00e9cnica<\/strong> que las sostenga y proteja su valioso instrumento: su cuerpo, su voz.<ins id=\"revive-0-7\" data-revive-zoneid=\"118\" data-revive-id=\"3675e576db6d1cc6cb6554b6e5954dc7\" data-revive-seq=\"7\" data-revive-loaded=\"1\"><\/ins><\/p>\n<p>&nbsp;<\/p>\n<p>Precisamente al apoyarse en la t\u00e9cnica, Ana Bel\u00e9n puede ser generosa y entregarse desplegando su virtuosismo, sostenida por esas tablas que son el andamio seguro desde el que <strong>enamorar al p\u00fablico con precisi\u00f3n y firmeza.<\/strong><\/p>\n<p>Cuento todo esto para que podamos entender que Ana Bel\u00e9n, a sus setenta y pico a\u00f1os, nos ha brindado esta noche un concierto largo y realmente impresionante. Ha cantado <strong>24 temas, sin descanso alguno.<\/strong>\u00a0No ha habido cantantes invitados que permitieran que su voz descansara; ella ha sido la protagonista durante todo el tiempo, <strong>sin evitar ni uno solo de los agudos que cantaba hace 40 a\u00f1os<\/strong>. Como si el tiempo no hubiera pasado, y sus cuerdas no envejecieran\u2026 Y es que posiblemente las cuerdas vocales de Ana Bel\u00e9n son unas cuerdas vocales muy bien cuidadas.<\/p>\n<p>Impresionante y sostenida, que no contenida. Intensa, pero no desgarrada. Narradora de emociones que transmiten sus palabras y la manera de entonarlas, Ana Bel\u00e9n ha enamorado al p\u00fablico que en los bises ha abandonado sus asientos para acercarse al escenario, <strong>convirtiendo el auditorio en una improvisada sala de baile.<\/strong><\/p>\n<p>El espect\u00e1culo est\u00e1 dise\u00f1ado por David San Jos\u00e9 al mil\u00edmetro, para deleitar con los temas de siempre e ir acostumbrando a nuestros o\u00eddos a los nuevos. Ella misma lo advierte al comienzo: \u201c<strong>Queremos que conozc\u00e1is nuestros nuevos temas, pero no os preocup\u00e9is, tambi\u00e9n cantaremos los que todos est\u00e1is esperando\u201d.<\/strong><\/p>\n<p>Y as\u00ed ha sido: Hemos escuchado &#8216;Desde mi libertad&#8217;, &#8216;A la sombra de un le\u00f3n&#8217;, &#8216;Peces de ciudad&#8217;, &#8216;Agapim\u00fa&#8217;, &#8216;L\u00eda&#8217;, &#8216;El hombre del piano&#8217;, &#8216;Derroche&#8217;, &#8216;Espa\u00f1a camisa blanca de mi esperanza&#8217;, &#8216;La puerta de Alcal\u00e1&#8217; y muchas m\u00e1s.<\/p>\n<p>Arrancar la velada con &#8216;Solo le pido a Dios&#8217; y entonar rotunda la estrofa \u201c\u2026que la guerra no me sea indiferente, es un monstruo grande y pisa fuerte toda la pobre inocencia de la gente\u201d es sin lugar a dudas una declaraci\u00f3n de principios en los tiempos atroces de violencia que estamos viviendo. Y por si eso no quedara claro, al presentar el tercer tema de la noche, &#8216;<strong>Que no hablen en mi nombre&#8217;,<\/strong> coescrita por la propia Ana Bel\u00e9n junto a Vicky Gastelo para el nuevo disco, la cantante introdujo el tema denunciando la barbarie que sufren mujeres y ni\u00f1as en Palestina, con unas cifras que quedaban tristemente obsoletas al tratarse de las que ofrec\u00eda ONU Women el pasado mes de abril, cuando comenz\u00f3 la gira.<\/p>\n<p>Este &#8216;Que no hablen en mi nombre&#8217; es un tema nuevo, llamado a convertirse en otro de los himnos que Ana Bel\u00e9n ha cantado a lo largo de su carrera, en la que el <strong>compromiso social y pol\u00edtico ha tenido siempre un lugar destacado.<\/strong><\/p>\n<p>La noche nos regal\u00f3 tambi\u00e9n algunas sorpresas inesperadas, como el tema escrito por Carlos Berlanga y Nacho Canut &#8216;C\u00f3mo pudiste hacerme esto a m\u00ed&#8217;, que popularizaron en 1984 Alaska y Dinarama, convertido en un sugerente swing tanguero al m\u00e1s puro estilo cabaretero, o algunos temas menos conocidos y mucho m\u00e1s jazzeros, como &#8216;La salida no es por ah\u00ed&#8217; de Michel Camilo, que, seg\u00fan nos cont\u00f3 Ana Bel\u00e9n, tuvo arreglos y letras de V\u00edctor Manuel para los t\u00edtulos de cr\u00e9dito de la pel\u00edcula &#8216;Se infiel y no mires con qui\u00e9n&#8217;, aunque finalmente no se utilizara en el film.<\/p>\n<p>Para no olvidar el car\u00e1cter cr\u00edtico de esta cr\u00f3nica, quiero se\u00f1alar que la<strong> ecualizaci\u00f3n de la banda ten\u00eda una presencia excesiva, que dejaba en ocasiones la voz de la cantante con menos protagonismo del deseado<\/strong>. Adem\u00e1s, los juegos de modulaciones electr\u00f3nicas desde la mesa de sonido transformaban a veces la voz de un modo que se aleja mucho de lo que estamos acostumbrados a escuchar en una cantante con la potencia vocal de Ana Bel\u00e9n, que no necesita para nada semejantes filtros. Lo s\u00e9, se trataba de juegos instrumentales, no lo dudo, pero ech\u00e9 en falta poder disfrutar de la voz desnuda de Ana Bel\u00e9n, ya que incluso en los temas con menos acompa\u00f1amiento, su voz estaba bastante ecualizada.<\/p>\n<p>Dicho esto, la entrega y el talento de Ana Bel\u00e9n nos ha regalado un <strong>conciertazo inolvidable que ha supuesto un perfecto broche de oro para esta quinta edici\u00f3n<\/strong> del 1001 M\u00fasicas-Caixabank. Deseando conocer ya el cartel del pr\u00f3ximo a\u00f1o, que seguro estar\u00e1 a la altura a la que nos tienen acostumbrados estas pasadas ediciones.<\/p>\n<section>\n<div class=\"container\">\n<div class=\"row publi-border\">\n<div class=\"col-md-12 publicidad-item\">\n<div id=\"single-2\" class=\"publi-content\">\n<div class=\"code-block code-block-center code-block-34\"><a class=\"autor_entry_name\" title=\"Entradas de Fran Arr\u00e1ez\" href=\"https:\/\/www.granadadigital.es\/columnista\/fran-arraez\/\" rel=\"author\">Fran Arr\u00e1ez <\/a><\/div>\n<\/div>\n<div>FOTO: Ana Bel\u00e9n en su concierto para cerrar la quinta edici\u00f3n del 1001 M\u00fasicas-CaixaBank Foto: Gabinete\u00a0<\/div>\n<div>https:\/\/www.granadadigital.es\/ana-belen-1001-musicas-caixabank-granada\/<\/div>\n<\/div>\n<\/div>\n<\/div>\n<\/section>\n","protected":false},"excerpt":{"rendered":"<p>La cantante convierte el Palacio de Congresos en una fiesta en la clausura del 1001&#8230;<\/p>\n","protected":false},"author":1,"featured_media":79113,"comment_status":"closed","ping_status":"closed","sticky":false,"template":"","format":"standard","meta":{"_coblocks_attr":"","_coblocks_dimensions":"","_coblocks_responsive_height":"","_coblocks_accordion_ie_support":"","jetpack_post_was_ever_published":false,"_jetpack_newsletter_access":"","_jetpack_dont_email_post_to_subs":false,"_jetpack_newsletter_tier_id":0,"_jetpack_memberships_contains_paywalled_content":false,"_jetpack_memberships_contains_paid_content":false,"footnotes":"","jetpack_publicize_message":"","jetpack_publicize_feature_enabled":true,"jetpack_social_post_already_shared":false,"jetpack_social_options":{"image_generator_settings":{"template":"highway","default_image_id":0,"enabled":false},"version":2}},"categories":[1161,44,6937],"tags":[],"class_list":["post-79112","post","type-post","status-publish","format-standard","has-post-thumbnail","hentry","category-ciudadania","category-noticias-de-hoy","category-sociedad"],"jetpack_publicize_connections":[],"jetpack_featured_media_url":"https:\/\/i0.wp.com\/miradordeatarfe.es\/wp-content\/uploads\/2025\/09\/WhatsApp-Image-2025-09-27-at-08.50.44-1010x673-1.webp?fit=1010%2C673&ssl=1","jetpack_likes_enabled":true,"jetpack_sharing_enabled":true,"_links":{"self":[{"href":"https:\/\/miradordeatarfe.es\/index.php?rest_route=\/wp\/v2\/posts\/79112","targetHints":{"allow":["GET"]}}],"collection":[{"href":"https:\/\/miradordeatarfe.es\/index.php?rest_route=\/wp\/v2\/posts"}],"about":[{"href":"https:\/\/miradordeatarfe.es\/index.php?rest_route=\/wp\/v2\/types\/post"}],"author":[{"embeddable":true,"href":"https:\/\/miradordeatarfe.es\/index.php?rest_route=\/wp\/v2\/users\/1"}],"replies":[{"embeddable":true,"href":"https:\/\/miradordeatarfe.es\/index.php?rest_route=%2Fwp%2Fv2%2Fcomments&post=79112"}],"version-history":[{"count":1,"href":"https:\/\/miradordeatarfe.es\/index.php?rest_route=\/wp\/v2\/posts\/79112\/revisions"}],"predecessor-version":[{"id":79114,"href":"https:\/\/miradordeatarfe.es\/index.php?rest_route=\/wp\/v2\/posts\/79112\/revisions\/79114"}],"wp:featuredmedia":[{"embeddable":true,"href":"https:\/\/miradordeatarfe.es\/index.php?rest_route=\/wp\/v2\/media\/79113"}],"wp:attachment":[{"href":"https:\/\/miradordeatarfe.es\/index.php?rest_route=%2Fwp%2Fv2%2Fmedia&parent=79112"}],"wp:term":[{"taxonomy":"category","embeddable":true,"href":"https:\/\/miradordeatarfe.es\/index.php?rest_route=%2Fwp%2Fv2%2Fcategories&post=79112"},{"taxonomy":"post_tag","embeddable":true,"href":"https:\/\/miradordeatarfe.es\/index.php?rest_route=%2Fwp%2Fv2%2Ftags&post=79112"}],"curies":[{"name":"wp","href":"https:\/\/api.w.org\/{rel}","templated":true}]}}