{"id":79115,"date":"2025-09-29T13:41:51","date_gmt":"2025-09-29T11:41:51","guid":{"rendered":"https:\/\/miradordeatarfe.es\/?p=79115"},"modified":"2025-09-29T13:41:51","modified_gmt":"2025-09-29T11:41:51","slug":"hoy-en-el-centro-cultural-la-maleta-sonora-de-federico-garcia-lorca","status":"publish","type":"post","link":"https:\/\/miradordeatarfe.es\/?p=79115","title":{"rendered":"HOY EN EL CENTRO CULTURAL : \u00abLA MALETA SONORA DE FEDERICO GARC\u00cdA LORCA\u00bb"},"content":{"rendered":"<h3 style=\"text-align: justify;\">Dentro del Programa 2901 de Concertaci\u00f3n de la Diputaci\u00f3n de Granada, en colaboraci\u00f3n con el Patronato Federico Garc\u00eda Lorca de Fuente Vaqueros, disfrutaremos de esta propuesta \u00fanica que acerca la obra y el universo lorquiano a trav\u00e9s de la m\u00fasica y la palabra<\/h3>\n<p style=\"text-align: justify;\">La maleta que acompa\u00f1a a Federico en los viajes que conformar\u00e1n su trayecto vital y un cuaderno de viaje en el que Federico anota la m\u00fasica y las canciones que va escuchando en su periplo. Esa maleta es el propio coraz\u00f3n de un ni\u00f1o que escucha cantar a las criadas en los hogares de su familia en la Vega de Granada. Es el de un joven que su deseo en la vida es ser m\u00fasico y que descubre la m\u00fasica tradicional de otras regiones de Espa\u00f1a en sus primeros viajes de estudios.<\/p>\n<p style=\"text-align: justify;\">Es la que le acompa\u00f1a junto a Manuel de Falla a escuchar los cantos y las m\u00fasicas de la Alpujarra. Esa maleta va con \u00e9l y cruza el Atl\u00e1ntico y el poeta la llena de las m\u00fasicas de un Jazz que camina sus primeros pasos. La misma en la que mete los caribe\u00f1os sones de Cuba, la que carga en La Bella Aurelia, una de las camionetas de La Barraca y con la que atraviesa media Espa\u00f1a.<\/p>\n<p style=\"text-align: justify;\">En esta maleta est\u00e1n tambi\u00e9n los cancioneros y recopilaciones de folclore que consulta para musicalizar su obra. En esta maleta sonora est\u00e1n la canciones que, seg\u00fan sus amigos y<br \/>\ncoet\u00e1neos, a Federico Garc\u00eda Lorca le gustaba cantar y que sin embargo no dej\u00f3 registradas con su piano y con la voz de la Argentinita en su disco \u201cCanciones populares espa\u00f1olas\u201d.<\/p>\n<p style=\"text-align: justify;\">Con los muchos instrumentos tradicionales que guarda la maleta sonora tocaremos y cantaremos el repertorio popular que Federico sol\u00eda cantar no solo en lengua espa\u00f1ola, sino tambi\u00e9n sabemos que lo hac\u00eda en gallego o catal\u00e1n.<\/p>\n<p style=\"text-align: justify;\">Adem\u00e1s aprenderemos sobre el folclore y de la m\u00fasica de otros lugares tan lejanos como Argentina o Cuba. Abramos pues su maleta y cantemos con \u00e9l \u00a1Con Lorca quiero cantar!<\/p>\n<p style=\"text-align: justify;\">Un viaje musical de la mano de Federico, cantado y tocado por Manuel M. Mateo.<\/p>\n<p style=\"text-align: justify;\"><strong>&#x1f4c5; \u00a1HOY! Lunes, 29 de septiembre 2025<\/strong><br \/>\n<strong>&#x1f556; 19:00 h<\/strong><br \/>\n<strong>&#x1f4cd; Centro Cultural Medina Elvira<\/strong><br \/>\n<strong>&#x1f39f; Entrada libre hasta completar aforo<\/strong><\/p>\n<p style=\"text-align: justify;\">\u00a0Abramos su maleta y cantemos con \u00e9l\u2026 \u00a1Con Lorca quiero cantar!<\/p>\n<p><iframe loading=\"lazy\" title=\"\ud83c\udfb6 ESTA TARDE NO TE PUEDES PERDER &quot;LA MALETA SONORA DE FEDERICO GARC\u00cdA LORCA&quot; \ud83c\udfb6\" width=\"540\" height=\"960\" src=\"https:\/\/www.youtube.com\/embed\/839ZuiCAzSc?feature=oembed\" frameborder=\"0\" allow=\"accelerometer; autoplay; clipboard-write; encrypted-media; gyroscope; picture-in-picture; web-share\" referrerpolicy=\"strict-origin-when-cross-origin\" allowfullscreen><\/iframe><\/p>\n","protected":false},"excerpt":{"rendered":"<p>Dentro del Programa 2901 de Concertaci\u00f3n de la Diputaci\u00f3n de Granada, en colaboraci\u00f3n con el&#8230;<\/p>\n","protected":false},"author":1,"featured_media":79116,"comment_status":"closed","ping_status":"closed","sticky":false,"template":"","format":"standard","meta":{"_coblocks_attr":"","_coblocks_dimensions":"","_coblocks_responsive_height":"","_coblocks_accordion_ie_support":"","jetpack_post_was_ever_published":false,"_jetpack_newsletter_access":"","_jetpack_dont_email_post_to_subs":false,"_jetpack_newsletter_tier_id":0,"_jetpack_memberships_contains_paywalled_content":false,"_jetpack_memberships_contains_paid_content":false,"footnotes":"","jetpack_publicize_message":"","jetpack_publicize_feature_enabled":true,"jetpack_social_post_already_shared":true,"jetpack_social_options":{"image_generator_settings":{"template":"highway","default_image_id":0,"enabled":false},"version":2}},"categories":[12,186,44],"tags":[],"class_list":["post-79115","post","type-post","status-publish","format-standard","has-post-thumbnail","hentry","category-cultura","category-instituciones","category-noticias-de-hoy"],"jetpack_publicize_connections":[],"jetpack_featured_media_url":"https:\/\/i0.wp.com\/miradordeatarfe.es\/wp-content\/uploads\/2025\/09\/LA-MALETA-DE-FEDERICO-01.jpeg?fit=1024%2C682&ssl=1","jetpack_likes_enabled":true,"jetpack_sharing_enabled":true,"_links":{"self":[{"href":"https:\/\/miradordeatarfe.es\/index.php?rest_route=\/wp\/v2\/posts\/79115","targetHints":{"allow":["GET"]}}],"collection":[{"href":"https:\/\/miradordeatarfe.es\/index.php?rest_route=\/wp\/v2\/posts"}],"about":[{"href":"https:\/\/miradordeatarfe.es\/index.php?rest_route=\/wp\/v2\/types\/post"}],"author":[{"embeddable":true,"href":"https:\/\/miradordeatarfe.es\/index.php?rest_route=\/wp\/v2\/users\/1"}],"replies":[{"embeddable":true,"href":"https:\/\/miradordeatarfe.es\/index.php?rest_route=%2Fwp%2Fv2%2Fcomments&post=79115"}],"version-history":[{"count":1,"href":"https:\/\/miradordeatarfe.es\/index.php?rest_route=\/wp\/v2\/posts\/79115\/revisions"}],"predecessor-version":[{"id":79117,"href":"https:\/\/miradordeatarfe.es\/index.php?rest_route=\/wp\/v2\/posts\/79115\/revisions\/79117"}],"wp:featuredmedia":[{"embeddable":true,"href":"https:\/\/miradordeatarfe.es\/index.php?rest_route=\/wp\/v2\/media\/79116"}],"wp:attachment":[{"href":"https:\/\/miradordeatarfe.es\/index.php?rest_route=%2Fwp%2Fv2%2Fmedia&parent=79115"}],"wp:term":[{"taxonomy":"category","embeddable":true,"href":"https:\/\/miradordeatarfe.es\/index.php?rest_route=%2Fwp%2Fv2%2Fcategories&post=79115"},{"taxonomy":"post_tag","embeddable":true,"href":"https:\/\/miradordeatarfe.es\/index.php?rest_route=%2Fwp%2Fv2%2Ftags&post=79115"}],"curies":[{"name":"wp","href":"https:\/\/api.w.org\/{rel}","templated":true}]}}