{"id":79118,"date":"2025-10-04T08:25:45","date_gmt":"2025-10-04T06:25:45","guid":{"rendered":"https:\/\/miradordeatarfe.es\/?p=79118"},"modified":"2025-10-01T09:43:26","modified_gmt":"2025-10-01T07:43:26","slug":"los-mayores-niegan-el-conflicto-generacional-con-los-jovenes-por-las-pensiones","status":"publish","type":"post","link":"https:\/\/miradordeatarfe.es\/?p=79118","title":{"rendered":"\u00abLos mayores niegan el conflicto generacional con los j\u00f3venes por las pensiones \u00ab"},"content":{"rendered":"<div class=\"row row-central\">\n<div class=\"col-xs-4 col-sm-4 col-md-4 col-lg-4\">\n<div class=\"csl-inner csl-hot\">\n<div class=\"article-top open \">\n<div class=\"element element--text\">\n<h2 class=\"subtitle\" style=\"text-align: justify;\">Desde hace tiempo se intenta enfrentar a jubilados y j\u00f3venes por la sostenibilidad de las pensiones<\/h2>\n<\/div>\n<\/div>\n<\/div>\n<\/div>\n<\/div>\n<div class=\"body-article\">\n<p style=\"text-align: justify;\">El debate sobre la sostenibilidad de las pensiones lleva tiempo sobre la mesa y con \u00e9l <strong>son varias las voces que desde hace tiempo alegan que existe un presunto conflicto generacional entre j\u00f3venes y mayores<\/strong>. Las advertencias van\u00a0desde\u00a0plantear\u00a0que los derechos de una generaci\u00f3n se oponen a los de la otra, que no habr\u00e1 dinero para pagar las pensiones del futuro\u00a0por la masiva\u00a0jubilaci\u00f3n\u00a0de la generaci\u00f3n del\u00a0<em>baby boom<\/em>, a\u00a0recientes estudios que comparan\u00a0las \u00abelevadas\u00bb pensiones de los nuevos jubilados, frente a los bajos sueldos de muchos j\u00f3venes. Un debate, que muchos califican de \u00abfalso\u00bb y\u00a0\u00abartificial\u00bb, que est\u00e1 generando mucha pol\u00e9mica.<\/p>\n<p style=\"text-align: justify;\">Entre ellos, son\u00a0muchos los mayores y pensionistas indignados ante este tipo de ret\u00f3rica, que muchos tildan de \u00abinteresada\u00bb y tal como explican a 65YM\u00c1S, defienden que es necesario desmontar varias de las hip\u00f3tesis del presunto conflicto intergeneracional. \u00abNo solo no nos enfrentamos a los j\u00f3venes, si no que queremos que sus\u00a0salarios\u00a0mejoren\u00a0y<strong> hemos sido<\/strong>\u00a0<strong>los primeros que hemos ayudado a nuestros hijos y nietos en tiempos de crisis con nuestras pensiones, que son nuestro derecho<\/strong>\u00ab, reivindica <strong>Inmaculada Ru\u00edz<\/strong>\u00a0presidenta de la Uni\u00f3n Democr\u00e1tica de Pensionistas y Jubilados (<a title=\"@MayoresUDP\" href=\"https:\/\/twitter.com\/MayoresUDP\" target=\"_blank\" rel=\"nofollow noopener\" data-external=\"1\">@MayoresUDP<\/a>) en declaraciones a 65YM\u00c1S.<\/p>\n<p style=\"text-align: justify;\">La propia ministra de Seguridad Social, <a title=\"El Gobierno desmiente el conflicto intergeneracional: asegura que los j\u00f3venes cobrar\u00e1n una pensi\u00f3n\" href=\"https:\/\/www.65ymas.com\/economia\/pensiones\/gobierno-desmiente-conflicto-intergeneracional-asegura-jovenes-cobraran-pension_74897_102.html\" target=\"_self\" rel=\"follow\" data-external=\"0\" data-intl-links-es=\"https:\/\/www.65ymas.com\/economia\/pensiones\/gobierno-desmiente-conflicto-intergeneracional-asegura-jovenes-cobraran-pension_74897_102.html\">Elma Saiz, ha salido a despejar\u00a0dudas sobre el tema este mismo jueves<\/a>. <strong>\u00abLa caja de pensiones no se ha roto\u00bb y la \u00abrevalorizaci\u00f3n est\u00e1 garantizada\u00bb,<\/strong>\u00a0ha dicho\u00a0la ministra, a la vez que ha asegurado que estos mensajes \u00abrecurrentes\u00bb en relaci\u00f3n a las pensiones o la inmigraci\u00f3n responden a\u00a0<strong>una oposici\u00f3n que es un &#8216;no&#8217; a todo. Tambi\u00e9n un mensaje para los j\u00f3venes.\u00a0\u00abEllos\u00a0tambi\u00e9n cobrar\u00e1n una pensi\u00f3n en el momento de su jubilaci\u00f3n\u00bb<\/strong>, ha declarado la ministra en\u00a0una entrevista en RNE, pero apunta a que hay inter\u00e9s\u00a0en \u00abno solo\u00a0enfrentar territorios, sino tambi\u00e9n generaciones\u00bb, ha se\u00f1alado, en referencia a mensajes pol\u00edticos en esta l\u00ednea.<\/p>\n<p style=\"text-align: justify;\">\u00a0<\/p>\n<div class=\"twitter-tweet twitter-tweet-rendered\" style=\"text-align: justify;\"><iframe id=\"twitter-widget-0\" class=\"\" title=\"X Post\" src=\"https:\/\/platform.twitter.com\/embed\/Tweet.html?dnt=false&amp;embedId=twitter-widget-0&amp;features=eyJ0ZndfdGltZWxpbmVfbGlzdCI6eyJidWNrZXQiOltdLCJ2ZXJzaW9uIjpudWxsfSwidGZ3X2ZvbGxvd2VyX2NvdW50X3N1bnNldCI6eyJidWNrZXQiOnRydWUsInZlcnNpb24iOm51bGx9LCJ0ZndfdHdlZXRfZWRpdF9iYWNrZW5kIjp7ImJ1Y2tldCI6Im9uIiwidmVyc2lvbiI6bnVsbH0sInRmd19yZWZzcmNfc2Vzc2lvbiI6eyJidWNrZXQiOiJvbiIsInZlcnNpb24iOm51bGx9LCJ0ZndfZm9zbnJfc29mdF9pbnRlcnZlbnRpb25zX2VuYWJsZWQiOnsiYnVja2V0Ijoib24iLCJ2ZXJzaW9uIjpudWxsfSwidGZ3X21peGVkX21lZGlhXzE1ODk3Ijp7ImJ1Y2tldCI6InRyZWF0bWVudCIsInZlcnNpb24iOm51bGx9LCJ0ZndfZXhwZXJpbWVudHNfY29va2llX2V4cGlyYXRpb24iOnsiYnVja2V0IjoxMjA5NjAwLCJ2ZXJzaW9uIjpudWxsfSwidGZ3X3Nob3dfYmlyZHdhdGNoX3Bpdm90c19lbmFibGVkIjp7ImJ1Y2tldCI6Im9uIiwidmVyc2lvbiI6bnVsbH0sInRmd19kdXBsaWNhdGVfc2NyaWJlc190b19zZXR0aW5ncyI6eyJidWNrZXQiOiJvbiIsInZlcnNpb24iOm51bGx9LCJ0ZndfdXNlX3Byb2ZpbGVfaW1hZ2Vfc2hhcGVfZW5hYmxlZCI6eyJidWNrZXQiOiJvbiIsInZlcnNpb24iOm51bGx9LCJ0ZndfdmlkZW9faGxzX2R5bmFtaWNfbWFuaWZlc3RzXzE1MDgyIjp7ImJ1Y2tldCI6InRydWVfYml0cmF0ZSIsInZlcnNpb24iOm51bGx9LCJ0ZndfbGVnYWN5X3RpbWVsaW5lX3N1bnNldCI6eyJidWNrZXQiOnRydWUsInZlcnNpb24iOm51bGx9LCJ0ZndfdHdlZXRfZWRpdF9mcm9udGVuZCI6eyJidWNrZXQiOiJvbiIsInZlcnNpb24iOm51bGx9fQ%3D%3D&amp;frame=false&amp;hideCard=false&amp;hideThread=false&amp;id=1968600186139111868&amp;lang=es&amp;origin=https%3A%2F%2Fwww.65ymas.com%2Feconomia%2Fpensiones%2Fmayores-rechazan-conflicto-generacional-por-pensiones-no-nos-enfrentaran_74892_102.html&amp;sessionId=cbb224cd2c2c76066e753764484c5e75c86b5994&amp;theme=light&amp;widgetsVersion=2615f7e52b7e0%3A1702314776716&amp;width=550px\" frameborder=\"0\" scrolling=\"no\" allowfullscreen=\"allowfullscreen\" data-tweet-id=\"1968600186139111868\" data-mce-fragment=\"1\"><\/iframe><\/div>\n<h3 style=\"text-align: justify;\">\u00bfIntereses ocultos?<\/h3>\n<p style=\"text-align: justify;\">Sobre los intentos de crear un conflicto generacional por las pensiones, los mayores consultados por 65YM\u00c1S consideran\u00a0que se trata de una <strong>narrativa\u00a0\u00abficticia\u00bb e\u00a0\u00abinteresada<\/strong>\u00ab<strong>\u00a0que desv\u00eda la atenci\u00f3n de los verdaderos problemas y busca erosionar el sistema p\u00fablico de pensiones<\/strong>.\u00a0\u00abEsto es un tema recurrente. Llevamos una temporada que peri\u00f3dicamente sacan este tema&#8230;\u00bb, se\u00f1ala Jos\u00e9 Luis, presidente de la Confederaci\u00f3n Espa\u00f1ola de Organizaciones de Mayores <a href=\"https:\/\/x.com\/CEOMA_ong?ref_src=twsrc%5Egoogle%7Ctwcamp%5Eserp%7Ctwgr%5Eauthor\">CEOMA (@CEOMA_ong)<\/a>, quien muestra un\u00a0sentimiento de hartazgo ante un debate que considera \u00abartificial y sesgado\u00bb,\u00a0que obedece a intereses privatizadores <strong>\u00abpara que los j\u00f3venes vayan a\u00a0buscarse planes complementarios de pensiones\u00bb.<\/strong><\/p>\n<p style=\"text-align: justify;\">Para el presidente de la asociaci\u00f3n de mayores, la comparaci\u00f3n entre salarios de j\u00f3venes y pensiones\u00a0\u00abno tiene ning\u00fan sentido\u00bb ya que enfrentan dos realidades incomparables: \u00abla de un pensionista que ha cotizado 40 a\u00f1os y la de un joven en un mercado laboral precario\u00bb. Adem\u00e1s, destaca que frente a la imagen de que los mayores son un colectivo privilegiado, \u00ab<strong><a title=\"Al l\u00edmite: casi 5 millones de pensionistas cobran menos del salario m\u00ednimo interprofesional\" href=\"https:\/\/www.65ymas.com\/economia\/pensiones\/casi-5-millones-pensionistas-cobran-menos-salario-minimo-interprofesional_70117_102.html\" target=\"_self\" rel=\"follow\" data-external=\"0\" data-intl-links-es=\"https:\/\/www.65ymas.com\/economia\/pensiones\/casi-5-millones-pensionistas-cobran-menos-salario-minimo-interprofesional_70117_102.html\">en Espa\u00f1a m\u00e1s de la mitad de los pensionistas est\u00e1n por debajo del Salario M\u00ednimo Interprofesional<\/a>\u00a0\u20131.184 euros brutos mensuales\u2013, sobre todo las de las mujeres\u00bb<\/strong> y que\u00a0los pensionistas con prestaciones m\u00e1s altas contribuyen significativamente a las arcas del Estado a trav\u00e9s de sus impuestos.<\/p>\n<p style=\"text-align: justify;\">Mientras, el\u00a0presidente de la <a title=\"La PMP ayudar\u00e1 a desarrollar la nueva estrategia nacional contra la despoblaci\u00f3n\" href=\"https:\/\/www.65ymas.com\/sociedad\/asociaciones-de-mayores\/pmp-ayudara-desarrollar-nueva-estrategia-nacional-contra-despoblacion_72550_102.html\" target=\"_self\" rel=\"follow\" data-external=\"0\" data-intl-links-es=\"https:\/\/www.65ymas.com\/sociedad\/asociaciones-de-mayores\/pmp-ayudara-desarrollar-nueva-estrategia-nacional-contra-despoblacion_72550_102.html\">Plataforma de Mayores y Pensionistas<\/a>\u00a0(<a title=\"La PMP ayudar\u00e1 a desarrollar la nueva estrategia nacional contra la despoblaci\u00f3n\" href=\"https:\/\/www.65ymas.com\/sociedad\/asociaciones-de-mayores\/pmp-ayudara-desarrollar-nueva-estrategia-nacional-contra-despoblacion_72550_102.html\" target=\"_self\" rel=\"follow\" data-external=\"0\" data-intl-links-es=\"https:\/\/www.65ymas.com\/sociedad\/asociaciones-de-mayores\/pmp-ayudara-desarrollar-nueva-estrategia-nacional-contra-despoblacion_72550_102.html\">PMP<\/a>), Jes\u00fas Norberto Fern\u00e1ndez Mu\u00f1oz, se\u00f1ala que es necesario \u00abdefender a ultranza la\u00a0sostenibilidad del sistema p\u00fablico de pensiones\u00bb y el concepto de \u00absolidaridad intergeneracional\u00bb\u00a0y ha negado que exista una lucha entre j\u00f3venes y mayores. <strong>\u00abNadie est\u00e1 luchando. Son nuestros hijos y nuestros nietos\u00a0<\/strong>y queremos que prosperen y tengan unos salarios mejores, igual que ellos que nosotros tengamos condiciones de vida\u00a0dignas&#8230;\u00bb, plantea.<\/p>\n<p class=\"title\"><a class=\"author\" title=\"Marta Jurado\" href=\"https:\/\/www.65ymas.com\/marta-jurado_15_115.html\">Marta Jurado <\/a><\/p>\n<p class=\"photo\">Foto: Europa Press<\/p>\n<p>https:\/\/www.65ymas.com\/economia\/pensiones\/mayores-rechazan-conflicto-generacional-por-pensiones-no-nos-enfrentaran_74892_102.html<\/p>\n<\/div>\n","protected":false},"excerpt":{"rendered":"<p>Desde hace tiempo se intenta enfrentar a jubilados y j\u00f3venes por la sostenibilidad de las&#8230;<\/p>\n","protected":false},"author":1,"featured_media":79119,"comment_status":"closed","ping_status":"closed","sticky":false,"template":"","format":"standard","meta":{"_coblocks_attr":"","_coblocks_dimensions":"","_coblocks_responsive_height":"","_coblocks_accordion_ie_support":"","jetpack_post_was_ever_published":false,"_jetpack_newsletter_access":"","_jetpack_dont_email_post_to_subs":false,"_jetpack_newsletter_tier_id":0,"_jetpack_memberships_contains_paywalled_content":false,"_jetpack_memberships_contains_paid_content":false,"footnotes":"","jetpack_publicize_message":"","jetpack_publicize_feature_enabled":true,"jetpack_social_post_already_shared":true,"jetpack_social_options":{"image_generator_settings":{"template":"highway","default_image_id":0,"enabled":false},"version":2}},"categories":[1161,44,6937],"tags":[],"class_list":["post-79118","post","type-post","status-publish","format-standard","has-post-thumbnail","hentry","category-ciudadania","category-noticias-de-hoy","category-sociedad"],"jetpack_publicize_connections":[],"jetpack_featured_media_url":"https:\/\/i0.wp.com\/miradordeatarfe.es\/wp-content\/uploads\/2025\/09\/europapress-4747753-miles-personas-pancartas-marchan-manifestacion-defensa-pensiones-publicas_1_621x621.jpeg?fit=621%2C621&ssl=1","jetpack_likes_enabled":true,"jetpack_sharing_enabled":true,"_links":{"self":[{"href":"https:\/\/miradordeatarfe.es\/index.php?rest_route=\/wp\/v2\/posts\/79118","targetHints":{"allow":["GET"]}}],"collection":[{"href":"https:\/\/miradordeatarfe.es\/index.php?rest_route=\/wp\/v2\/posts"}],"about":[{"href":"https:\/\/miradordeatarfe.es\/index.php?rest_route=\/wp\/v2\/types\/post"}],"author":[{"embeddable":true,"href":"https:\/\/miradordeatarfe.es\/index.php?rest_route=\/wp\/v2\/users\/1"}],"replies":[{"embeddable":true,"href":"https:\/\/miradordeatarfe.es\/index.php?rest_route=%2Fwp%2Fv2%2Fcomments&post=79118"}],"version-history":[{"count":1,"href":"https:\/\/miradordeatarfe.es\/index.php?rest_route=\/wp\/v2\/posts\/79118\/revisions"}],"predecessor-version":[{"id":79120,"href":"https:\/\/miradordeatarfe.es\/index.php?rest_route=\/wp\/v2\/posts\/79118\/revisions\/79120"}],"wp:featuredmedia":[{"embeddable":true,"href":"https:\/\/miradordeatarfe.es\/index.php?rest_route=\/wp\/v2\/media\/79119"}],"wp:attachment":[{"href":"https:\/\/miradordeatarfe.es\/index.php?rest_route=%2Fwp%2Fv2%2Fmedia&parent=79118"}],"wp:term":[{"taxonomy":"category","embeddable":true,"href":"https:\/\/miradordeatarfe.es\/index.php?rest_route=%2Fwp%2Fv2%2Fcategories&post=79118"},{"taxonomy":"post_tag","embeddable":true,"href":"https:\/\/miradordeatarfe.es\/index.php?rest_route=%2Fwp%2Fv2%2Ftags&post=79118"}],"curies":[{"name":"wp","href":"https:\/\/api.w.org\/{rel}","templated":true}]}}