{"id":79121,"date":"2025-09-30T10:30:19","date_gmt":"2025-09-30T08:30:19","guid":{"rendered":"https:\/\/miradordeatarfe.es\/?p=79121"},"modified":"2025-09-30T09:39:41","modified_gmt":"2025-09-30T07:39:41","slug":"agresion-multiple-en-un-partido-de-juveniles-entre-huetor-tajar-y-atarfe","status":"publish","type":"post","link":"https:\/\/miradordeatarfe.es\/?p=79121","title":{"rendered":"Agresi\u00f3n m\u00faltiple en un partido de juveniles entre Hu\u00e9tor T\u00e1jar y Atarfe"},"content":{"rendered":"<h3 class=\"v-a-sub-t \" style=\"text-align: justify;\">Ambos clubes condenan los hechos, que surgieron a ra\u00edz de una dura entrada en el \u00faltimo minuto. \u00abMe planteo dejarlo, fue vergonzoso\u00bb expreso Alberto Chica entrenador del Atarfe Industrial.<\/h3>\n<p class=\"v-p\" style=\"text-align: justify;\">El partido entre los equipos juveniles del Hu\u00e9tor T\u00e1jar y del Atarfe Industrial del pasado s\u00e1bado acab\u00f3 en agresi\u00f3n m\u00faltiple y tangana tras una dura <span class=\"paywall pw-open\">entrada en el \u00faltimo minuto. Futbolistas de ambos conjuntos, con edades comprendidas entre los 16 y los 18 a\u00f1os, protagonizaron el incidente en un nuevo caso de violencia en el deporte base granadino.<\/span><\/p>\n<div class=\"paywall\" style=\"text-align: justify;\" data-mrf-recirculation=\"Link art\u00edculos\">\n<p class=\"v-p\">\u00abPasado el tiempo reglamentario de los 90 minutos y estando en el \u00faltimo de los cinco de descuento que di, inmediatamente despu\u00e9s de la acci\u00f3n del jugador n\u00famero 11 del Atarfe en la que es expulsado, se produjo la reacci\u00f3n de al menos dos jugadores del Hu\u00e9tor T\u00e1jar, que le recriminaron la acci\u00f3n con empujones. Mi asistente n\u00famero 2 y yo pudimos observar clara e inequ\u00edvocamente c\u00f3mo el dorsal 17 del Atarfe propin\u00f3 hasta tres golpes con su pu\u00f1o derecho al 22 del Hu\u00e9tor T\u00e1jar, lo que provoc\u00f3 que la mayor\u00eda de jugadores y cuerpo t\u00e9cnico se acercasen a la zona\u00bb, recogi\u00f3 el acta del cuerpo arbitral.<\/p>\n<p class=\"v-p\">\u00abSu \u00e1nimo fue de separar la pelea inicial para que no llegara a una batalla campal, consigui\u00e9ndolo\u00bb, prosigui\u00f3, unos hechos que corroboran ambos conjuntos. \u00abTambi\u00e9n saltaron al campo los padres, que estaban en la grada. Intentaron separar a los jugadores, que fueron los que se enzarzaron. No deben hacerlo, pues no les corresponde tal labor y vamos a acabar con los campos precintados como en otros territorios. Es un riesgo, ya que otro progenitor no tiene por qu\u00e9 saber si han saltado para pegarle a su hijo o no y puede masificar la pelea\u00bb, explic\u00f3 Luis Daza, presidente del Hu\u00e9tor T\u00e1jar, a IDEAL.<\/p>\n<p class=\"v-p\">\u00abLos partidos de juveniles suelen ser calientes. Al final, hacen lo que ven a los profesionales por televisi\u00f3n. Mis jugadores le recriminaron la entrada al del Atarfe, que le pis\u00f3 la cabeza a nuestro portero. Lo empujaron, algo que no defiendo, pero que tampoco puedo criticar. Defendieron a su compa\u00f1ero. Si hubiesen protagonizado la agresi\u00f3n, tomar\u00eda cartas en el asunto y los echar\u00eda del club. Hay que erradicar el insulto y la violencia del f\u00fatbol. En otros deportes no ocurre\u00bb, finaliz\u00f3.<\/p>\n<div class=\"v-c-cmp v-n-mrg\">\n<h3 class=\"v-cmp-suh\">\u00abHay que cambiar el arbitraje\u00bb<\/h3>\n<\/div>\n<p class=\"v-p\">Por su parte, Alberto Chica, entrenador del Juvenil del Atarfe Industrial, se mostr\u00f3 arrepentido de lo sucedido. \u00abEl que me conoce lo sabe de sobra. Tengo 50 a\u00f1os y la cosa ha cambiado mucho con respecto a cuando yo jugaba. Lo primero que hago en mis equipos es inculcar respeto por el contrario, el \u00e1rbitro o el p\u00fablico. A mis jugadores los quiero como a mis hijos, pero tras la pelea les dije que hab\u00eda sido una verg\u00fcenza. Esperaremos a la sanci\u00f3n del comit\u00e9, pero tambi\u00e9n valoramos tomar medidas desde el club. No pueden pasar esas situaciones\u00bb, cont\u00f3 a este diario.<\/p>\n<p class=\"v-p\">Tambi\u00e9n pidi\u00f3 efectuar cambios en la manera de aplicar el reglamento. \u00abLo he hablado con \u00e1rbitros y entrenadores. Se pita a chicos como si fuesen profesionales, dejando jugar y permitiendo de m\u00e1s el choque. Eso calienta los partidos. El \u00e1rbitro debe se\u00f1alar m\u00e1s faltas y parar el juego si fuese necesario ante entradas duras o situaciones parecidas. Hasta me planteo dejar de entrenar, lo que pas\u00f3 fue lamentable\u00bb, cerr\u00f3.<\/p>\n<\/div>\n<p style=\"text-align: justify;\"><strong><a href=\"https:\/\/www.ideal.es\/autor\/angel-mengibar-4853.html\" data-mrf-link=\"https:\/\/www.ideal.es\/autor\/angel-mengibar-4853.html\">\u00c1ngel Meng\u00edbar<\/a><\/strong><\/p>\n<p style=\"text-align: justify;\"><span class=\"v-fc__t\">FOTO: Jugadores de Hu\u00e9tor T\u00e1jar y Atarfe Industrial, durante la pelea. <\/span><\/p>\n<p style=\"text-align: justify;\">https:\/\/www.ideal.es\/deportes\/provincial-granada\/agresion-multiple-partido-juveniles-huetor-tajar-atarfe-20250929181347-nt.html#vca=fixed-btn&#038;vso=elideal&#038;vmc=unknow&#038;vli=deportes<\/p>\n<div class=\"v-a v-a--d v-a--d-b v-a--p-b\"><span id=\"photo-zoom-in-mainImage\"><\/span><\/p>\n<div class=\"v-a-info-c \">\u00a0<\/div>\n<\/div>\n<div class=\"v-d v-d--ab-c v-d--b\" data-mrf-recirculation=\"Links articulo\">\n<div class=\"v-mdl-ath \" data-mrf-recirculation=\"Autor\">\n<div class=\"v-mdl-ath__c v-mdl-ath__c--1\">\n<div class=\"v-mdl-ath__inf\">\n<p class=\"v-mdl-ath__p v-mdl-ath__p--2\">\u00a0<\/p>\n<\/div>\n<\/div>\n<\/div>\n<\/div>\n","protected":false},"excerpt":{"rendered":"<p>Ambos clubes condenan los hechos, que surgieron a ra\u00edz de una dura entrada en el&#8230;<\/p>\n","protected":false},"author":1,"featured_media":79123,"comment_status":"closed","ping_status":"closed","sticky":false,"template":"","format":"standard","meta":{"_coblocks_attr":"","_coblocks_dimensions":"","_coblocks_responsive_height":"","_coblocks_accordion_ie_support":"","jetpack_post_was_ever_published":false,"_jetpack_newsletter_access":"","_jetpack_dont_email_post_to_subs":false,"_jetpack_newsletter_tier_id":0,"_jetpack_memberships_contains_paywalled_content":false,"_jetpack_memberships_contains_paid_content":false,"footnotes":"","jetpack_publicize_message":"","jetpack_publicize_feature_enabled":true,"jetpack_social_post_already_shared":true,"jetpack_social_options":{"image_generator_settings":{"template":"highway","default_image_id":0,"enabled":false},"version":2}},"categories":[182,186,44],"tags":[],"class_list":["post-79121","post","type-post","status-publish","format-standard","has-post-thumbnail","hentry","category-deportes","category-instituciones","category-noticias-de-hoy"],"jetpack_publicize_connections":[],"jetpack_featured_media_url":"https:\/\/i0.wp.com\/miradordeatarfe.es\/wp-content\/uploads\/2025\/09\/huetortajar-atarfe-agresion-kT5H-U2303220796160nYE-1200x840%40Ideal.webp?fit=1200%2C840&ssl=1","jetpack_likes_enabled":true,"jetpack_sharing_enabled":true,"_links":{"self":[{"href":"https:\/\/miradordeatarfe.es\/index.php?rest_route=\/wp\/v2\/posts\/79121","targetHints":{"allow":["GET"]}}],"collection":[{"href":"https:\/\/miradordeatarfe.es\/index.php?rest_route=\/wp\/v2\/posts"}],"about":[{"href":"https:\/\/miradordeatarfe.es\/index.php?rest_route=\/wp\/v2\/types\/post"}],"author":[{"embeddable":true,"href":"https:\/\/miradordeatarfe.es\/index.php?rest_route=\/wp\/v2\/users\/1"}],"replies":[{"embeddable":true,"href":"https:\/\/miradordeatarfe.es\/index.php?rest_route=%2Fwp%2Fv2%2Fcomments&post=79121"}],"version-history":[{"count":1,"href":"https:\/\/miradordeatarfe.es\/index.php?rest_route=\/wp\/v2\/posts\/79121\/revisions"}],"predecessor-version":[{"id":79124,"href":"https:\/\/miradordeatarfe.es\/index.php?rest_route=\/wp\/v2\/posts\/79121\/revisions\/79124"}],"wp:featuredmedia":[{"embeddable":true,"href":"https:\/\/miradordeatarfe.es\/index.php?rest_route=\/wp\/v2\/media\/79123"}],"wp:attachment":[{"href":"https:\/\/miradordeatarfe.es\/index.php?rest_route=%2Fwp%2Fv2%2Fmedia&parent=79121"}],"wp:term":[{"taxonomy":"category","embeddable":true,"href":"https:\/\/miradordeatarfe.es\/index.php?rest_route=%2Fwp%2Fv2%2Fcategories&post=79121"},{"taxonomy":"post_tag","embeddable":true,"href":"https:\/\/miradordeatarfe.es\/index.php?rest_route=%2Fwp%2Fv2%2Ftags&post=79121"}],"curies":[{"name":"wp","href":"https:\/\/api.w.org\/{rel}","templated":true}]}}