{"id":79126,"date":"2025-09-30T11:11:01","date_gmt":"2025-09-30T09:11:01","guid":{"rendered":"https:\/\/miradordeatarfe.es\/?p=79126"},"modified":"2025-09-30T09:47:30","modified_gmt":"2025-09-30T07:47:30","slug":"atarfe-vuelve-a-salir-este-martes-30-de-septiembre-para-pedir-el-cese-del-genocidio-en-palestina","status":"publish","type":"post","link":"https:\/\/miradordeatarfe.es\/?p=79126","title":{"rendered":"\u201c ATARFE VUELVE A SALIR ESTE MARTES 30 DE SEPTIEMBRE PARA PEDIR EL CESE DEL GENOCIDIO EN PALESTINA\u201d"},"content":{"rendered":"<h3 style=\"text-align: justify;\">Es la tercera concentraci\u00f3n ya, ser\u00e1 en la Plaza de Juan Carlos del Barrio de Santa Amalia; de esta forma la Plataforma Ciudadana pretende implicar a los principales barrios del municipio en el rechazo al dolor y sufrimiento que el Gobierno de Israel est\u00e1 provocando en el pueblo Palestino.<\/h3>\n<p style=\"text-align: justify;\">La Plataforma Ciudadana \u201cAtarfe con Palestina\u201d se est\u00e1 consolidando como movimiento c\u00edvico en el municipio de forma espont\u00e1nea, aprovechando las redes digitales, el movimiento asociativo, de variadas confesiones religiosas y colaboraciones de distintos partidos que ya aprobaron en Pleno una Moci\u00f3n contra el genocidio.<\/p>\n<p style=\"text-align: justify;\">Las siglas quedan por tanto subordinadas a la primac\u00eda del movimiento c\u00edvico y la causa que les une, tienen la convicci\u00f3n que si crece la presi\u00f3n social esta masacre parar\u00e1.<\/p>\n<p style=\"text-align: justify;\">Se han constituido varios grupos dentro de la Plataforma, desde los responsables de log\u00edstica, redes y difusi\u00f3n, organizaci\u00f3n\u2026es algo intergeneracional, jubilados que ofrecen su<br \/>\ntiempo pero tambi\u00e9n algunos j\u00f3venes que orientan sobre el uso de las nuevas tecnolog\u00edas para complementar una buena organizaci\u00f3n.<\/p>\n<p style=\"text-align: justify;\">Se dise\u00f1an carteles y videos que anuncian el evento en redes, la megafon\u00eda en el coche no se queda atr\u00e1s ( ahora el coche es el\u00e9ctrico). Una \u201c gota de agua\u201d m\u00e1s para el \u201coc\u00e9ano ciudadano\u201d que tiene que vencer a los altos mandatarios del Gobierno de Israel y sus aliados, en favor de una de las partes oprimidas de la Humanidad.<\/p>\n<p style=\"text-align: justify;\"><strong>Este martes 30 de septiembre La Plataforma vuelve a convocar a las 19 h en la Plaza de Juan Carlos del Barrio de Santa Amalia<\/strong>, un barrio de clase trabajadora que fue muy comprometida en los primeros a\u00f1os de la democracia, y de nuevo sale a la calle en esta ocasi\u00f3n por los Derechos Humanos y la dignidad de las personas.<\/p>\n<p><img data-recalc-dims=\"1\" loading=\"lazy\" decoding=\"async\" class=\"alignnone wp-image-79127 size-full\" src=\"https:\/\/i0.wp.com\/miradordeatarfe.es\/wp-content\/uploads\/2025\/09\/3ConcentracionAtarfe23-9-2025.jpg?resize=640%2C424&#038;ssl=1\" alt=\"\" width=\"640\" height=\"424\" srcset=\"https:\/\/i0.wp.com\/miradordeatarfe.es\/wp-content\/uploads\/2025\/09\/3ConcentracionAtarfe23-9-2025.jpg?w=774&amp;ssl=1 774w, https:\/\/i0.wp.com\/miradordeatarfe.es\/wp-content\/uploads\/2025\/09\/3ConcentracionAtarfe23-9-2025.jpg?resize=300%2C199&amp;ssl=1 300w, https:\/\/i0.wp.com\/miradordeatarfe.es\/wp-content\/uploads\/2025\/09\/3ConcentracionAtarfe23-9-2025.jpg?resize=768%2C509&amp;ssl=1 768w\" sizes=\"auto, (max-width: 640px) 100vw, 640px\" \/><\/p>\n","protected":false},"excerpt":{"rendered":"<p>Es la tercera concentraci\u00f3n ya, ser\u00e1 en la Plaza de Juan Carlos del Barrio de&#8230;<\/p>\n","protected":false},"author":1,"featured_media":79128,"comment_status":"closed","ping_status":"closed","sticky":false,"template":"","format":"standard","meta":{"_coblocks_attr":"","_coblocks_dimensions":"","_coblocks_responsive_height":"","_coblocks_accordion_ie_support":"","jetpack_post_was_ever_published":false,"_jetpack_newsletter_access":"","_jetpack_dont_email_post_to_subs":false,"_jetpack_newsletter_tier_id":0,"_jetpack_memberships_contains_paywalled_content":false,"_jetpack_memberships_contains_paid_content":false,"footnotes":"","jetpack_publicize_message":"","jetpack_publicize_feature_enabled":true,"jetpack_social_post_already_shared":true,"jetpack_social_options":{"image_generator_settings":{"template":"highway","default_image_id":0,"enabled":false},"version":2}},"categories":[1161,186,44],"tags":[],"class_list":["post-79126","post","type-post","status-publish","format-standard","has-post-thumbnail","hentry","category-ciudadania","category-instituciones","category-noticias-de-hoy"],"jetpack_publicize_connections":[],"jetpack_featured_media_url":"https:\/\/i0.wp.com\/miradordeatarfe.es\/wp-content\/uploads\/2025\/09\/1ConcentracionAtarfe23-9-2025.jpg?fit=428%2C470&ssl=1","jetpack_likes_enabled":true,"jetpack_sharing_enabled":true,"_links":{"self":[{"href":"https:\/\/miradordeatarfe.es\/index.php?rest_route=\/wp\/v2\/posts\/79126","targetHints":{"allow":["GET"]}}],"collection":[{"href":"https:\/\/miradordeatarfe.es\/index.php?rest_route=\/wp\/v2\/posts"}],"about":[{"href":"https:\/\/miradordeatarfe.es\/index.php?rest_route=\/wp\/v2\/types\/post"}],"author":[{"embeddable":true,"href":"https:\/\/miradordeatarfe.es\/index.php?rest_route=\/wp\/v2\/users\/1"}],"replies":[{"embeddable":true,"href":"https:\/\/miradordeatarfe.es\/index.php?rest_route=%2Fwp%2Fv2%2Fcomments&post=79126"}],"version-history":[{"count":1,"href":"https:\/\/miradordeatarfe.es\/index.php?rest_route=\/wp\/v2\/posts\/79126\/revisions"}],"predecessor-version":[{"id":79129,"href":"https:\/\/miradordeatarfe.es\/index.php?rest_route=\/wp\/v2\/posts\/79126\/revisions\/79129"}],"wp:featuredmedia":[{"embeddable":true,"href":"https:\/\/miradordeatarfe.es\/index.php?rest_route=\/wp\/v2\/media\/79128"}],"wp:attachment":[{"href":"https:\/\/miradordeatarfe.es\/index.php?rest_route=%2Fwp%2Fv2%2Fmedia&parent=79126"}],"wp:term":[{"taxonomy":"category","embeddable":true,"href":"https:\/\/miradordeatarfe.es\/index.php?rest_route=%2Fwp%2Fv2%2Fcategories&post=79126"},{"taxonomy":"post_tag","embeddable":true,"href":"https:\/\/miradordeatarfe.es\/index.php?rest_route=%2Fwp%2Fv2%2Ftags&post=79126"}],"curies":[{"name":"wp","href":"https:\/\/api.w.org\/{rel}","templated":true}]}}