{"id":7913,"date":"2016-04-01T08:00:19","date_gmt":"2016-04-01T08:00:19","guid":{"rendered":"http:\/\/miradordeatarfe.es\/?p=7913"},"modified":"2016-04-01T08:16:41","modified_gmt":"2016-04-01T08:16:41","slug":"guia-para-entender-las-etiquetas-1-como-elegir-el-vino-o-el-aceite-de-oliva","status":"publish","type":"post","link":"https:\/\/miradordeatarfe.es\/?p=7913","title":{"rendered":"Gu\u00eda para entender las etiquetas (1): c\u00f3mo elegir el vino o el aceite de oliva"},"content":{"rendered":"<p class=\"articulo-subtitulo\">El etiquetado de los productos pueden ser un misterio. \u00bfQu\u00e9 diferencia al aceite de oliva virgen extra? \u00bfY a un vino reserva?<!--more--><\/p>\n<div id=\"cuerpo_noticia\" class=\"articulo-cuerpo\">\n<p class=\"sumario__interior\" style=\"text-align: justify;\">El etiquetado de los productos alimentarios, tanto para que la informaci\u00f3n sobre su contenido como su presentaci\u00f3n no supongan un enga\u00f1o a los consumidores, constituye un elemento fundamental a la hora de llenar el carro de la compra. La Confederaci\u00f3n Espa\u00f1ola de Organizaciones de Amas de Casa, con motivo del D\u00eda del Consumidor, public\u00f3 un informe que se\u00f1alaba que el 80% de los consumidores leen siempre o alguna vez las etiquetas antes de adquirir un producto. El 70% se quejaba de que, en muchos casos, son ilegibles o incomprensibles por el tama\u00f1o o la colocaci\u00f3n de los textos.<\/p>\n<p>En el mundo del etiquetado de los productos alimentarios, aceite y vinos merecen una categor\u00eda a parte. Por calidad, variedad y origen, su precio puede variar y mucho. Y es muy importante que el consumidor pueda averiguar con claridad si lo que compra corresponde a su expectativa.,<\/p>\n<p>Por parte del Ministerio de Agricultura, en los \u00faltimos a\u00f1os, se\u00f1ala el director general en funciones de Industrias Alimentarias, Fernando Burgaz, se ha modificado el etiquetado de m\u00e1s de 500 productos alimentarios y est\u00e1 en marcha la revisi\u00f3n de otros 2.000 atendiendo fundamentalmente a la evoluci\u00f3n de los procesos de innovaci\u00f3n, pero tambi\u00e9n con el objetivo de clarificar la informaci\u00f3n para que el consumidor sepa exactamente lo que est\u00e1 adquiriendo, como se hizo con los ib\u00e9ricos para que no se induzca al enga\u00f1o.<\/p>\n<p>Dejando de lado la informaci\u00f3n nutricional, en las categor\u00edas de vinos y aceites, estos son los etiquetados b\u00e1sicos oficiales.<\/p>\n<h3>Los vinos<\/h3>\n<p>En el mundo del vino, el etiquetado y la calidad de los productos comercializados responde fundamentalmente a dos criterios: variedad y origen de la uva, as\u00ed como su grado de envejecimiento.<\/p>\n<section id=\"sumario_2|foto\" class=\"sumario_foto centro\"><a name=\"sumario_2\"><\/a><\/p>\n<div class=\"sumario__interior\">\n<figure class=\"foto foto_w980\"><img data-recalc-dims=\"1\" loading=\"lazy\" decoding=\"async\" title=\"Una botella de vino sin etiquetar en una bodega valenciana\" src=\"https:\/\/i0.wp.com\/ep01.epimg.net\/economia\/imagenes\/2016\/03\/24\/actualidad\/1458819578_035809_1458909608_sumario_normal.jpg?resize=640%2C295\" srcset=\" http:\/\/ep01.epimg.net\/economia\/imagenes\/2016\/03\/24\/actualidad\/1458819578_035809_1458909608_sumario_normal_recorte1.jpg 1960w, http:\/\/ep01.epimg.net\/economia\/imagenes\/2016\/03\/24\/actualidad\/1458819578_035809_1458909608_sumario_normal_recorte2.jpg 720w , http:\/\/ep01.epimg.net\/economia\/imagenes\/2016\/03\/24\/actualidad\/1458819578_035809_1458909608_sumario_normal.jpg 980w\" alt=\"Una botella de vino sin etiquetar en una bodega valenciana\" width=\"640\" height=\"295\" \/><figcaption class=\"foto-pie\">Una botella de vino sin etiquetar en una bodega valenciana <span class=\"foto-firma\"><span class=\"foto-autor\">M\u00f3nica Torres<\/span> <\/span><\/figcaption><\/figure>\n<div class=\"sumario-texto\"><\/div>\n<\/div>\n<\/section>\n<p style=\"text-align: justify;\"><strong>Por el origen<\/strong> de la materia prima, los vinos en la Uni\u00f3n Europea se clasifican seg\u00fan el etiquetado de Vinos de Calidad Producidos en Regiones Determinadas (VCPRD). Bajo este paraguas en Espa\u00f1a se agrupan a su vez dos clasificaciones:<\/p>\n<ul class=\"en_contenido\" style=\"text-align: justify;\">\n<li>Denominaci\u00f3n de Origen Protegida. Su calidad y sus caracter\u00edsticas est\u00e1n vinculadas a su origen geogr\u00e1fico, el 100% de las uvas con las que se producen son de la zona indicada en la denominaci\u00f3n y se elaboran en esa misma zona. Dentro de este apartado, hay a su vez diferentes t\u00edtulos, que se van obteniendo con el paso de los a\u00f1os, la mejora de controles y el prestigio. As\u00ed, se comienza logrando la clasificaci\u00f3n de \u00abVinos de Calidad con Indicaci\u00f3n Geogr\u00e1fica\u00bb. Tras, al menos, cinco a\u00f1os, y si se ha conseguido prestigio en el tr\u00e1fico comercial y se cumplen los requisitos de la administraci\u00f3n, se puede disponer de la\u00a0\u00abDenominaci\u00f3n de Origen\u00bb. En algunos casos las denominaciones pueden imponer formas de elaboraci\u00f3n espec\u00edficas. Y a partir de los 10 a\u00f1os, si se cumplen exigencias m\u00e1s estrictas de control de producci\u00f3n y venta, los vinos pasan a tener \u00abDenominaci\u00f3n de Origen Calificada\u00bb. Al margen de este grupo, existe el subgrupo de \u00abVinos de Pago\u00bb y los \u00abVinos de Pago Calificados\u00bb, que hacen referencia a la producci\u00f3n en parajes o zonas rurales con caracter\u00edsticas que los diferencian de su entorno (microclimas, cultivos singulares..).<\/li>\n<li>Indicaci\u00f3n de Origen Protegida. Los llamados \u00abVino de la Tierra\u00bb. Estos tambi\u00e9n est\u00e1n producidos en determinadas zonas geogr\u00e1ficas con una serie de exigencias, pero menos que en las Denominaciones de Origen. Por ejemplo, una parte de la uva (hasta el 15%) con la que se elabora puede ser de una zona distinta a la que se produce.<\/li>\n<li>Vinos de mesa. La calificaci\u00f3n utilizada para el resto de los vinos sin exigencias en las zonas de producci\u00f3n o elaboraci\u00f3n.<\/li>\n<\/ul>\n<p style=\"text-align: justify;\"><strong>Por su grado de envejecimiento<\/strong>, los vinos se etiquetan fundamentalmente (puede haber algunas diferencias si se trata de blancos o en ciertas denominaciones) como:<\/p>\n<ul class=\"en_contenido\" style=\"text-align: justify;\">\n<li>Joven, del a\u00f1o, generalmente sin ning\u00fan proceso de envejecimiento o mejora en roble. Si el a\u00f1o de la etiqueta dice 2015 es porque se consumir\u00e1 a lo largo de 2016.<\/li>\n<li>Crianza. Para los tintos con un envejecimiento de 24 meses, al menos seis en madera y de 18 meses en los blancos.<\/li>\n<li>Reserva, con un envejecimiento m\u00ednimo de 36 meses de los que 12 deben ser barrica. Para blancos y rosados, periodo m\u00ednimo de 18 meses.<\/li>\n<li>Gran Reserva, con envejecimiento m\u00ednimo de 60 meses de los que 18 deben ser madera para los tintos y de 48 meses para rosados y blancos.<\/li>\n<\/ul>\n<p style=\"text-align: justify;\">Existen vinos con un \u00abenvejecimiento\u00bb barato al margen de estas clasificaciones, introduciendo viruta de roble en los dep\u00f3sitos, algo que que debe ser informado en la etiqueta.<\/p>\n<p style=\"text-align: justify;\"><strong>\u00bfCu\u00e1ntos a\u00f1os aguanta cada vino?<\/strong> Esto no viene indicado en la etiqueta y var\u00eda seg\u00fan los expertos que se consulte. Los vinos j\u00f3venes est\u00e1n pensados para consumir en el a\u00f1o que salen al mercado. Es decir, que si es la cosecha de 2015, lo ideal es consumirlo en 2016 o como m\u00e1ximo, los primeros meses de 2017. En cuanto al resto, depende tambi\u00e9n de la variedad de la uva, la calidad y c\u00f3mo los conserve su due\u00f1o. Pero por regla general, el vino embotellado de Crianza mejora en la botella hasta el tercer a\u00f1o. Luego puede decaer, en especial desde el quinto a\u00f1o hasta el s\u00e9ptimo. El vino de Reserva, mejora en la botellas hasta los cinco a\u00f1os y puede comenzar a decaer desde el s\u00e9ptimo hasta el once. Y el vino de Gran Reserva, si es de buena calidad, mejorar\u00e1 hasta el a\u00f1o siete o diez. Pero puede comenzar a decaer desde el a\u00f1o 17 hasta el 21.<\/p>\n<h3 style=\"text-align: justify;\">Los aceites de oliva<\/h3>\n<p style=\"text-align: justify;\">En el sector del aceite de oliva, <a href=\"http:\/\/economia.elpais.com\/economia\/2015\/11\/01\/actualidad\/1446394085_188826.html\">en funci\u00f3n de la calidad<\/a> hay tres tipos de oferta:<\/p>\n<section id=\"sumario_3|foto\" class=\"sumario_foto izquierda\"><a name=\"sumario_3\"><\/a><\/p>\n<div class=\"sumario__interior\">\n<figure class=\"foto foto_w360\"><img data-recalc-dims=\"1\" loading=\"lazy\" decoding=\"async\" title=\"Botellas con distintos aceites de oliva\" src=\"https:\/\/i0.wp.com\/ep01.epimg.net\/economia\/imagenes\/2016\/03\/24\/actualidad\/1458819578_035809_1458909744_sumario_normal.jpg?resize=360%2C450\" srcset=\" http:\/\/ep01.epimg.net\/economia\/imagenes\/2016\/03\/24\/actualidad\/1458819578_035809_1458909744_sumario_normal_recorte1.jpg 720w , http:\/\/ep01.epimg.net\/economia\/imagenes\/2016\/03\/24\/actualidad\/1458819578_035809_1458909744_sumario_normal.jpg 360w\" alt=\"Botellas con distintos aceites de oliva\" width=\"360\" height=\"450\" \/><figcaption class=\"foto-pie\">Botellas con distintos aceites de oliva<\/figcaption><\/figure>\n<div class=\"sumario-texto\"><\/div>\n<\/div>\n<\/section>\n<ul class=\"en_contenido\">\n<li>Virgen extra: es el zumo de la aceituna, el de m\u00e1xima calidad obtenido exprimiendo la misma por procedimientos mec\u00e1nicos. En este apartado se hallar\u00eda el aceite ecol\u00f3gico. Su acidez no debe superar el 0,8%.<\/li>\n<li>Virgen, extra\u00eddo igualmente por procedimientos mec\u00e1nicos en frio, es el segundo en calidad y su acidez no debe superar el 2%.<\/li>\n<li>Oliva, figura en la etiqueta como \u00abAceite de oliva\u00bb. Es el de calidad inferior, con una acidez superior al 2%. Es la mezcla de aceite de oliva refinado que se obten\u00eda antes por procedimientos qu\u00edmicos y ahora fundamentalmente por presi\u00f3n y calor, mezclado con el porcentaje de aceite de oliva virgen extra que decida el industrial para su mejora.<\/li>\n<li>Orujo de oliva, es el aceite obtenido de la pasta de la aceituna molturada de la que ya se han obtenido los otros. Se refina y se mezcla con un porcentaje de aceite de oliva virgen. Oficialmente, no se puede calificar como aceite de oliva.<\/li>\n<\/ul>\n<p>De acuerdo con las variedades de aceituna de la que se extrae, se hallan los \u00abaceites varietales\u00bb. Los m\u00e1s importantes son:<\/p>\n<ul class=\"en_contenido\">\n<li>Picual, un aceite con un ligero sabor amargo, junto a notas de frutado verde.<\/li>\n<li>Cornicabra, sabor fuerte intenso, con un ligero picor y amargo.<\/li>\n<li>Arbequina, sabor suave a frutas verdes y maduras.<\/li>\n<li>Hojiblanca, notas dulces y afrutadas.<\/li>\n<\/ul>\n<p>El aceite de oliva es posible mezclarlo con diferentes variedades, el <em>coupage<\/em>, sin que haya obligaci\u00f3n de hacer constar los porcentajes en la etiqueta. Esas mezclas, de forma alegal, han dado lugar a aceites etiquetados consentidos con las palabras \u00absuave\u00bb o \u00abintenso\u00bb. No obstante, cuando se mezclan aceites de varios pa\u00edses de la <a href=\"http:\/\/elpais.com\/tag\/ue_union_europea\/a\/\">UE<\/a>, en la etiqueta se debe indicar el nombre de cada pa\u00eds o simplemente se\u00f1alar que se trata de aceite comunitario. Si se mezcla aceite comunitario con otro de fuera de la UE, se debe se\u00f1alar que es aceite comunitario y extracomunitario, sin estar obligados a poner el pa\u00eds de procedencia. No tiene denominaci\u00f3n como \u00abaceite de oliva\u00bb el producto que se comercialice con otros ingredientes como hierbas u otros condimentos.<\/p>\n<p><strong>La conservaci\u00f3n<\/strong> ideal del aceite de oliva es en recipientes de cristal pero lejos de la luz, de ah\u00ed que un aceite que lleve mucho tiempo en los lineales pueda perder sus caracter\u00edsticas.<\/p>\n<p><a href=\"http:\/\/economia.elpais.com\/economia\/2016\/03\/24\/actualidad\/1458819578_035809.html?rel=mas\">http:\/\/economia.elpais.com\/economia\/2016\/03\/24\/actualidad\/1458819578_035809.html?rel=mas<\/a><\/p>\n<\/div>\n","protected":false},"excerpt":{"rendered":"<p>El etiquetado de los productos pueden ser un misterio. \u00bfQu\u00e9 diferencia al aceite de oliva&#8230;<\/p>\n","protected":false},"author":1,"featured_media":7914,"comment_status":"closed","ping_status":"closed","sticky":false,"template":"","format":"standard","meta":{"_coblocks_attr":"","_coblocks_dimensions":"","_coblocks_responsive_height":"","_coblocks_accordion_ie_support":"","jetpack_post_was_ever_published":false,"_jetpack_newsletter_access":"","_jetpack_dont_email_post_to_subs":false,"_jetpack_newsletter_tier_id":0,"_jetpack_memberships_contains_paywalled_content":false,"_jetpack_memberships_contains_paid_content":false,"footnotes":"","jetpack_publicize_message":"","jetpack_publicize_feature_enabled":true,"jetpack_social_post_already_shared":false,"jetpack_social_options":{"image_generator_settings":{"template":"highway","default_image_id":0,"enabled":false},"version":2}},"categories":[44,15],"tags":[2407,2408],"class_list":["post-7913","post","type-post","status-publish","format-standard","has-post-thumbnail","hentry","category-noticias-de-hoy","category-ultimas-noticias","tag-aceites","tag-vinos"],"jetpack_publicize_connections":[],"jetpack_featured_media_url":"https:\/\/i0.wp.com\/miradordeatarfe.es\/wp-content\/uploads\/2016\/03\/1458819578_035809_1458822240_noticia_normal_recorte1.jpg?fit=1960%2C1118&ssl=1","jetpack_likes_enabled":true,"jetpack_sharing_enabled":true,"_links":{"self":[{"href":"https:\/\/miradordeatarfe.es\/index.php?rest_route=\/wp\/v2\/posts\/7913","targetHints":{"allow":["GET"]}}],"collection":[{"href":"https:\/\/miradordeatarfe.es\/index.php?rest_route=\/wp\/v2\/posts"}],"about":[{"href":"https:\/\/miradordeatarfe.es\/index.php?rest_route=\/wp\/v2\/types\/post"}],"author":[{"embeddable":true,"href":"https:\/\/miradordeatarfe.es\/index.php?rest_route=\/wp\/v2\/users\/1"}],"replies":[{"embeddable":true,"href":"https:\/\/miradordeatarfe.es\/index.php?rest_route=%2Fwp%2Fv2%2Fcomments&post=7913"}],"version-history":[{"count":3,"href":"https:\/\/miradordeatarfe.es\/index.php?rest_route=\/wp\/v2\/posts\/7913\/revisions"}],"predecessor-version":[{"id":7917,"href":"https:\/\/miradordeatarfe.es\/index.php?rest_route=\/wp\/v2\/posts\/7913\/revisions\/7917"}],"wp:featuredmedia":[{"embeddable":true,"href":"https:\/\/miradordeatarfe.es\/index.php?rest_route=\/wp\/v2\/media\/7914"}],"wp:attachment":[{"href":"https:\/\/miradordeatarfe.es\/index.php?rest_route=%2Fwp%2Fv2%2Fmedia&parent=7913"}],"wp:term":[{"taxonomy":"category","embeddable":true,"href":"https:\/\/miradordeatarfe.es\/index.php?rest_route=%2Fwp%2Fv2%2Fcategories&post=7913"},{"taxonomy":"post_tag","embeddable":true,"href":"https:\/\/miradordeatarfe.es\/index.php?rest_route=%2Fwp%2Fv2%2Ftags&post=7913"}],"curies":[{"name":"wp","href":"https:\/\/api.w.org\/{rel}","templated":true}]}}