{"id":79139,"date":"2025-10-03T10:22:46","date_gmt":"2025-10-03T08:22:46","guid":{"rendered":"https:\/\/miradordeatarfe.es\/?p=79139"},"modified":"2025-09-30T17:26:02","modified_gmt":"2025-09-30T15:26:02","slug":"estos-son-los-errores-de-medicacion-que-hay-que-evitar-segun-la-oms","status":"publish","type":"post","link":"https:\/\/miradordeatarfe.es\/?p=79139","title":{"rendered":"Estos son los errores de medicaci\u00f3n que hay que evitar seg\u00fan la OMS"},"content":{"rendered":"<div class=\"v-a v-a--d v-a--d-b v-a--p-b\">\n<div class=\"v-a-info-c \">\n<h3 class=\"v-a-sub-t \" style=\"text-align: justify;\">El fallo puede darse desde la prescripci\u00f3n hasta la toma del medicamento<\/h3>\n<\/div>\n<\/div>\n<p class=\"v-p\" style=\"text-align: justify;\">Los errores de medicaci\u00f3n son una de las principales causas de lesiones en los sistemas sanitarios de todo el mundo. El coste asociado a estos fallos se ha estimado en casi 36.000 millones de euros anuales, seg\u00fan la Organizaci\u00f3n Mundial de la Salud (OMS), que insiste en que la gran mayor\u00eda se pueden evitar.<\/p>\n<p class=\"v-p\" style=\"text-align: justify;\">Uno de los grupos que m\u00e1s probabilidades tiene de sufrir da\u00f1os por la medicaci\u00f3n es el de las personas mayores. No obstante, hay otros campos en los que las tasas tambi\u00e9n son altas. La OMS apunta en este sentido a la atenci\u00f3n quir\u00fargica, los cuidados intensivos y la medicina de urgencias, por ejemplo.<\/p>\n<p class=\"v-p\" style=\"text-align: justify;\">\u00abOcurren cuando las deficiencias de los sistemas y\/o los factores humanos, como la fatiga, las malas condiciones ambientales o la escasez de personal, afectan a la prescripci\u00f3n, transcripci\u00f3n, dispensaci\u00f3n, administraci\u00f3n y control, lo que puede provocar da\u00f1os graves, discapacidad e incluso la muerte\u00bb, explica la OMS en su p\u00e1gina web.<\/p>\n<p class=\"v-p\" style=\"text-align: justify;\">As\u00ed es. Los fallos se pueden producir en cualquier momento, desde que el m\u00e9dico prescribe el medicamento hasta que el paciente lo toma. En ese proceso, se incluyen la preparaci\u00f3n, la dispensaci\u00f3n en farmacia, la administraci\u00f3n e incluso el registro del consumo.<\/p>\n<p class=\"v-p\" style=\"text-align: justify;\">La OMS subraya que \u00abla seguridad del paciente es responsabilidad de todos y un compromiso de los profesionales, pero tambi\u00e9n del paciente, su cuidador y entorno\u00bb. En este contexto, explica qu\u00e9 pueden hacer unos y otros para evitar posibles da\u00f1os.<\/p>\n<div class=\"v-c-cmp v-c-cmp--t2\" style=\"text-align: justify;\">\n<div class=\"v-cmp-chp\">\n<header class=\"v-cmp-chp__h\">\n<h3 class=\"v-a-t\">\u00bfQu\u00e9 debe hacer el profesional de la salud?<\/h3>\n<\/header>\n<\/div>\n<\/div>\n<div class=\"v-c-cmp\" style=\"text-align: justify;\">\n<div class=\"v-cmp-u\">\n<div class=\"v-u-c\">\n<h3 class=\"v-u__t\">Confirmar que son correctos:<\/h3>\n<ul class=\"v-u v-u--t4\">\n<li class=\"v-u__l\">\n<p class=\"v-p\">Paciente<\/p>\n<\/li>\n<li class=\"v-u__l\">\n<p class=\"v-p\">Medicamento<\/p>\n<\/li>\n<li class=\"v-u__l\">\n<p class=\"v-p\">Dosis<\/p>\n<\/li>\n<li class=\"v-u__l\">\n<p class=\"v-p\">V\u00eda de administraci\u00f3n<\/p>\n<\/li>\n<li class=\"v-u__l\">\n<p class=\"v-p\">Hora<\/p>\n<\/li>\n<li class=\"v-u__l\">\n<p class=\"v-p\">Informaci\u00f3n dada al paciente<\/p>\n<\/li>\n<li class=\"v-u__l\">\n<p class=\"v-p\">Registro de la toma-administraci\u00f3n<\/p>\n<\/li>\n<\/ul>\n<\/div>\n<\/div>\n<\/div>\n<p class=\"v-p\" style=\"text-align: justify;\">\u00abEl profesional puede adaptar la explicaci\u00f3n y las indicaciones para la toma del medicamento. Acompa\u00f1arlo por escrito tambi\u00e9n es conveniente\u00bb, se\u00f1ala la Organizaci\u00f3n Mundial de la Salud. Hay que dedicarle tiempo al paciente para que entienda la pauta establecida y no se vaya a casa con dudas.<\/p>\n<div class=\"v-c-cmp v-c-cmp--t2\" style=\"text-align: justify;\">\n<div class=\"v-cmp-chp\">\n<header class=\"v-cmp-chp__h\">\n<h3 class=\"v-a-t\">\u00bfQu\u00e9 puedes hacer como paciente\/cuidador?<\/h3>\n<\/header>\n<\/div>\n<\/div>\n<div class=\"v-c-cmp\" style=\"text-align: justify;\">\n<div class=\"v-cmp-u\">\n<div class=\"v-u-c\">\n<h3 class=\"v-u__t\">Prestar atenci\u00f3n y actuar si es necesario:<\/h3>\n<ul class=\"v-u v-u--t4\">\n<li class=\"v-u__l\">\n<p class=\"v-p\">Aseg\u00farate de ser identificado correctamente al recibir la medicaci\u00f3n.<\/p>\n<\/li>\n<li class=\"v-u__l\">\n<p class=\"v-p\">Participa en las decisiones sobre tu tratamiento, sigue las instrucciones recibidas y pregunta cualquier duda a tu profesional sanitario.<\/p>\n<\/li>\n<li class=\"v-u__l\">\n<p class=\"v-p\">Revisa el prospecto que est\u00e1 en la caja, o pide que alguien de confianza lo haga por ti, como el cuidador.<\/p>\n<\/li>\n<li class=\"v-u__l\">\n<p class=\"v-p\">Lleva un control de toda tu medicaci\u00f3n (la que ha sido prescrita y la que hemos adquirido por iniciativa propia). Informa de ello, mostrando las cajas.<\/p>\n<\/li>\n<li class=\"v-u__l\">\n<p class=\"v-p\">En caso de polimedicaci\u00f3n hay mayor riesgo de interacciones y otros problemas. No pretendas sobremedicarte.<\/p>\n<\/li>\n<li class=\"v-u__l\">\n<p class=\"v-p\">Aseg\u00farate de comprender los cambios de medicaci\u00f3n o del fabricante.<\/p>\n<\/li>\n<\/ul>\n<\/div>\n<\/div>\n<\/div>\n<p class=\"v-p\" style=\"text-align: justify;\">La OMS recuerda que el farmac\u00e9utico puede facilitar la medicaci\u00f3n del paciente a trav\u00e9s de un sistema personalizado de dosificaci\u00f3n que \u00abreduce las posibilidades de error de medicaci\u00f3n\u00bb. En caso de sospechar efectos adversos o detectar cualquier fallo de medicaci\u00f3n, debe notificarse lo antes posible al m\u00e9dico, enfermero o farmac\u00e9utico de referencia o a trav\u00e9s del sistema andaluz de farmacovigilancia.<\/p>\n<p><a href=\"https:\/\/www.ideal.es\/autor\/sara-barcena-hernandez-6740.html\" data-mrf-link=\"https:\/\/www.ideal.es\/autor\/sara-barcena-hernandez-6740.html\"><strong>Sara B\u00e1rcena Hern\u00e1ndez<\/strong><\/a><\/p>\n<p>https:\/\/www.ideal.es\/granada\/errores-medicacion-evitar-segun-oms-20250925172131-nt.html#vca=fixed-btn&#038;vso=elideal&#038;vmc=unknow&#038;vli=granada<\/p>\n","protected":false},"excerpt":{"rendered":"<p>El fallo puede darse desde la prescripci\u00f3n hasta la toma del medicamento Los errores de&#8230;<\/p>\n","protected":false},"author":1,"featured_media":79140,"comment_status":"closed","ping_status":"closed","sticky":false,"template":"","format":"standard","meta":{"_coblocks_attr":"","_coblocks_dimensions":"","_coblocks_responsive_height":"","_coblocks_accordion_ie_support":"","jetpack_post_was_ever_published":false,"_jetpack_newsletter_access":"","_jetpack_dont_email_post_to_subs":false,"_jetpack_newsletter_tier_id":0,"_jetpack_memberships_contains_paywalled_content":false,"_jetpack_memberships_contains_paid_content":false,"footnotes":"","jetpack_publicize_message":"","jetpack_publicize_feature_enabled":true,"jetpack_social_post_already_shared":true,"jetpack_social_options":{"image_generator_settings":{"template":"highway","default_image_id":0,"enabled":false},"version":2}},"categories":[1161,44,10],"tags":[],"class_list":["post-79139","post","type-post","status-publish","format-standard","has-post-thumbnail","hentry","category-ciudadania","category-noticias-de-hoy","category-salud"],"jetpack_publicize_connections":[],"jetpack_featured_media_url":"https:\/\/i0.wp.com\/miradordeatarfe.es\/wp-content\/uploads\/2025\/09\/pastillas-kItF-U2303184712719eiF-1200x840%40Ideal.webp?fit=1200%2C840&ssl=1","jetpack_likes_enabled":true,"jetpack_sharing_enabled":true,"_links":{"self":[{"href":"https:\/\/miradordeatarfe.es\/index.php?rest_route=\/wp\/v2\/posts\/79139","targetHints":{"allow":["GET"]}}],"collection":[{"href":"https:\/\/miradordeatarfe.es\/index.php?rest_route=\/wp\/v2\/posts"}],"about":[{"href":"https:\/\/miradordeatarfe.es\/index.php?rest_route=\/wp\/v2\/types\/post"}],"author":[{"embeddable":true,"href":"https:\/\/miradordeatarfe.es\/index.php?rest_route=\/wp\/v2\/users\/1"}],"replies":[{"embeddable":true,"href":"https:\/\/miradordeatarfe.es\/index.php?rest_route=%2Fwp%2Fv2%2Fcomments&post=79139"}],"version-history":[{"count":2,"href":"https:\/\/miradordeatarfe.es\/index.php?rest_route=\/wp\/v2\/posts\/79139\/revisions"}],"predecessor-version":[{"id":79142,"href":"https:\/\/miradordeatarfe.es\/index.php?rest_route=\/wp\/v2\/posts\/79139\/revisions\/79142"}],"wp:featuredmedia":[{"embeddable":true,"href":"https:\/\/miradordeatarfe.es\/index.php?rest_route=\/wp\/v2\/media\/79140"}],"wp:attachment":[{"href":"https:\/\/miradordeatarfe.es\/index.php?rest_route=%2Fwp%2Fv2%2Fmedia&parent=79139"}],"wp:term":[{"taxonomy":"category","embeddable":true,"href":"https:\/\/miradordeatarfe.es\/index.php?rest_route=%2Fwp%2Fv2%2Fcategories&post=79139"},{"taxonomy":"post_tag","embeddable":true,"href":"https:\/\/miradordeatarfe.es\/index.php?rest_route=%2Fwp%2Fv2%2Ftags&post=79139"}],"curies":[{"name":"wp","href":"https:\/\/api.w.org\/{rel}","templated":true}]}}