{"id":79175,"date":"2025-10-02T11:20:18","date_gmt":"2025-10-02T09:20:18","guid":{"rendered":"https:\/\/miradordeatarfe.es\/?p=79175"},"modified":"2025-10-16T10:10:22","modified_gmt":"2025-10-16T08:10:22","slug":"ensenando-que-es-gerundio-por-juan-de-dios-villanueva-roa","status":"publish","type":"post","link":"https:\/\/miradordeatarfe.es\/?p=79175","title":{"rendered":"\u00abEnse\u00f1ando que es gerundio\u00bb por Juan de Dios Villanueva Roa"},"content":{"rendered":"<h3 style=\"text-align: justify;\">Dicen algunos padres (gen\u00e9rico) que van a levantar un monumento a los maestros.<\/h3>\n<p style=\"text-align: justify;\">Pasadas algunas semanas tornan su pensamiento en el levantamiento de un mausoleo, porque pas\u00f3 a mejor vida aquel respeto a los trabajadores de la ense\u00f1anza, esas gentes que dedican sus vidas a construir personas para el futuro, para su futuro y para el de la sociedad en la que vivir\u00e1n.<\/p>\n<p style=\"text-align: justify;\">Y quiero mantener el lugar primero en su futuro, en el de cada cual, porque as\u00ed ha de ser. Pero hoy pas\u00f3 de moda eso de apoyar al maestro, a la maestra de su hijo. Hoy todos saben m\u00e1s que nadie; los m\u00f3viles, piensan, los llevan directamente al conocimiento, a tener las respuestas, las soluciones, por encima de quienes dedican esfuerzo, paciencia, conocimiento, a la infancia y juventud.<\/p>\n<p style=\"text-align: justify;\">No hay nadie m\u00e1s poderoso que una madre con un m\u00f3vil en la mano en la puerta de una escuela rodeada de otras madres, buscando la p\u00e1gina que venga a darle a ella la raz\u00f3n, a quit\u00e1rsela a la maestra que la ha informado de algo sobre su infante. Detr\u00e1s, una administraci\u00f3n temerosa a las posibles respuestas parentales, decidida a apoyar a los progenitores por encima de los docentes, que pasan a un tercer t\u00e9rmino y a quienes se les exige cada vez mayor burocracia para destilar los datos que los pol\u00edticos, algunos, han de tener en su b\u00fasqueda de gloria y fama, huyendo de problemas.<\/p>\n<p style=\"text-align: justify;\">Y cada vez pasan los cursos con m\u00e1s rapidez, no tanto en el tiempo cuanto en la falta de atenci\u00f3n de cada cual a lo suyo: los maestros a ense\u00f1ar, los padres a educar y la administraci\u00f3n a cuidar de que no falte nada, y en esta parte tambi\u00e9n est\u00e1n los ayuntamientos, asumiendo sus responsabilidades. Sue\u00f1os.<\/p>\n<p>foto: EFE<\/p>\n","protected":false},"excerpt":{"rendered":"<p>Dicen algunos padres (gen\u00e9rico) que van a levantar un monumento a los maestros. Pasadas algunas&#8230;<\/p>\n","protected":false},"author":1,"featured_media":79176,"comment_status":"closed","ping_status":"closed","sticky":false,"template":"","format":"standard","meta":{"_coblocks_attr":"","_coblocks_dimensions":"","_coblocks_responsive_height":"","_coblocks_accordion_ie_support":"","jetpack_post_was_ever_published":false,"_jetpack_newsletter_access":"","_jetpack_dont_email_post_to_subs":false,"_jetpack_newsletter_tier_id":0,"_jetpack_memberships_contains_paywalled_content":false,"_jetpack_memberships_contains_paid_content":false,"footnotes":"","jetpack_publicize_message":"","jetpack_publicize_feature_enabled":true,"jetpack_social_post_already_shared":true,"jetpack_social_options":{"image_generator_settings":{"template":"highway","default_image_id":0,"enabled":false},"version":2}},"categories":[187,1161,9772,44],"tags":[],"class_list":["post-79175","post","type-post","status-publish","format-standard","has-post-thumbnail","hentry","category-centros-educativos","category-ciudadania","category-opinion-de-juan-de-dios-villanueva","category-noticias-de-hoy"],"jetpack_publicize_connections":[],"jetpack_featured_media_url":"https:\/\/i0.wp.com\/miradordeatarfe.es\/wp-content\/uploads\/2025\/10\/b7231cbe-a725-4f2c-8fc2-c23a2ea1e213_16-9-aspect-ratio_default_0.webp?fit=880%2C495&ssl=1","jetpack_likes_enabled":true,"jetpack_sharing_enabled":true,"_links":{"self":[{"href":"https:\/\/miradordeatarfe.es\/index.php?rest_route=\/wp\/v2\/posts\/79175","targetHints":{"allow":["GET"]}}],"collection":[{"href":"https:\/\/miradordeatarfe.es\/index.php?rest_route=\/wp\/v2\/posts"}],"about":[{"href":"https:\/\/miradordeatarfe.es\/index.php?rest_route=\/wp\/v2\/types\/post"}],"author":[{"embeddable":true,"href":"https:\/\/miradordeatarfe.es\/index.php?rest_route=\/wp\/v2\/users\/1"}],"replies":[{"embeddable":true,"href":"https:\/\/miradordeatarfe.es\/index.php?rest_route=%2Fwp%2Fv2%2Fcomments&post=79175"}],"version-history":[{"count":2,"href":"https:\/\/miradordeatarfe.es\/index.php?rest_route=\/wp\/v2\/posts\/79175\/revisions"}],"predecessor-version":[{"id":79178,"href":"https:\/\/miradordeatarfe.es\/index.php?rest_route=\/wp\/v2\/posts\/79175\/revisions\/79178"}],"wp:featuredmedia":[{"embeddable":true,"href":"https:\/\/miradordeatarfe.es\/index.php?rest_route=\/wp\/v2\/media\/79176"}],"wp:attachment":[{"href":"https:\/\/miradordeatarfe.es\/index.php?rest_route=%2Fwp%2Fv2%2Fmedia&parent=79175"}],"wp:term":[{"taxonomy":"category","embeddable":true,"href":"https:\/\/miradordeatarfe.es\/index.php?rest_route=%2Fwp%2Fv2%2Fcategories&post=79175"},{"taxonomy":"post_tag","embeddable":true,"href":"https:\/\/miradordeatarfe.es\/index.php?rest_route=%2Fwp%2Fv2%2Ftags&post=79175"}],"curies":[{"name":"wp","href":"https:\/\/api.w.org\/{rel}","templated":true}]}}