{"id":79194,"date":"2025-10-03T11:00:25","date_gmt":"2025-10-03T09:00:25","guid":{"rendered":"https:\/\/miradordeatarfe.es\/?p=79194"},"modified":"2025-10-02T13:01:00","modified_gmt":"2025-10-02T11:01:00","slug":"atarfe-dia-del-mayor-bernarda-alba-el-musical","status":"publish","type":"post","link":"https:\/\/miradordeatarfe.es\/?p=79194","title":{"rendered":"ATARFE: CELEBRA EL D\u00cdA DEL MAYOR CON BERNARDA ALBA EL MUSICAL"},"content":{"rendered":"<h3 class=\"zfr3Q CDt4Ke \" dir=\"ltr\"><span class=\"C9DxTc \">El viernes 3 de octubre a las 21:00 h, el Centro Cultural Medina Elvira acoge una representaci\u00f3n muy especial: una versi\u00f3n musical y llena de fuerza del cl\u00e1sico de Federico Garc\u00eda Lorca, La Casa de Bernarda Alba.<\/span><\/h3>\n<p><i><b>La casa de Bernarda Alba<\/b><\/i> es una obra teatral en tres actos escrita en 1936 por Federico Garc\u00eda Lorca.\u200b No pudo estrenarse ni publicarse hasta 1945, en Buenos Aires. Gracias a la iniciativa de <a title=\"Margarita Xirgu\" href=\"https:\/\/es.wikipedia.org\/wiki\/Margarita_Xirgu\">Margarita Xirgu<\/a>. Expone la historia de Bernarda Alba, quien tras haber enviudado por segunda vez a los 60 a\u00f1os decide vivir los siguientes ocho a\u00f1os en el m\u00e1s riguroso luto e impone lo mismo a sus hijas. Lorca describe la Espa\u00f1a profunda de principios del siglo\u00a0XX,<sup id=\"cite_ref-2\" class=\"mw-references reference separada\"><\/sup> caracterizada por una sociedad tradicional muy violenta en la que el papel que desempe\u00f1a la mujer es secundario. Otros rasgos destacados son el fanatismo religioso y el miedo a descubrir la intimidad. Con Bernarda viven sus cinco hijas (Angustias, Magdalena, Amelia, Martirio y Adela), su madre y sus dos criadas. Entre estas \u00faltimas se encuentra Poncia, una criada que ha vivido treinta a\u00f1os al servicio de la anciana<\/p>\n<p class=\"zfr3Q CDt4Ke \" dir=\"ltr\"><span class=\"C9DxTc \">Una obra que respeta la esencia del texto original y la enriquece con poemas del autor, m\u00fasica y baile, para acercarnos al drama de las pasiones ocultas, las opresiones sociales y la lucha interior.<\/span><\/p>\n<p class=\"zfr3Q CDt4Ke \" dir=\"ltr\"><span class=\"C9DxTc \">&#x1f4cc; Entradas:<\/span><\/p>\n<p class=\"zfr3Q CDt4Ke \" dir=\"ltr\"><span class=\"C9DxTc \">&#x1f449; Solo en taquilla del Centro Cultural Medina Elvira<\/span><\/p>\n<p class=\"zfr3Q CDt4Ke \" dir=\"ltr\"><span class=\"C9DxTc \">&#x1f449; Precio: 5 \u20ac<\/span><\/p>\n<p class=\"zfr3Q CDt4Ke \" dir=\"ltr\"><span class=\"C9DxTc \">&#x1f449; 2 entradas por persona<\/span><\/p>\n<p class=\"zfr3Q CDt4Ke \" dir=\"ltr\"><span class=\"C9DxTc \">&#x1f449; Destinado a mayores de 60 a\u00f1os, aunque pueden asistir acompa\u00f1ados de su pareja, familiares o amigos de cualquier edad.<\/span><\/p>\n<p class=\"zfr3Q CDt4Ke \" dir=\"ltr\"><span class=\"C9DxTc \">&#x1f4ac; Organiza la Concejal\u00eda de Bienestar Social y Participaci\u00f3n Ciudadana con motivo del D\u00eda del Mayor 2025.<\/span><\/p>\n<p dir=\"ltr\"><img data-recalc-dims=\"1\" loading=\"lazy\" decoding=\"async\" class=\"alignnone wp-image-79195 size-full\" src=\"https:\/\/i0.wp.com\/miradordeatarfe.es\/wp-content\/uploads\/2025\/10\/unnamed.jpg?resize=600%2C750&#038;ssl=1\" alt=\"\" width=\"600\" height=\"750\" srcset=\"https:\/\/i0.wp.com\/miradordeatarfe.es\/wp-content\/uploads\/2025\/10\/unnamed.jpg?w=600&amp;ssl=1 600w, https:\/\/i0.wp.com\/miradordeatarfe.es\/wp-content\/uploads\/2025\/10\/unnamed.jpg?resize=240%2C300&amp;ssl=1 240w\" sizes=\"auto, (max-width: 600px) 100vw, 600px\" \/><\/p>\n","protected":false},"excerpt":{"rendered":"<p>El viernes 3 de octubre a las 21:00 h, el Centro Cultural Medina Elvira acoge&#8230;<\/p>\n","protected":false},"author":1,"featured_media":79196,"comment_status":"closed","ping_status":"closed","sticky":false,"template":"","format":"standard","meta":{"_coblocks_attr":"","_coblocks_dimensions":"","_coblocks_responsive_height":"","_coblocks_accordion_ie_support":"","jetpack_post_was_ever_published":false,"_jetpack_newsletter_access":"","_jetpack_dont_email_post_to_subs":false,"_jetpack_newsletter_tier_id":0,"_jetpack_memberships_contains_paywalled_content":false,"_jetpack_memberships_contains_paid_content":false,"footnotes":"","jetpack_publicize_message":"","jetpack_publicize_feature_enabled":true,"jetpack_social_post_already_shared":true,"jetpack_social_options":{"image_generator_settings":{"template":"highway","default_image_id":0,"enabled":false},"version":2}},"categories":[6916,1161,44,6937],"tags":[],"class_list":["post-79194","post","type-post","status-publish","format-standard","has-post-thumbnail","hentry","category-ayuntamiento-de-atarfe","category-ciudadania","category-noticias-de-hoy","category-sociedad"],"jetpack_publicize_connections":[],"jetpack_featured_media_url":"https:\/\/i0.wp.com\/miradordeatarfe.es\/wp-content\/uploads\/2025\/10\/Residencia-la-Milagrosa-Alberic-Celebracion-Dia-del-Mayor-2022-936x491.jpg.webp?fit=936%2C491&ssl=1","jetpack_likes_enabled":true,"jetpack_sharing_enabled":true,"_links":{"self":[{"href":"https:\/\/miradordeatarfe.es\/index.php?rest_route=\/wp\/v2\/posts\/79194","targetHints":{"allow":["GET"]}}],"collection":[{"href":"https:\/\/miradordeatarfe.es\/index.php?rest_route=\/wp\/v2\/posts"}],"about":[{"href":"https:\/\/miradordeatarfe.es\/index.php?rest_route=\/wp\/v2\/types\/post"}],"author":[{"embeddable":true,"href":"https:\/\/miradordeatarfe.es\/index.php?rest_route=\/wp\/v2\/users\/1"}],"replies":[{"embeddable":true,"href":"https:\/\/miradordeatarfe.es\/index.php?rest_route=%2Fwp%2Fv2%2Fcomments&post=79194"}],"version-history":[{"count":2,"href":"https:\/\/miradordeatarfe.es\/index.php?rest_route=\/wp\/v2\/posts\/79194\/revisions"}],"predecessor-version":[{"id":79198,"href":"https:\/\/miradordeatarfe.es\/index.php?rest_route=\/wp\/v2\/posts\/79194\/revisions\/79198"}],"wp:featuredmedia":[{"embeddable":true,"href":"https:\/\/miradordeatarfe.es\/index.php?rest_route=\/wp\/v2\/media\/79196"}],"wp:attachment":[{"href":"https:\/\/miradordeatarfe.es\/index.php?rest_route=%2Fwp%2Fv2%2Fmedia&parent=79194"}],"wp:term":[{"taxonomy":"category","embeddable":true,"href":"https:\/\/miradordeatarfe.es\/index.php?rest_route=%2Fwp%2Fv2%2Fcategories&post=79194"},{"taxonomy":"post_tag","embeddable":true,"href":"https:\/\/miradordeatarfe.es\/index.php?rest_route=%2Fwp%2Fv2%2Ftags&post=79194"}],"curies":[{"name":"wp","href":"https:\/\/api.w.org\/{rel}","templated":true}]}}