{"id":79207,"date":"2025-10-04T11:34:22","date_gmt":"2025-10-04T09:34:22","guid":{"rendered":"https:\/\/miradordeatarfe.es\/?p=79207"},"modified":"2025-10-03T18:07:14","modified_gmt":"2025-10-03T16:07:14","slug":"atarfe-se-transforma-atarfe-recibe-la-mayor-inversion-de-su-historia","status":"publish","type":"post","link":"https:\/\/miradordeatarfe.es\/?p=79207","title":{"rendered":"\u00a1Atarfe se transforma!: ATARFE RECIBE LA MAYOR INVERSI\u00d3N DE SU HISTORIA"},"content":{"rendered":"<h3 style=\"text-align: justify;\">ATARFE EST\u00c1 DE ENHORABUENA : AYER EL AYUNTAMIENTO DIO A CONOCER la concesi\u00f3n de m\u00e1s de 8 millones de euros de fondos europeos FEDER (EDUSI-EDIL)<\/h3>\n<p style=\"text-align: justify;\">En febrero\u00a0 de 2025 se presentaron en el Centro Cultural Medina Elvira <strong>PLAN DE ACTUACI\u00d3N INTEGRADO (PAI) DE ATARFE dando a conocer los proyectos que se presentaron con la empresa Dominus encargada de la planificaci\u00f3n de dicho proyecto. Estos proyectos se explic\u00f3 que marcar\u00edan los pr\u00f3ximos a\u00f1os en Atarfe.<\/strong><\/p>\n<p style=\"text-align: justify;\">La alcaldesa de Atarfe Yolanda Fern\u00e1ndez describi\u00f3 el Plan de Actuaci\u00f3n Integrada, con los proyectos europeos enmarcados en la Agenda 2030 a los que ha optado y ha conseguido este Ayuntamiento con un presupuesto de mas de 9 millones de euros En el acto se dijo que era \u00a1Una oportunidad \u00fanica para transformar Atarfe!<\/p>\n<p style=\"text-align: justify;\">Las lineas de actuaci\u00f3n que se present\u00f3 y que ahora se han aprobado se basa en 4 ejes:<\/p>\n<figure class=\"wp-block-image size-large\" style=\"text-align: justify;\"><img loading=\"lazy\" decoding=\"async\" class=\"wp-image-74921\" src=\"https:\/\/i0.wp.com\/miradordeatarfe.es\/wp-content\/uploads\/2025\/02\/tipos-de-proyectos.jpg?resize=640%2C301&amp;ssl=1\" sizes=\"auto, (max-width: 640px) 100vw, 640px\" srcset=\"https:\/\/i0.wp.com\/miradordeatarfe.es\/wp-content\/uploads\/2025\/02\/tipos-de-proyectos-scaled.jpg?resize=1024%2C482&amp;ssl=1 1024w, https:\/\/i0.wp.com\/miradordeatarfe.es\/wp-content\/uploads\/2025\/02\/tipos-de-proyectos-scaled.jpg?resize=300%2C141&amp;ssl=1 300w, https:\/\/i0.wp.com\/miradordeatarfe.es\/wp-content\/uploads\/2025\/02\/tipos-de-proyectos-scaled.jpg?resize=768%2C361&amp;ssl=1 768w, https:\/\/i0.wp.com\/miradordeatarfe.es\/wp-content\/uploads\/2025\/02\/tipos-de-proyectos-scaled.jpg?resize=1536%2C723&amp;ssl=1 1536w, https:\/\/i0.wp.com\/miradordeatarfe.es\/wp-content\/uploads\/2025\/02\/tipos-de-proyectos-scaled.jpg?resize=2048%2C963&amp;ssl=1 2048w, https:\/\/i0.wp.com\/miradordeatarfe.es\/wp-content\/uploads\/2025\/02\/tipos-de-proyectos-scaled.jpg?resize=1320%2C621&amp;ssl=1 1320w, https:\/\/i0.wp.com\/miradordeatarfe.es\/wp-content\/uploads\/2025\/02\/tipos-de-proyectos-scaled.jpg?w=1920&amp;ssl=1 1920w\" alt=\"\" width=\"640\" height=\"301\" data-recalc-dims=\"1\" \/><\/figure>\n<p style=\"text-align: justify;\">\u00a0<\/p>\n<p style=\"text-align: justify;\">Atarfe inicia una transformaci\u00f3n sin precedentes gracias a la concesi\u00f3n de m\u00e1s de 8 millones de euros de fondos europeos FEDER (EDUSI-EDIL), que junto a la aportaci\u00f3n municipal superar\u00e1n los 10 millones de inversi\u00f3n total.<\/p>\n<p style=\"text-align: justify;\">Esto es el resultado del compromiso que adquirimos con todos los atarfe\u00f1os y atarfe\u00f1as y de meses de trabajo en equipo con todas las \u00e1reas municipales, volcados en construir el futuro de nuestro pueblo.<\/p>\n<p style=\"text-align: justify;\">&#x2705; Nuevo refugio clim\u00e1tico con piscina y corredor verde<br \/>\n&#x2705; Mejora de barrios e infraestructuras b\u00e1sicas<br \/>\n&#x2705; Nuevo pabell\u00f3n cubierto para el deporte<br \/>\n&#x2705; Centro de Interpretaci\u00f3n del Yacimiento de Medina Elvira y Museo de Atarfe<br \/>\n&#x2705; Actuaciones en colegios y edificios municipales con criterios bioclim\u00e1ticos<\/p>\n<p style=\"text-align: justify;\">\u00a0Un Atarfe m\u00e1s verde, justo, sostenible, cultural y moderno.<\/p>\n<p style=\"text-align: justify;\"><img data-recalc-dims=\"1\" loading=\"lazy\" decoding=\"async\" class=\"alignnone wp-image-79208 size-full\" src=\"https:\/\/i0.wp.com\/miradordeatarfe.es\/wp-content\/uploads\/2025\/10\/PROYECTO-TOTAL-scaled-1.webp?resize=640%2C422&#038;ssl=1\" alt=\"\" width=\"640\" height=\"422\" srcset=\"https:\/\/i0.wp.com\/miradordeatarfe.es\/wp-content\/uploads\/2025\/10\/PROYECTO-TOTAL-scaled-1.webp?w=1024&amp;ssl=1 1024w, https:\/\/i0.wp.com\/miradordeatarfe.es\/wp-content\/uploads\/2025\/10\/PROYECTO-TOTAL-scaled-1.webp?resize=300%2C198&amp;ssl=1 300w, https:\/\/i0.wp.com\/miradordeatarfe.es\/wp-content\/uploads\/2025\/10\/PROYECTO-TOTAL-scaled-1.webp?resize=768%2C506&amp;ssl=1 768w\" sizes=\"auto, (max-width: 640px) 100vw, 640px\" \/><\/p>\n<p style=\"text-align: justify;\">Atarfe se prepara para iniciar una\u00a0<strong>transformaci\u00f3n sin precedentes<\/strong>\u00a0gracias a la\u00a0<strong>concesi\u00f3n de m\u00e1s de 8 millones de euros de fondos europeos FEDER (EDUSI-EDIL)<\/strong>, la mayor ayuda econ\u00f3mica de su historia, tal y como ha confirmado el Gobierno de Espa\u00f1a. Una inversi\u00f3n que, sumada a otras aportaciones municipales, superar\u00e1 los\u00a0<strong>10 millones de euros<\/strong>\u00a0y permitir\u00e1 poner en marcha una\u00a0<strong>agenda de proyectos clave que marcar\u00e1n el futuro del municipio<\/strong>.<\/p>\n<p style=\"text-align: justify;\">Este logro es el resultado de meses de intenso trabajo t\u00e9cnico y pol\u00edtico por parte del Ayuntamiento, coordinado desde las distintas \u00e1reas municipales, con una visi\u00f3n clara:\u00a0<strong>construir el Atarfe del futuro<\/strong>.<\/p>\n<p style=\"text-align: justify;\">La\u00a0<strong>alcaldesa de Atarfe, Yolanda Fern\u00e1ndez<\/strong>, ha destacado la importancia estrat\u00e9gica de esta financiaci\u00f3n:<\/p>\n<p style=\"text-align: justify;\">\u201cEste es el mayor impulso econ\u00f3mico que ha recibido nuestro municipio, y responde directamente a los compromisos que adquirimos con nuestros vecinos. Vamos a transformar Atarfe en un pueblo m\u00e1s verde, m\u00e1s habitable, m\u00e1s justo y m\u00e1s preparado para los retos del siglo XXI. Hoy comienza la construcci\u00f3n del Atarfe que nos comprometimos a construir.\u201d<\/p>\n<p style=\"text-align: justify;\"><strong>Un Atarfe m\u00e1s verde, justo y moderno<\/strong><\/p>\n<p style=\"text-align: justify;\">Uno de los proyectos m\u00e1s emblem\u00e1ticos ser\u00e1 la creaci\u00f3n de un\u00a0<strong>gran refugio clim\u00e1tico<\/strong>, que incluir\u00e1 la\u00a0<strong>nueva piscina de Atarfe<\/strong>\u00a0y un\u00a0<strong>corredor verde perimetral<\/strong>\u00a0con arbolado que rodear\u00e1 todo el n\u00facleo urbano, con el objetivo de\u00a0<strong>mitigar los efectos del cambio clim\u00e1tico y reducir las temperaturas extremas del verano<\/strong>.<\/p>\n<p style=\"text-align: justify;\">Adem\u00e1s, se intervendr\u00e1 en los\u00a0<strong>barrios con mayores necesidades sociales<\/strong>, mejorando infraestructuras b\u00e1sicas como asfaltado, acerado, alumbrado y vivienda. Una apuesta clara por la\u00a0<strong>cohesi\u00f3n territorial y la justicia social<\/strong>.<\/p>\n<p style=\"text-align: justify;\">En el \u00e1mbito deportivo, se ha confirmado la\u00a0<strong>construcci\u00f3n de un nuevo pabell\u00f3n cubierto<\/strong>, dando respuesta a la creciente demanda de espacios deportivos tras superar los 20.000 habitantes.<\/p>\n<p style=\"text-align: justify;\">En el plano cultural, se pondr\u00e1 en valor el\u00a0<strong>Yacimiento de Medina Elvira<\/strong>, origen de la Granada actual, con la creaci\u00f3n de un\u00a0<strong>Centro de Interpretaci\u00f3n<\/strong>, y tambi\u00e9n se construir\u00e1 un\u00a0<strong>nuevo Museo de Atarfe<\/strong>, que permitir\u00e1 conservar y difundir el rico patrimonio hist\u00f3rico del municipio.<\/p>\n<p style=\"text-align: justify;\">La\u00a0<strong>teniente de alcaldesa, Jennifer Garc\u00eda<\/strong>, ha subrayado la visi\u00f3n integral del proyecto:<\/p>\n<p style=\"text-align: justify;\">\u201cEstas actuaciones reflejan nuestro compromiso con el desarrollo sostenible, la cultura y el bienestar social. Vamos a intervenir tambi\u00e9n en colegios y edificios municipales con criterios bioclim\u00e1ticos, creando espacios m\u00e1s eficientes y saludables para nuestras vecinas y vecinos. Esto no es una promesa: es una realidad que empieza hoy.\u201d<\/p>\n<p style=\"text-align: justify;\"><strong>Un nuevo modelo de municipio<\/strong><\/p>\n<p style=\"text-align: justify;\">Con esta inversi\u00f3n, Atarfe se sit\u00faa como referente de planificaci\u00f3n urbana sostenible en el \u00c1rea Metropolitana de Granada. Se consolida as\u00ed el salto de escala tras superar los 20.000 habitantes, con una visi\u00f3n centrada en\u00a0<strong>la sostenibilidad, la inclusi\u00f3n y el desarrollo inteligente<\/strong>.<\/p>\n<p style=\"text-align: justify;\">\u201cEl Atarfe del futuro ya est\u00e1 en marcha. Y lo construimos entre todos\u201d, concluy\u00f3 la alcaldesa.<\/p>\n<p style=\"text-align: justify;\"><strong>M\u00e1s de 8 millones de fondos europeos. M\u00e1s de 10 millones de inversi\u00f3n total. Atarfe se transforma.<\/strong><\/p>\n<p><iframe loading=\"lazy\" title=\"CONCESION FONDOS EUROPEOS\" width=\"540\" height=\"960\" src=\"https:\/\/www.youtube.com\/embed\/C5DHt10d1mE?feature=oembed\" frameborder=\"0\" allow=\"accelerometer; autoplay; clipboard-write; encrypted-media; gyroscope; picture-in-picture; web-share\" referrerpolicy=\"strict-origin-when-cross-origin\" allowfullscreen><\/iframe><\/p>\n","protected":false},"excerpt":{"rendered":"<p>ATARFE EST\u00c1 DE ENHORABUENA : AYER EL AYUNTAMIENTO DIO A CONOCER la concesi\u00f3n de m\u00e1s&#8230;<\/p>\n","protected":false},"author":1,"featured_media":79209,"comment_status":"closed","ping_status":"closed","sticky":false,"template":"","format":"standard","meta":{"_coblocks_attr":"","_coblocks_dimensions":"","_coblocks_responsive_height":"","_coblocks_accordion_ie_support":"","jetpack_post_was_ever_published":false,"_jetpack_newsletter_access":"","_jetpack_dont_email_post_to_subs":false,"_jetpack_newsletter_tier_id":0,"_jetpack_memberships_contains_paywalled_content":false,"_jetpack_memberships_contains_paid_content":false,"footnotes":"","jetpack_publicize_message":"","jetpack_publicize_feature_enabled":true,"jetpack_social_post_already_shared":true,"jetpack_social_options":{"image_generator_settings":{"template":"highway","default_image_id":0,"enabled":false},"version":2}},"categories":[2,6916,1161,44],"tags":[],"class_list":["post-79207","post","type-post","status-publish","format-standard","has-post-thumbnail","hentry","category-atarfe","category-ayuntamiento-de-atarfe","category-ciudadania","category-noticias-de-hoy"],"jetpack_publicize_connections":[],"jetpack_featured_media_url":"https:\/\/i0.wp.com\/miradordeatarfe.es\/wp-content\/uploads\/2025\/10\/Screenshot-2025-10-03-at-18-06-19-%C2%A1Atarfe-se-transforma-Ayer-se-presentaron-los-proyectos-europeos-que-mostrara-el-futuro-del-municipio-%E2%80%93-Mirador-de-Atarfe.png?fit=372%2C211&ssl=1","jetpack_likes_enabled":true,"jetpack_sharing_enabled":true,"_links":{"self":[{"href":"https:\/\/miradordeatarfe.es\/index.php?rest_route=\/wp\/v2\/posts\/79207","targetHints":{"allow":["GET"]}}],"collection":[{"href":"https:\/\/miradordeatarfe.es\/index.php?rest_route=\/wp\/v2\/posts"}],"about":[{"href":"https:\/\/miradordeatarfe.es\/index.php?rest_route=\/wp\/v2\/types\/post"}],"author":[{"embeddable":true,"href":"https:\/\/miradordeatarfe.es\/index.php?rest_route=\/wp\/v2\/users\/1"}],"replies":[{"embeddable":true,"href":"https:\/\/miradordeatarfe.es\/index.php?rest_route=%2Fwp%2Fv2%2Fcomments&post=79207"}],"version-history":[{"count":1,"href":"https:\/\/miradordeatarfe.es\/index.php?rest_route=\/wp\/v2\/posts\/79207\/revisions"}],"predecessor-version":[{"id":79210,"href":"https:\/\/miradordeatarfe.es\/index.php?rest_route=\/wp\/v2\/posts\/79207\/revisions\/79210"}],"wp:featuredmedia":[{"embeddable":true,"href":"https:\/\/miradordeatarfe.es\/index.php?rest_route=\/wp\/v2\/media\/79209"}],"wp:attachment":[{"href":"https:\/\/miradordeatarfe.es\/index.php?rest_route=%2Fwp%2Fv2%2Fmedia&parent=79207"}],"wp:term":[{"taxonomy":"category","embeddable":true,"href":"https:\/\/miradordeatarfe.es\/index.php?rest_route=%2Fwp%2Fv2%2Fcategories&post=79207"},{"taxonomy":"post_tag","embeddable":true,"href":"https:\/\/miradordeatarfe.es\/index.php?rest_route=%2Fwp%2Fv2%2Ftags&post=79207"}],"curies":[{"name":"wp","href":"https:\/\/api.w.org\/{rel}","templated":true}]}}