{"id":79211,"date":"2025-10-05T10:12:06","date_gmt":"2025-10-05T08:12:06","guid":{"rendered":"https:\/\/miradordeatarfe.es\/?p=79211"},"modified":"2025-10-03T18:16:26","modified_gmt":"2025-10-03T16:16:26","slug":"facua-reclama-a-la-junta-de-andalucia-que-aclare-si-la-falta-de-informacion-se-ha-producido-en-otros-tipos-de-cancer-ademas-del-de-mama","status":"publish","type":"post","link":"https:\/\/miradordeatarfe.es\/?p=79211","title":{"rendered":"FACUA reclama a la Junta de Andaluc\u00eda que aclare si la falta de informaci\u00f3n se ha producido en otros tipos de c\u00e1ncer adem\u00e1s del de mama"},"content":{"rendered":"<header class=\"wp-block-group px-6 pr-8 md:pr-0\">\n<h3 class=\"mb-4 mt-0 font-serif !text-xl font-normal lg:!text-2xl\" style=\"text-align: justify;\">La federaci\u00f3n pide que se habilite un procedimiento extraordinario de reparaci\u00f3n a las v\u00edctimas con cauces espec\u00edficos de reclamaci\u00f3n patrimonial y apoyo jur\u00eddico y psicol\u00f3gico.<\/h3>\n<\/header>\n<section class=\"entry-content wp-block-post-content px-6\">\n<p class=\"mb-4 mt-2 font-serif !text-xl font-normal lg:!text-2xl\" style=\"text-align: justify;\">FACUA Andaluc\u00eda reclama a la Junta de Andaluc\u00eda que aclare si los fallos y falta de informaci\u00f3n se ha detectado \u00fanicamente en el programa de detecci\u00f3n del c\u00e1ncer de mama o si estos errores se han podido producir tambi\u00e9n en otros programas de prevenci\u00f3n o pruebas diagn\u00f3sticas relacionadas con otros tipos de c\u00e1ncer.<\/p>\n<p class=\"mb-4 mt-2 font-serif !text-xl font-normal lg:!text-2xl\" style=\"text-align: justify;\">La federaci\u00f3n califica lo ocurrido como el <a href=\"https:\/\/facua.org\/noticias\/facua-califica-los-errores-en-el-cribado-de-cancer-de-mama-como-el-mayor-escandalo-de-la-sanidad-publica-andaluza-de-toda-la-democracia\/\" target=\"_blank\" rel=\"noreferrer noopener\">mayor esc\u00e1ndalo de la sanidad p\u00fablica andaluza<\/a> de toda la democracia. Por ello, exige al presidente <strong>Juan Manuel Moreno Bonilla<\/strong> que sea consecuente y cese de su puesto a\u00a0<strong>Roc\u00edo Hern\u00e1ndez<\/strong>, consejera de Salud y Consumo, tras confirmarse que ha habido de una gesti\u00f3n negligente e irresponsable que ha puesto en entredicho la salud de muchas usuarias del Servicio Andaluz de Salud (SAS).<\/p>\n<p class=\"mb-4 mt-2 font-serif !text-xl font-normal lg:!text-2xl\" style=\"text-align: justify;\">Despu\u00e9s de restar importancia al esc\u00e1ndalo durante toda la semana, la Junta ha reconocido este jueves que son 2.000 las mujeres con un diagn\u00f3stico previo\u00a0<em>\u00abno concluyente\u00bb<\/em> de c\u00e1ncer de mama pendientes de que las llamen para confirmar o descartar la enfermedad.<\/p>\n<p class=\"mb-4 mt-2 font-serif !text-xl font-normal lg:!text-2xl\" style=\"text-align: justify;\">No es de recibo que se mantenga en el cargo la responsable de un \u00e1rea que, lejos de reconocer los errores y abordar el problema con transparencia y garant\u00edas, lleg\u00f3 a decir que se trataba de un escenario <em>\u00abpuntual\u00bb<\/em> en el que hab\u00eda afectados <em>\u00abdos o tres casos\u00bb<\/em>. Es m\u00e1s, pidi\u00f3 dejar la <em>\u00abmanipulaci\u00f3n\u00bb<\/em> del sistema p\u00fablico de salud tras escuchar el testimonio de una de las mujeres afectadas a las que el diagn\u00f3stico de c\u00e1ncer le lleg\u00f3 dos a\u00f1os despu\u00e9s.<\/p>\n<p class=\"mb-4 mt-2 font-serif !text-xl font-normal lg:!text-2xl\" style=\"text-align: justify;\"><strong>Reparaci\u00f3n a las v\u00edctimas<\/strong><\/p>\n<p class=\"mb-4 mt-2 font-serif !text-xl font-normal lg:!text-2xl\" style=\"text-align: justify;\">Adem\u00e1s, FACUA Andaluc\u00eda pide a la Junta de Andaluc\u00eda que sea transparente y aclare si este problema est\u00e1 delimitado al programa de detecci\u00f3n del c\u00e1ncer de mama o si tambi\u00e9n se ha podido producir en otros programas de prevenci\u00f3n como el cribado de c\u00e1ncer colorrectal o el de detecci\u00f3n de c\u00e1ncer de cuello de \u00fatero.<\/p>\n<p class=\"mb-4 mt-2 font-serif !text-xl font-normal lg:!text-2xl\" style=\"text-align: justify;\">Este grave error ha generado en todos los usuarios del Servicio Andaluz de Salud (SAS), y especialmente en las mujeres, miedo y desconfianza sobre un sistema de notificaciones que no ha funcionado, llegando a poner en peligro la vida de muchas de ellas.<\/p>\n<p class=\"mb-4 mt-2 font-serif !text-xl font-normal lg:!text-2xl\" style=\"text-align: justify;\">Por ello, la federaci\u00f3n exige una respuesta r\u00e1pida y contundente por parte de la administraci\u00f3n para que las personas afectadas por esta falta de informaci\u00f3n puedan ser tratadas y estudiadas a la mayor brevedad posible. Del mismo modo, pide que se comunique de manera transparente los cambios que se van a implementar en el sistema para garantizar que las usuarias del servicio sanitario reciban en plazo tanto los resultados como las indicaciones de actuaci\u00f3n correspondientes.<\/p>\n<p class=\"mb-4 mt-2 font-serif !text-xl font-normal lg:!text-2xl\" style=\"text-align: justify;\">Adem\u00e1s, insta a la Junta a habilitar un procedimiento extraordinario de reparaci\u00f3n a las v\u00edctimas, con cauces espec\u00edficos de reclamaci\u00f3n patrimonial y apoyo jur\u00eddico y psicol\u00f3gico.<\/p>\n<p class=\"mb-4 mt-2 font-serif !text-xl font-normal lg:!text-2xl\" style=\"text-align: justify;\">Las mujeres afectadas por esta falta de informaci\u00f3n sobre los resultados de sus cribados de mama pueden dirigirse a FACUA para recibir asesoramiento y que el departamento jur\u00eddico valore su caso concreto a la hora de presentar reclamaci\u00f3n contra el Servicio Andaluz de Salud (SAS).<\/p>\n<p style=\"text-align: justify;\">FOTO: Roc\u00edo Hern\u00e1ndez, consejera de Salud y Consumo de la Junta de Andaluc\u00eda. Imagen: Joaqu\u00edn Corchero | Europa Press.<\/p>\n<\/section>\n","protected":false},"excerpt":{"rendered":"<p>La federaci\u00f3n pide que se habilite un procedimiento extraordinario de reparaci\u00f3n a las v\u00edctimas con&#8230;<\/p>\n","protected":false},"author":1,"featured_media":79212,"comment_status":"closed","ping_status":"closed","sticky":false,"template":"","format":"standard","meta":{"_coblocks_attr":"","_coblocks_dimensions":"","_coblocks_responsive_height":"","_coblocks_accordion_ie_support":"","jetpack_post_was_ever_published":false,"_jetpack_newsletter_access":"","_jetpack_dont_email_post_to_subs":false,"_jetpack_newsletter_tier_id":0,"_jetpack_memberships_contains_paywalled_content":false,"_jetpack_memberships_contains_paid_content":false,"footnotes":"","jetpack_publicize_message":"","jetpack_publicize_feature_enabled":true,"jetpack_social_post_already_shared":true,"jetpack_social_options":{"image_generator_settings":{"template":"highway","default_image_id":0,"enabled":false},"version":2}},"categories":[10791,1161,186,44,10],"tags":[],"class_list":["post-79211","post","type-post","status-publish","format-standard","has-post-thumbnail","hentry","category-andalucia","category-ciudadania","category-instituciones","category-noticias-de-hoy","category-salud"],"jetpack_publicize_connections":[],"jetpack_featured_media_url":"https:\/\/i0.wp.com\/miradordeatarfe.es\/wp-content\/uploads\/2025\/10\/imagenes-web-9.jpg?fit=1300%2C904&ssl=1","jetpack_likes_enabled":true,"jetpack_sharing_enabled":true,"_links":{"self":[{"href":"https:\/\/miradordeatarfe.es\/index.php?rest_route=\/wp\/v2\/posts\/79211","targetHints":{"allow":["GET"]}}],"collection":[{"href":"https:\/\/miradordeatarfe.es\/index.php?rest_route=\/wp\/v2\/posts"}],"about":[{"href":"https:\/\/miradordeatarfe.es\/index.php?rest_route=\/wp\/v2\/types\/post"}],"author":[{"embeddable":true,"href":"https:\/\/miradordeatarfe.es\/index.php?rest_route=\/wp\/v2\/users\/1"}],"replies":[{"embeddable":true,"href":"https:\/\/miradordeatarfe.es\/index.php?rest_route=%2Fwp%2Fv2%2Fcomments&post=79211"}],"version-history":[{"count":1,"href":"https:\/\/miradordeatarfe.es\/index.php?rest_route=\/wp\/v2\/posts\/79211\/revisions"}],"predecessor-version":[{"id":79213,"href":"https:\/\/miradordeatarfe.es\/index.php?rest_route=\/wp\/v2\/posts\/79211\/revisions\/79213"}],"wp:featuredmedia":[{"embeddable":true,"href":"https:\/\/miradordeatarfe.es\/index.php?rest_route=\/wp\/v2\/media\/79212"}],"wp:attachment":[{"href":"https:\/\/miradordeatarfe.es\/index.php?rest_route=%2Fwp%2Fv2%2Fmedia&parent=79211"}],"wp:term":[{"taxonomy":"category","embeddable":true,"href":"https:\/\/miradordeatarfe.es\/index.php?rest_route=%2Fwp%2Fv2%2Fcategories&post=79211"},{"taxonomy":"post_tag","embeddable":true,"href":"https:\/\/miradordeatarfe.es\/index.php?rest_route=%2Fwp%2Fv2%2Ftags&post=79211"}],"curies":[{"name":"wp","href":"https:\/\/api.w.org\/{rel}","templated":true}]}}