{"id":79214,"date":"2025-10-06T10:24:34","date_gmt":"2025-10-06T08:24:34","guid":{"rendered":"https:\/\/miradordeatarfe.es\/?p=79214"},"modified":"2025-10-03T18:30:06","modified_gmt":"2025-10-03T16:30:06","slug":"el-psoe-considera-un-revulsivo-para-atarfe-el-impulso-a-la-gr43-y-las-mejoras-en-el-enlace-con-la-a92","status":"publish","type":"post","link":"https:\/\/miradordeatarfe.es\/?p=79214","title":{"rendered":"El PSOE considera un \u00abrevulsivo\u00bb para Atarfe el impulso a la GR43 y las mejoras en el enlace con la A92"},"content":{"rendered":"<h3 class=\"intro\" style=\"text-align: justify;\">Los socialistas han subrayado el compromiso del Gobierno de Espa\u00f1a con las infraestructuras viarias y la movilidad sostenible frente al \u00abcaos\u00bb generado por el PP con la ZBE de Granada<\/h3>\n<p style=\"text-align: justify;\">El PSOE ha considerado un \u00abrevulsivo\u00bb para <strong>Atarfe <\/strong>y el <strong>\u00c1rea Metropolitana de Granada<\/strong> el impulso a la GR43 y las mejoras en el enlace con la A92.<\/p>\n<p style=\"text-align: justify;\">La diputada en el Congreso Olvido de la Rosa ha afirmado a trav\u00e9s de una nota de prensa del partido que las actuaciones en carreteras impulsadas por el Gobierno de Espa\u00f1a \u00abayudan a mejorar la movilidad, la seguridad vial y la calidad de vida de la ciudadan\u00eda\u00bb.<\/p>\n<p style=\"text-align: justify;\">En una visita a <strong>Atarfe<\/strong>, junto a los parlamentarios andaluces Olga Manzano y Gerardo S\u00e1nchez, el senador Jos\u00e9 Entrena y la alcaldesa atarfe\u00f1a, Yolanda Fern\u00e1ndez, as\u00ed como con los concejales del Gobierno local, ha destacado el compromiso del Ejecutivo de Pedro S\u00e1nchez con estas dos infraestructuras \u00abfundamentales\u00bb para el municipio, que tanto el Ayuntamiento como las y los vecinos \u00abdemandaban\u00bb y que concentran una inversi\u00f3n de 15,8 millones.<\/p>\n<p style=\"text-align: justify;\">En ese contexto, ha destacado la inversi\u00f3n \u00abhist\u00f3rica\u00bb en mantenimiento y conservaci\u00f3n de carreteras en estos siete a\u00f1os con m\u00e1s de 92 millones o la apuesta \u00abdecidida\u00bb en materia viaria con m\u00e1s de 178 millones de Fondos Next Generation \u00abque logr\u00f3 Pedro S\u00e1nchez a pesar del voto en contra del PP\u00bb.<\/p>\n<p style=\"text-align: justify;\">La socialista ha incidido adem\u00e1s en el fomento de la movilidad sostenible por parte del Gobierno de Espa\u00f1a con la reducci\u00f3n del precio del transporte p\u00fablico o los 95 millones de euros destinados en la ampliaci\u00f3n del metro, as\u00ed como los m\u00e1s de diez millones de los que dispondr\u00e1 la capital para renovar su flota de autobuses.<\/p>\n<p style=\"text-align: justify;\">Una realidad, seg\u00fan ha dicho, que contrasta con el \u00abcaos\u00bb que el PP ha provocado con la Zona de Bajas Emisiones entre la capital y el resto de la provincia, especialmente el \u00c1rea Metropolitana, \u00abcreando ciudadanos de primera y de segunda\u00bb.<\/p>\n<p style=\"text-align: justify;\">\u00abMuchos ciudadanos y ciudadanas de Atarfe no van a poder entrar a Granada, vi\u00e9ndose obligados a coger un taxi o a desplazarse sin su coche porque el Ayuntamiento de Granada le ha prohibido la entrada, as\u00ed como a los vecinos del resto de la provincia\u00bb, ha dicho, para pedir a la alcaldesa Marifr\u00e1n Carazo que \u00abse siente y negocie\u00bb con los alcaldes del<strong> \u00c1rea Metropolitana<\/strong>\u00a0una soluci\u00f3n a esta ZBE en la que \u00abcompartimos el fin, pero no el modelo que ha utilizado para ello\u00bb.<\/p>\n<h3 class=\"wp-block-heading\" style=\"text-align: justify;\">Atarfe, \u00abcentro neur\u00e1lgico\u00bb de comunicaci\u00f3n en el Cintur\u00f3n<\/h3>\n<p style=\"text-align: justify;\">Por su parte, la alcaldesa de <strong>Atarfe<\/strong>, Yolanda Fern\u00e1ndez, ha valorado las actuaciones que el Gobierno de Espa\u00f1a est\u00e1 llevando o va a llevar a cabo, caso de la autov\u00eda GR43 y del enlace de la N432 con la A92, respectivamente, para \u00abmejorar la movilidad de nuestros vecinos con inversiones importantes\u00bb.<\/p>\n<p style=\"text-align: justify;\">Suponen, adem\u00e1s, un beneficio extraordinario para los pol\u00edgonos industriales de nuestro municipio, al convertir a <strong>Atarfe <\/strong>\u00aben un centro neur\u00e1lgico para la comunicaci\u00f3n y el desarrollo de todo el \u00c1rea Metropolitana\u00bb.<\/p>\n<p><strong><span class=\"section-name\"> <span class=\"autor\"> Redacci\u00f3n aG<\/span><\/span><\/strong><\/p>\n<p>FOTO: El partido ha incidido adem\u00e1s en el fomento de la movilidad sostenible por parte del Gobierno de Espa\u00f1a con la reducci\u00f3n del precio del transporte p\u00fablico. Foto: PSOE de Granada<\/p>\n<blockquote class=\"wp-embedded-content\" data-secret=\"Qt3Ujw6vyt\"><p><a href=\"https:\/\/www.ahoragranada.com\/noticias\/el-psoe-considera-un-revulsivo-para-atarfe-el-impulso-a-la-gr43-y-las-mejoras-en-el-enlace-con-la-a92\/\">El PSOE considera un \u00abrevulsivo\u00bb para Atarfe el impulso a la GR43 y las mejoras en el enlace con la A92<\/a><\/p><\/blockquote>\n<p><iframe loading=\"lazy\" class=\"wp-embedded-content\" sandbox=\"allow-scripts\" security=\"restricted\" style=\"position: absolute; visibility: hidden;\" title=\"\u00abEl PSOE considera un &quot;revulsivo&quot; para Atarfe el impulso a la GR43 y las mejoras en el enlace con la A92\u00bb \u2014 Ahora Granada\" src=\"https:\/\/www.ahoragranada.com\/noticias\/el-psoe-considera-un-revulsivo-para-atarfe-el-impulso-a-la-gr43-y-las-mejoras-en-el-enlace-con-la-a92\/embed\/#?secret=wkHma7J5zk#?secret=Qt3Ujw6vyt\" data-secret=\"Qt3Ujw6vyt\" width=\"600\" height=\"338\" frameborder=\"0\" marginwidth=\"0\" marginheight=\"0\" scrolling=\"no\"><\/iframe><\/p>\n","protected":false},"excerpt":{"rendered":"<p>Los socialistas han subrayado el compromiso del Gobierno de Espa\u00f1a con las infraestructuras viarias y&#8230;<\/p>\n","protected":false},"author":1,"featured_media":79215,"comment_status":"closed","ping_status":"closed","sticky":false,"template":"","format":"standard","meta":{"_coblocks_attr":"","_coblocks_dimensions":"","_coblocks_responsive_height":"","_coblocks_accordion_ie_support":"","jetpack_post_was_ever_published":false,"_jetpack_newsletter_access":"","_jetpack_dont_email_post_to_subs":false,"_jetpack_newsletter_tier_id":0,"_jetpack_memberships_contains_paywalled_content":false,"_jetpack_memberships_contains_paid_content":false,"footnotes":"","jetpack_publicize_message":"","jetpack_publicize_feature_enabled":true,"jetpack_social_post_already_shared":true,"jetpack_social_options":{"image_generator_settings":{"template":"highway","default_image_id":0,"enabled":false},"version":2}},"categories":[2,1161,186,44],"tags":[],"class_list":["post-79214","post","type-post","status-publish","format-standard","has-post-thumbnail","hentry","category-atarfe","category-ciudadania","category-instituciones","category-noticias-de-hoy"],"jetpack_publicize_connections":[],"jetpack_featured_media_url":"https:\/\/i0.wp.com\/miradordeatarfe.es\/wp-content\/uploads\/2025\/10\/PSOE-Atarfe-inversiones.jpg?fit=970%2C546&ssl=1","jetpack_likes_enabled":true,"jetpack_sharing_enabled":true,"_links":{"self":[{"href":"https:\/\/miradordeatarfe.es\/index.php?rest_route=\/wp\/v2\/posts\/79214","targetHints":{"allow":["GET"]}}],"collection":[{"href":"https:\/\/miradordeatarfe.es\/index.php?rest_route=\/wp\/v2\/posts"}],"about":[{"href":"https:\/\/miradordeatarfe.es\/index.php?rest_route=\/wp\/v2\/types\/post"}],"author":[{"embeddable":true,"href":"https:\/\/miradordeatarfe.es\/index.php?rest_route=\/wp\/v2\/users\/1"}],"replies":[{"embeddable":true,"href":"https:\/\/miradordeatarfe.es\/index.php?rest_route=%2Fwp%2Fv2%2Fcomments&post=79214"}],"version-history":[{"count":1,"href":"https:\/\/miradordeatarfe.es\/index.php?rest_route=\/wp\/v2\/posts\/79214\/revisions"}],"predecessor-version":[{"id":79216,"href":"https:\/\/miradordeatarfe.es\/index.php?rest_route=\/wp\/v2\/posts\/79214\/revisions\/79216"}],"wp:featuredmedia":[{"embeddable":true,"href":"https:\/\/miradordeatarfe.es\/index.php?rest_route=\/wp\/v2\/media\/79215"}],"wp:attachment":[{"href":"https:\/\/miradordeatarfe.es\/index.php?rest_route=%2Fwp%2Fv2%2Fmedia&parent=79214"}],"wp:term":[{"taxonomy":"category","embeddable":true,"href":"https:\/\/miradordeatarfe.es\/index.php?rest_route=%2Fwp%2Fv2%2Fcategories&post=79214"},{"taxonomy":"post_tag","embeddable":true,"href":"https:\/\/miradordeatarfe.es\/index.php?rest_route=%2Fwp%2Fv2%2Ftags&post=79214"}],"curies":[{"name":"wp","href":"https:\/\/api.w.org\/{rel}","templated":true}]}}