{"id":79234,"date":"2025-10-12T09:37:21","date_gmt":"2025-10-12T07:37:21","guid":{"rendered":"https:\/\/miradordeatarfe.es\/?p=79234"},"modified":"2025-10-08T13:24:13","modified_gmt":"2025-10-08T11:24:13","slug":"pero-quien-no-quiere-ser-profe","status":"publish","type":"post","link":"https:\/\/miradordeatarfe.es\/?p=79234","title":{"rendered":"Pero \u00bfqui\u00e9n no quiere ser profe?"},"content":{"rendered":"<p class=\"paragraph text-xl pb-7 w-full text-pretty [&amp;_a]:text-link-normal dark:[&amp;_a]:text-link-dark [&amp;_a]:decoration-1 [&amp;_a:hover]:underline [&amp;_a:hover]:text-link-hover [&amp;_a:hover]:decoration-2 [&amp;_b_a]:text-link-normal dark:[&amp;_b_a]:text-link-dark [&amp;_b_a]:decoration-1 [&amp;_b_a:hover]:underline [&amp;_b_a:hover]:text-link-hover desktop:leading-relaxed break-words font-serif\" style=\"text-align: justify;\" data-original-text-size=\"text-xl\">Estos d\u00edas me he topado con una noticia que a buen seguro es uno de esos bulos que corren por ah\u00ed: faltan profesores en secundaria y el abandono de docentes de todos los niveles es cada vez m\u00e1s preocupante. La situaci\u00f3n se agravar\u00e1 en breve, ya que no hay cantera para relevar a los que rondamos los cincuenta y nos jubilaremos, si no nos matan antes a disgustos, en pocos a\u00f1os. La noticia tiene que ser, como digo, una patra\u00f1a, purito <i>fake news<\/i>: \u00bfQui\u00e9n no quiere ser <i>profe<\/i>, si nos pegamos la vida padre con nuestros diecisiete meses de vacaciones al a\u00f1o, con esos horarios que nos permiten estar en casita a las cinco en el peor de los casos, con esos pedazo de puentes de los que disfrutamos una semana s\u00ed y otra tambi\u00e9n? \u00a1Pero si es un chollazo!\u00a0 \u00a0<\/p>\n<p class=\"paragraph text-xl pb-7 w-full text-pretty [&amp;_a]:text-link-normal dark:[&amp;_a]:text-link-dark [&amp;_a]:decoration-1 [&amp;_a:hover]:underline [&amp;_a:hover]:text-link-hover [&amp;_a:hover]:decoration-2 [&amp;_b_a]:text-link-normal dark:[&amp;_b_a]:text-link-dark [&amp;_b_a]:decoration-1 [&amp;_b_a:hover]:underline [&amp;_b_a:hover]:text-link-hover desktop:leading-relaxed break-words font-serif\" style=\"text-align: justify;\" data-original-text-size=\"text-xl\">Bueno, existe un peque\u00f1o h\u00e1ndicap y es que nos cambian las leyes con tanta frecuencia que apenas hemos terminado de leer la \u00faltima cuando sale otra m\u00e1s moderna, m\u00e1s europea, m\u00e1s innovadora, m\u00e1s esta s\u00ed que s\u00ed que es la buena, te lo juro por Montessori. Y venga, a aprenderse los cambios de nomenclatura y a reescribir programaciones y a dise\u00f1ar plantillas de evaluaci\u00f3n al gusto del pol\u00edtico de turno. Ning\u00fan problema. <i>Pa <\/i>eso estamos. Lo mismo luego no nos da tiempo de programar como toca la atenci\u00f3n a la diversidad en el aula, pero eso forma parte de nuestra incompetencia de serie, de qu\u00e9 vas a quejarte con lo bien que vives.<\/p>\n<p class=\"paragraph text-xl pb-7 w-full text-pretty [&amp;_a]:text-link-normal dark:[&amp;_a]:text-link-dark [&amp;_a]:decoration-1 [&amp;_a:hover]:underline [&amp;_a:hover]:text-link-hover [&amp;_a:hover]:decoration-2 [&amp;_b_a]:text-link-normal dark:[&amp;_b_a]:text-link-dark [&amp;_b_a]:decoration-1 [&amp;_b_a:hover]:underline [&amp;_b_a:hover]:text-link-hover desktop:leading-relaxed break-words font-serif\" style=\"text-align: justify;\" data-original-text-size=\"text-xl\">Matizo: que vives o que no vives. Porque no quisiera ponerme dram\u00e1tica pero es posible que esa huida de muchos maestros de la que, dicen, hace gala la juventud, nazca de la indefensi\u00f3n ante las agresiones verbales y f\u00edsicas, que son cotidianas en los centros escolares. As\u00ed, como recordatorio, y para que se vea que el asunto no es trivial, a finales del curso pasado apu\u00f1alaron a un docente a la salida de un instituto de Barcelona al grito de \u201cToma, profe, por listo\u201d, y en 2023 un alumno hiri\u00f3 a una profesora y mat\u00f3 de una pu\u00f1alada al compa\u00f1ero que acudi\u00f3 a atenderla.<\/p>\n<p class=\"paragraph text-xl pb-7 w-full text-pretty [&amp;_a]:text-link-normal dark:[&amp;_a]:text-link-dark [&amp;_a]:decoration-1 [&amp;_a:hover]:underline [&amp;_a:hover]:text-link-hover [&amp;_a:hover]:decoration-2 [&amp;_b_a]:text-link-normal dark:[&amp;_b_a]:text-link-dark [&amp;_b_a]:decoration-1 [&amp;_b_a:hover]:underline [&amp;_b_a:hover]:text-link-hover desktop:leading-relaxed break-words font-serif\" style=\"text-align: justify;\" data-original-text-size=\"text-xl\">Quiz\u00e1s, si me creyese el bulo, dir\u00eda que la peineta con la que potenciales educadores responden a la posibilidad de trabajar en nuestras aulas guarda relaci\u00f3n con el desprecio hacia el profesorado que desprende la clase pol\u00edtica. Cuando algunos medios se han hecho eco de las im\u00e1genes y los datos personales de maestras y maestros para su escarnio p\u00fablico, la respuesta de las instituciones ha sido m\u00e1s bien tibia a la hora de defender al personal. Sucedi\u00f3 durante el <i>Proc\u00e9s<\/i>, con nueve docentes a los que El Mundo acus\u00f3 de un delito de odio, que jam\u00e1s cometieron, hacia hijos de guardias civiles y, m\u00e1s recientemente, con una profesora de Mallorca que exigi\u00f3 a un alumno que descolgara la bandera de Espa\u00f1a del aula durante el Mundial, pues solo se permit\u00eda exhibirla durante las jornadas en las que jugase el equipo patrio.<\/p>\n<p class=\"paragraph text-xl pb-7 w-full text-pretty [&amp;_a]:text-link-normal dark:[&amp;_a]:text-link-dark [&amp;_a]:decoration-1 [&amp;_a:hover]:underline [&amp;_a:hover]:text-link-hover [&amp;_a:hover]:decoration-2 [&amp;_b_a]:text-link-normal dark:[&amp;_b_a]:text-link-dark [&amp;_b_a]:decoration-1 [&amp;_b_a:hover]:underline [&amp;_b_a:hover]:text-link-hover desktop:leading-relaxed break-words font-serif\" style=\"text-align: justify;\" data-original-text-size=\"text-xl\">Tampoco ayuda que unas veces el PP, otras Vox, y otras los dos de la manita, llamen \u201cadoctrinar\u201d a ense\u00f1ar los valores propios de un pa\u00eds democr\u00e1tico o \u201ccorrupci\u00f3n de menores\u201d a la educaci\u00f3n en igualdad. Imag\u00ednense si nuestras instituciones, adem\u00e1s de asegurar que esclarecer\u00e1n lo ocurrido cuando se acosa a un o una docente, dieran un golpe en la mesa y dijeran que por supuesto que el profesorado tiene la obligaci\u00f3n de cumplir y hacer cumplir la normas de convivencia y los valores democr\u00e1ticos, digan lo que digan Feij\u00f3o, Abascal y el resto de la tropa. Puede que si la sociedad no percibiese nuestra fragilidad ante la jaur\u00eda, si observase una respuesta contundente cuando se atenta contra nuestra dignidad o se entorpece nuestro trabajo, no hubiera tantos remilgos a la hora de dedicarse a la ense\u00f1anza.<\/p>\n<p class=\"paragraph text-xl pb-7 w-full text-pretty [&amp;_a]:text-link-normal dark:[&amp;_a]:text-link-dark [&amp;_a]:decoration-1 [&amp;_a:hover]:underline [&amp;_a:hover]:text-link-hover [&amp;_a:hover]:decoration-2 [&amp;_b_a]:text-link-normal dark:[&amp;_b_a]:text-link-dark [&amp;_b_a]:decoration-1 [&amp;_b_a:hover]:underline [&amp;_b_a:hover]:text-link-hover desktop:leading-relaxed break-words font-serif\" style=\"text-align: justify;\" data-original-text-size=\"text-xl\">Yo qu\u00e9 s\u00e9. Me gusta imaginar unos dirigentes que no se acobardan frente a la ofensiva de la ultraderecha m\u00e1s inculta, retr\u00f3grada y terraplanista contra el profesorado. Sin embargo, la realidad es la que es: muchas sentimos que, ante cualquier incidente que menoscabe nuestra dignidad o nuestra seguridad, no encontraremos apoyo m\u00e1s all\u00e1 del que puedan proporcionarnos las compa\u00f1eras y compa\u00f1eros del centro escolar.<\/p>\n<p class=\"paragraph text-xl pb-7 w-full text-pretty [&amp;_a]:text-link-normal dark:[&amp;_a]:text-link-dark [&amp;_a]:decoration-1 [&amp;_a:hover]:underline [&amp;_a:hover]:text-link-hover [&amp;_a:hover]:decoration-2 [&amp;_b_a]:text-link-normal dark:[&amp;_b_a]:text-link-dark [&amp;_b_a]:decoration-1 [&amp;_b_a:hover]:underline [&amp;_b_a:hover]:text-link-hover desktop:leading-relaxed break-words font-serif\" style=\"text-align: justify;\" data-original-text-size=\"text-xl\">Y mejor no hablar de las comunidades donde los responsables de la Consejer\u00eda de Educaci\u00f3n forman parte de esa ultraderecha. A ver si no a cuento de qu\u00e9 iban a reprender a un maestro por vestir una camiseta con los colores de la bandera palestina, como ha sucedido en Alcorc\u00f3n. Ah, y le han dicho que tampoco puede llevar la imagen de una sand\u00eda. Dar\u00eda risa si no fuera porque es muy triste y porque, ya saben\u2026faltan maestros. Al final no va a ser un bulo. Y supongo que, visto lo visto, a nadie le extra\u00f1a.<\/p>\n<p style=\"text-align: justify;\"><strong>Por <\/strong><a class=\"font-bold\" href=\"https:\/\/www.publico.es\/author\/oti-corona\"><strong>Oti Corona<\/strong><\/a><\/p>\n<p style=\"text-align: justify;\">FOTO: <span class=\"image-description\" title=\"Manifestaci\u00f3n organizada por los sindicatos de ense\u00f1anza en Oviedo. Imagen de archivo.\">Manifestaci\u00f3n organizada por los sindicatos de ense\u00f1anza en Oviedo. Imagen de archivo.<\/span><strong class=\"author ml-1.5\" title=\"Jorge Peteiro \/ Europa Press\">Jorge Peteiro \/ Europa Press<\/strong><\/p>\n<p style=\"text-align: justify;\">https:\/\/www.publico.es\/opinion\/columnas\/pero-quiere-profe.html?utm_medium=newsletter&#038;utm_campaign=captacion&#038;utm_content=hoy&#038;segment=registrados&#038;tpcc=nl_hoy0525&#038;pnespid=XKQ3_kBH8TQJjA_Q9MrQBkFV8Q1i2O93rh1UQ6tfNZ.KNM9qFKLrPSXHxv8FGARc4a8pqE.V<\/p>\n","protected":false},"excerpt":{"rendered":"<p>Estos d\u00edas me he topado con una noticia que a buen seguro es uno de&#8230;<\/p>\n","protected":false},"author":1,"featured_media":79235,"comment_status":"closed","ping_status":"closed","sticky":false,"template":"","format":"standard","meta":{"_coblocks_attr":"","_coblocks_dimensions":"","_coblocks_responsive_height":"","_coblocks_accordion_ie_support":"","jetpack_post_was_ever_published":false,"_jetpack_newsletter_access":"","_jetpack_dont_email_post_to_subs":false,"_jetpack_newsletter_tier_id":0,"_jetpack_memberships_contains_paywalled_content":false,"_jetpack_memberships_contains_paid_content":false,"footnotes":"","jetpack_publicize_message":"","jetpack_publicize_feature_enabled":true,"jetpack_social_post_already_shared":true,"jetpack_social_options":{"image_generator_settings":{"template":"highway","default_image_id":0,"enabled":false},"version":2}},"categories":[187,1161,186,44],"tags":[],"class_list":["post-79234","post","type-post","status-publish","format-standard","has-post-thumbnail","hentry","category-centros-educativos","category-ciudadania","category-instituciones","category-noticias-de-hoy"],"jetpack_publicize_connections":[],"jetpack_featured_media_url":"https:\/\/i0.wp.com\/miradordeatarfe.es\/wp-content\/uploads\/2025\/10\/68de726a2c630.r_d.1004-844-7027.jpeg?fit=990%2C557&ssl=1","jetpack_likes_enabled":true,"jetpack_sharing_enabled":true,"_links":{"self":[{"href":"https:\/\/miradordeatarfe.es\/index.php?rest_route=\/wp\/v2\/posts\/79234","targetHints":{"allow":["GET"]}}],"collection":[{"href":"https:\/\/miradordeatarfe.es\/index.php?rest_route=\/wp\/v2\/posts"}],"about":[{"href":"https:\/\/miradordeatarfe.es\/index.php?rest_route=\/wp\/v2\/types\/post"}],"author":[{"embeddable":true,"href":"https:\/\/miradordeatarfe.es\/index.php?rest_route=\/wp\/v2\/users\/1"}],"replies":[{"embeddable":true,"href":"https:\/\/miradordeatarfe.es\/index.php?rest_route=%2Fwp%2Fv2%2Fcomments&post=79234"}],"version-history":[{"count":1,"href":"https:\/\/miradordeatarfe.es\/index.php?rest_route=\/wp\/v2\/posts\/79234\/revisions"}],"predecessor-version":[{"id":79236,"href":"https:\/\/miradordeatarfe.es\/index.php?rest_route=\/wp\/v2\/posts\/79234\/revisions\/79236"}],"wp:featuredmedia":[{"embeddable":true,"href":"https:\/\/miradordeatarfe.es\/index.php?rest_route=\/wp\/v2\/media\/79235"}],"wp:attachment":[{"href":"https:\/\/miradordeatarfe.es\/index.php?rest_route=%2Fwp%2Fv2%2Fmedia&parent=79234"}],"wp:term":[{"taxonomy":"category","embeddable":true,"href":"https:\/\/miradordeatarfe.es\/index.php?rest_route=%2Fwp%2Fv2%2Fcategories&post=79234"},{"taxonomy":"post_tag","embeddable":true,"href":"https:\/\/miradordeatarfe.es\/index.php?rest_route=%2Fwp%2Fv2%2Ftags&post=79234"}],"curies":[{"name":"wp","href":"https:\/\/api.w.org\/{rel}","templated":true}]}}