{"id":79237,"date":"2025-10-06T11:25:50","date_gmt":"2025-10-06T09:25:50","guid":{"rendered":"https:\/\/miradordeatarfe.es\/?p=79237"},"modified":"2025-10-16T09:56:34","modified_gmt":"2025-10-16T07:56:34","slug":"luces-de-octubre-por-remedios-sanchez","status":"publish","type":"post","link":"https:\/\/miradordeatarfe.es\/?p=79237","title":{"rendered":"\u00abLuces de octubre\u00bb por Remedios S\u00e1nchez"},"content":{"rendered":"<h3 class=\"v-p\" style=\"text-align: justify;\">Amanece octubre y una canci\u00f3n tornasolada de hojas marrones va descendiendo lentamente del pl\u00e1tano de sombra, del arce y del ginkgo biloba vivaldiano; apenas han <span class=\"paywall pw-open\">rozado las primeras gotas de lluvia oto\u00f1al los espacios ciudadanos, pero se intuye en el ambiente un frescor de ma\u00f1ana que invita a la sorpresa y a la risa.<\/span><\/h3>\n<div class=\"paywall\" data-mrf-recirculation=\"Link art\u00edculos\">\n<p class=\"v-p\" style=\"text-align: justify;\">La emoci\u00f3n se desliza por las calles en las caras de los ni\u00f1os que apenas han empezado el colegio; casi todos llevan reci\u00e9n estrenadas las mochilas, los l\u00e1pices de colores, una libreta azul donde ir garabateando el futuro y una goma de borrar, que sirve para empezar de nuevo cuando se confunden de adjetivo o no les sale el dibujo. Equivocarse forma parte del proceso aunque ellos todav\u00eda no lo sepan porque a esas edades todo es m\u00e1gico, hallazgo maravilloso, prodigio inesperado.<\/p>\n<p class=\"v-p\" style=\"text-align: justify;\">Con la fuerza que da la emoci\u00f3n de necesitar explorar el mundo peque\u00f1o que cabe en su cotidianeidad, a estas edades es imposible que asomen la pereza o el cansancio; tampoco el silencio, porque hay una imperiosa obligaci\u00f3n de preguntarlo todo: desde las razones por las que la nieve est\u00e9 tan fr\u00eda al porqu\u00e9 de irse a dormir.<\/p>\n<p class=\"v-p\" style=\"text-align: justify;\">As\u00ed, caminan y hablan de la mano de sus padres o de sus hermanos mayores con la fascinaci\u00f3n del descubrimiento que supone empezar a comprender que la vida se hace de peque\u00f1os fragmentos de espejo que cada cual va combinando despaciosamente hasta poder mirarse en ellos. Esta suma de recuerdos que se van entremezclando \u2014aun precariamente\u2014 conformar\u00e1n luego aquella memoria involuntaria de la que hablaba Proust, retazos de a\u00f1oranzas que, en los momentos dif\u00edciles, sirven para refugiarse en ellos como quien se cobija en un abrigo desgastado por el uso que se acomoda perfectamente a nuestro cuerpo.<\/p>\n<p class=\"v-p\" style=\"text-align: justify;\">Pero ahora es momento de alegr\u00eda, de ir desvelando secretos cercanos y lejanos guiados por las voces de los padres, los abuelos y, sobre todo, de los maestros. En ellos se depositan las esperanzas de futuro, conscientes de que cada ni\u00f1o es un asombro fr\u00e1gil que requiere prudencia, entusiasmo y talento para despertar la imaginaci\u00f3n como motor que abre las infinitas posibilidades de las preguntas a la espera de respuesta.<\/p>\n<p class=\"v-p\" style=\"text-align: justify;\">Apenas son las nueve y ya se van sentando en los pupitres sin dejar de jugar entre ellos y de hablarse a gritos. S\u00f3lo la paciencia alegre y abisal de los docentes vocacionales obra el milagro de frenar el torrente unos instantes; apenas nada, lo justo para encauzarlos por el senderillo gozoso de losetas rojas, verdes o magentas que los lleva a cada hallazgo.<\/p>\n<p class=\"v-p\" style=\"text-align: justify;\">Hoy pueden ser las letras del abecedario que bailan o se visten de domingo para ser may\u00fasculas. Ma\u00f1ana tal vez se arriesguen a explorar, cautelosos al principio y decididos despu\u00e9s, el rinc\u00f3n de lectura para desvanecer su orden con la impaciencia de quien quiere desplegar el infinito con s\u00f3lo volver las p\u00e1ginas. Luego, al d\u00eda siguiente, navegar\u00e1n entre n\u00fameros, iniciar\u00e1n la traves\u00eda que los lleve a comprender que todo lo que no suma acaba por restar, y que cualquier resta es el paso primigenio de la divisi\u00f3n.<\/p>\n<p class=\"v-p\" style=\"text-align: justify;\">Es decir, que todo ir\u00e1 avanzando con la templanza de saber que los ni\u00f1os no son c\u00e1ntaros que se llenan de agua, sino luces que se encienden al combinar \u00e1gilmente movimiento, curiosidad y extra\u00f1eza, haciendo del aprendizaje una aventura perpetua. La aventura que es vivir.<\/p>\n<\/div>\n","protected":false},"excerpt":{"rendered":"<p>Amanece octubre y una canci\u00f3n tornasolada de hojas marrones va descendiendo lentamente del pl\u00e1tano de&#8230;<\/p>\n","protected":false},"author":1,"featured_media":79238,"comment_status":"closed","ping_status":"closed","sticky":false,"template":"","format":"standard","meta":{"_coblocks_attr":"","_coblocks_dimensions":"","_coblocks_responsive_height":"","_coblocks_accordion_ie_support":"","jetpack_post_was_ever_published":false,"_jetpack_newsletter_access":"","_jetpack_dont_email_post_to_subs":false,"_jetpack_newsletter_tier_id":0,"_jetpack_memberships_contains_paywalled_content":false,"_jetpack_memberships_contains_paid_content":false,"footnotes":"","jetpack_publicize_message":"","jetpack_publicize_feature_enabled":true,"jetpack_social_post_already_shared":false,"jetpack_social_options":{"image_generator_settings":{"template":"highway","default_image_id":0,"enabled":false},"version":2}},"categories":[187,1161,186,44,6914],"tags":[],"class_list":["post-79237","post","type-post","status-publish","format-standard","has-post-thumbnail","hentry","category-centros-educativos","category-ciudadania","category-instituciones","category-noticias-de-hoy","category-opinion-de-reme-sanchez"],"jetpack_publicize_connections":[],"jetpack_featured_media_url":"https:\/\/i0.wp.com\/miradordeatarfe.es\/wp-content\/uploads\/2025\/10\/ninoa-escuela.jpeg?fit=321%2C180&ssl=1","jetpack_likes_enabled":true,"jetpack_sharing_enabled":true,"_links":{"self":[{"href":"https:\/\/miradordeatarfe.es\/index.php?rest_route=\/wp\/v2\/posts\/79237","targetHints":{"allow":["GET"]}}],"collection":[{"href":"https:\/\/miradordeatarfe.es\/index.php?rest_route=\/wp\/v2\/posts"}],"about":[{"href":"https:\/\/miradordeatarfe.es\/index.php?rest_route=\/wp\/v2\/types\/post"}],"author":[{"embeddable":true,"href":"https:\/\/miradordeatarfe.es\/index.php?rest_route=\/wp\/v2\/users\/1"}],"replies":[{"embeddable":true,"href":"https:\/\/miradordeatarfe.es\/index.php?rest_route=%2Fwp%2Fv2%2Fcomments&post=79237"}],"version-history":[{"count":1,"href":"https:\/\/miradordeatarfe.es\/index.php?rest_route=\/wp\/v2\/posts\/79237\/revisions"}],"predecessor-version":[{"id":79239,"href":"https:\/\/miradordeatarfe.es\/index.php?rest_route=\/wp\/v2\/posts\/79237\/revisions\/79239"}],"wp:featuredmedia":[{"embeddable":true,"href":"https:\/\/miradordeatarfe.es\/index.php?rest_route=\/wp\/v2\/media\/79238"}],"wp:attachment":[{"href":"https:\/\/miradordeatarfe.es\/index.php?rest_route=%2Fwp%2Fv2%2Fmedia&parent=79237"}],"wp:term":[{"taxonomy":"category","embeddable":true,"href":"https:\/\/miradordeatarfe.es\/index.php?rest_route=%2Fwp%2Fv2%2Fcategories&post=79237"},{"taxonomy":"post_tag","embeddable":true,"href":"https:\/\/miradordeatarfe.es\/index.php?rest_route=%2Fwp%2Fv2%2Ftags&post=79237"}],"curies":[{"name":"wp","href":"https:\/\/api.w.org\/{rel}","templated":true}]}}