{"id":7925,"date":"2016-04-02T09:19:09","date_gmt":"2016-04-02T09:19:09","guid":{"rendered":"http:\/\/miradordeatarfe.es\/?p=7925"},"modified":"2016-03-30T09:23:05","modified_gmt":"2016-03-30T09:23:05","slug":"juan-molina-montalvo-y-maria-dolores-hernandez-alcaldes-de-sierra-elvira-y-caparacena-respectivamente","status":"publish","type":"post","link":"https:\/\/miradordeatarfe.es\/?p=7925","title":{"rendered":"Juan Molina Montalvo y Mar\u00eda Dolores Hern\u00e1ndez, alcaldes de Sierra Elvira y Caparacena respectivamente"},"content":{"rendered":"<p><span class=\"contenidos_subtitulo\">El equipo de gobierno renuncia a su potestad de eligir a los representantes ped\u00e1neos y delega en los propios vecinos de las pedan\u00edas la designaci\u00f3n de sus alcaldes. Tambi\u00e9n trasladaron al gobierno sus demandas. <\/span><!--more--><\/p>\n<p style=\"text-align: justify;\"><strong>Juan Molina Montalvo<\/strong> y <strong>Mar\u00eda Dolores Hern\u00e1ndez<\/strong> resultaron elegidos por votaci\u00f3n alcaldes ped\u00e1neos de <strong>Sierra Elvira<\/strong> y <strong>Caparacena <\/strong>respectivamente.<\/p>\n<p style=\"text-align: justify;\">Aunque la elecci\u00f3n de m\u00e1ximo representante de los anejos ven\u00eda siendo una potestad del alcalde de Atarfe, el actual equipo de gobierno ha querido que sean los propios vecinos los que elijan a sus representantes \u00aben inter\u00e9s de la participaci\u00f3n ciudadana y de fortalecer la democracia\u00bb.<\/p>\n<p style=\"text-align: justify;\">En la consulta realizada en Sierra Elvira participaron 40 vecinos que respaldaron con aplastante mayor\u00eda al \u00fanico candidato, Juan Molina Montalvo, quien ya era alcalde ped\u00e1neo en los \u00faltimos a\u00f1os, logrando en esta ocasi\u00f3n el 99 por ciento de los votos.<\/p>\n<p style=\"text-align: justify;\">El equipo de gobierno inform\u00f3 de cuestiones municipales que afectan a la pedan\u00eda y de asuntos de actualidad que interesan a los vecinos como las razones de la subida de la tasa de basura o el pago de la tasa de tratamiento de residuos s\u00f3lidos. Por su parte, los propios vecinos plantearon como actuaciones a realizar el arreglo del tejado de la Iglesia, el entubamiento de la acequia junto a la carretera de C\u00f3rdoba, la mejora de la se\u00f1al de internet y una soluci\u00f3n al problema de los excrementos de los perros.<\/p>\n<p style=\"text-align: justify;\">En Caparacena se presentaron dos candidatas: Mar\u00eda Dolores Hern\u00e1ndez y Mar\u00eda Nieves Moreno Morales. Asistieron 34 vecinos que eligieron a Mar\u00eda Dolores por 17 votos frente a los 14 que obtuvo Mar\u00eda Nieves. El equipo de gobierno agradeci\u00f3 al alcalde saliente,<strong> Luis Moreno Morales<\/strong>, la labor realizada a lo largo de estos a\u00f1os.<\/p>\n<p style=\"text-align: justify;\">Tambi\u00e9n en Caparacena se inform\u00f3 de asuntos municipales y los vecinos trasladaron al gobierno su preocupaci\u00f3n por los cortes de luz, la falta de presi\u00f3n del agua, la necesidad de organizar m\u00e1s actividades para j\u00f3venes y mayores, y la puesta en marcha de una pista polideportiva que se viene reclamando desde hace a\u00f1os. Tambi\u00e9n se solicitaron arreglos menores pero no menos importantes como es el cuidado de los solares abandonados.<\/p>\n<div align=\"right\"><a href=\"http:\/\/www.ciudadatarfe.com\/index.php\"><img data-recalc-dims=\"1\" decoding=\"async\" src=\"https:\/\/i0.wp.com\/www.ciudadatarfe.com\/imagenes\/boton_volver.gif?w=640\" alt=\"Volver al Listado\" align=\"absmiddle\" border=\"0\" \/><\/a><\/div>\n","protected":false},"excerpt":{"rendered":"<p>El equipo de gobierno renuncia a su potestad de eligir a los representantes ped\u00e1neos y&#8230;<\/p>\n","protected":false},"author":1,"featured_media":7926,"comment_status":"closed","ping_status":"closed","sticky":false,"template":"","format":"standard","meta":{"_coblocks_attr":"","_coblocks_dimensions":"","_coblocks_responsive_height":"","_coblocks_accordion_ie_support":"","jetpack_post_was_ever_published":false,"_jetpack_newsletter_access":"","_jetpack_dont_email_post_to_subs":false,"_jetpack_newsletter_tier_id":0,"_jetpack_memberships_contains_paywalled_content":false,"_jetpack_memberships_contains_paid_content":false,"footnotes":"","jetpack_publicize_message":"","jetpack_publicize_feature_enabled":true,"jetpack_social_post_already_shared":false,"jetpack_social_options":{"image_generator_settings":{"template":"highway","default_image_id":0,"enabled":false},"version":2}},"categories":[2,1161,44,15],"tags":[2412,81],"class_list":["post-7925","post","type-post","status-publish","format-standard","has-post-thumbnail","hentry","category-atarfe","category-ciudadania","category-noticias-de-hoy","category-ultimas-noticias","tag-alcaldes-pedaneos","tag-atarfe"],"jetpack_publicize_connections":[],"jetpack_featured_media_url":"https:\/\/i0.wp.com\/miradordeatarfe.es\/wp-content\/uploads\/2016\/03\/amalurra-granada.jpg?fit=550%2C413&ssl=1","jetpack_likes_enabled":true,"jetpack_sharing_enabled":true,"_links":{"self":[{"href":"https:\/\/miradordeatarfe.es\/index.php?rest_route=\/wp\/v2\/posts\/7925","targetHints":{"allow":["GET"]}}],"collection":[{"href":"https:\/\/miradordeatarfe.es\/index.php?rest_route=\/wp\/v2\/posts"}],"about":[{"href":"https:\/\/miradordeatarfe.es\/index.php?rest_route=\/wp\/v2\/types\/post"}],"author":[{"embeddable":true,"href":"https:\/\/miradordeatarfe.es\/index.php?rest_route=\/wp\/v2\/users\/1"}],"replies":[{"embeddable":true,"href":"https:\/\/miradordeatarfe.es\/index.php?rest_route=%2Fwp%2Fv2%2Fcomments&post=7925"}],"version-history":[{"count":2,"href":"https:\/\/miradordeatarfe.es\/index.php?rest_route=\/wp\/v2\/posts\/7925\/revisions"}],"predecessor-version":[{"id":7928,"href":"https:\/\/miradordeatarfe.es\/index.php?rest_route=\/wp\/v2\/posts\/7925\/revisions\/7928"}],"wp:featuredmedia":[{"embeddable":true,"href":"https:\/\/miradordeatarfe.es\/index.php?rest_route=\/wp\/v2\/media\/7926"}],"wp:attachment":[{"href":"https:\/\/miradordeatarfe.es\/index.php?rest_route=%2Fwp%2Fv2%2Fmedia&parent=7925"}],"wp:term":[{"taxonomy":"category","embeddable":true,"href":"https:\/\/miradordeatarfe.es\/index.php?rest_route=%2Fwp%2Fv2%2Fcategories&post=7925"},{"taxonomy":"post_tag","embeddable":true,"href":"https:\/\/miradordeatarfe.es\/index.php?rest_route=%2Fwp%2Fv2%2Ftags&post=7925"}],"curies":[{"name":"wp","href":"https:\/\/api.w.org\/{rel}","templated":true}]}}