{"id":79257,"date":"2025-10-07T11:07:28","date_gmt":"2025-10-07T09:07:28","guid":{"rendered":"https:\/\/miradordeatarfe.es\/?p=79257"},"modified":"2025-10-06T14:16:41","modified_gmt":"2025-10-06T12:16:41","slug":"granada-clamo-por-el-fin-del-genocidio-en-gaza","status":"publish","type":"post","link":"https:\/\/miradordeatarfe.es\/?p=79257","title":{"rendered":"Granada clam\u00f3 por el fin del genocidio en Gaza"},"content":{"rendered":"<div class=\"cols2-2\">\n<div class=\"colA\">\n<h3 class=\"entrad\">Una multitudinaria manifestaci\u00f3n llen\u00f3 este s\u00e1bado por la tarde el centro de Granada, desde el Triunfo a la Fuente de las Batallas.<\/h3>\n<div class=\"cuerpo\">\n<p>Miles de personas llenaron esta tarde las calles del centro de Granada por Palestina, por Gaza, y contra el Gobierno israel\u00ed, en una multitudinaria manifestaci\u00f3n.\u00a0<\/p>\n<p>La protesta en Granada en una jornada que vive manifestaciones similares en numerosas ciudades de Espa\u00f1a y del mundo, exigi\u00f3 el final del genocidio israel\u00ed en Gaza y expres\u00f3 su rechazo por el asalto a la Global Sumud Flotilla.\u00a0<\/p>\n<p class=\"sumari\">Granada demuestra su solidaridad con el pueblo palestino<\/p>\n<p>Granada demuestra su solidaridad con el pueblo palestino. Cada marcha organizada, la \u00faltima antes de la de esta tarde, en la jornada del jueves, congrega a m\u00e1s gentio; pero la de este s\u00e1bado, sin duda, ha sido la m\u00e1s numerosa, con 9.000 asistentes, seg\u00fan la Polic\u00eda Nacional, que pod\u00eda ser el doble, a ojos de participantes. J\u00f3venes y mayores, familias enteras, estudiantes y jubilados sensibilizados ante la masacre de un pueblo. Como interpelaba uno de los carteles: \u00ab\u00bfQu\u00e9 dir\u00e1s cuando te pregunten t\u00fa qu\u00e9 hiciste?\u00bb.<\/p>\n<div class=\"divdest\">\n<div class=\"media media-element-container media-default\">\n<div id=\"file-119739\" class=\"file file-image file-image-jpeg\">\n<h2 class=\"element-invisible\"><img data-recalc-dims=\"1\" loading=\"lazy\" decoding=\"async\" class=\"media-element file-default\" src=\"https:\/\/i0.wp.com\/www.elindependientedegranada.es\/sites\/default\/files\/que_hiciste.jpg?resize=640%2C480&#038;ssl=1\" alt=\"\" width=\"640\" height=\"480\" data-delta=\"4\" \/><\/h2>\n<\/div>\n<\/div>\n<\/div>\n<p>La movilizaci\u00f3n, convocada por la Plataforma BDS Granada, adem\u00e1s de Andaluc\u00eda con Palestina y Red Solidaria contra la Ocupaci\u00f3n de Palestina y respaldada por numerosos colectivos ciudadanos y sindicales, discurri\u00f3 entre los jardines del Triunfo y la Fuente de las Batallas, entre c\u00e1nticos a favor del pueblo palestino, por la libertad de la flotilla humanitaria o contra Netanyahu.\u00a0<\/p>\n<div class=\"divdest\">\n<div class=\"media media-element-container media-default\">\n<div id=\"file-119736\" class=\"file file-image file-image-jpeg\">\n<h2 class=\"element-invisible\"><img data-recalc-dims=\"1\" loading=\"lazy\" decoding=\"async\" class=\"media-element file-default\" src=\"https:\/\/i0.wp.com\/www.elindependientedegranada.es\/sites\/default\/files\/gran_manifa_1.jpg?resize=640%2C480&#038;ssl=1\" alt=\"\" width=\"640\" height=\"480\" data-delta=\"1\" \/><\/h2>\n<\/div>\n<\/div>\n<div class=\"media media-element-container media-default\">\n<div id=\"file-119740\" class=\"file file-image file-image-jpeg\"><\/p>\n<div class=\"content\"><img data-recalc-dims=\"1\" loading=\"lazy\" decoding=\"async\" class=\"media-element file-default\" src=\"https:\/\/i0.wp.com\/www.elindependientedegranada.es\/sites\/default\/files\/palestina_vencera.jpg?resize=640%2C1137&#038;ssl=1\" alt=\"\" width=\"640\" height=\"1137\" data-delta=\"5\" \/><\/div>\n<\/div>\n<\/div>\n<div class=\"media media-element-container media-default\">\n<div id=\"file-119738\" class=\"file file-image file-image-jpeg\">\n<div class=\"content\"><img data-recalc-dims=\"1\" loading=\"lazy\" decoding=\"async\" class=\"media-element file-default\" src=\"https:\/\/i0.wp.com\/www.elindependientedegranada.es\/sites\/default\/files\/genocidio.jpg?resize=640%2C763&#038;ssl=1\" alt=\"\" width=\"640\" height=\"763\" data-delta=\"3\" \/><\/div>\n<\/div>\n<\/div>\n<p>Fotos: IndeGranada<\/p><\/div>\n<p>Muchos y muchas de los asistentes tocados con la kufiya -el pa\u00f1uelo palestino-, carteles y banderas, entre ellas una gigantesca. Tambi\u00e9n una simb\u00f3lica que reflejaba el paso del tiempo, deshilachada, descolorida tras ondear durante a\u00f1os en la casa del Albaic\u00edn de uno de los fundadores del movimiento BDS en Granada. Una bandera que es un s\u00edmbolo, porque la lucha del pueblo palestino\u00a0<\/p>\n<p>A su llegada a Puerta Real, los manifestantes protagonizaron una sentada para seguir visibilizando su apoyo a la poblaci\u00f3n que est\u00e1 siendo masacrada.acumula a\u00f1os.\u00a0<\/p>\n<p class=\"divdest\">La marcha ha transcurrido sin incidentes. La Polic\u00eda Nacional estaba apostada a las puertas de algunos negocios, franquicias de multinacionales. Los manifestantes han lanzado gritos se\u00f1alando su rechazo por \u00abfinanciar\u00bb el genocidio.\u00a0<\/p>\n<div class=\"media media-element-container media-default\">\n<div id=\"file-119741\" class=\"file file-image file-image-jpeg\">\n<h2 class=\"element-invisible\"><img data-recalc-dims=\"1\" loading=\"lazy\" decoding=\"async\" class=\"media-element file-default\" src=\"https:\/\/i0.wp.com\/www.elindependientedegranada.es\/sites\/default\/files\/kfc.jpg?resize=640%2C855&#038;ssl=1\" alt=\"\" width=\"640\" height=\"855\" data-delta=\"6\" \/><\/h2>\n<\/div>\n<\/div>\n<p>Foto: P. V.<\/p>\n<div class=\"divdest\">\n<div class=\"media media-element-container media-default\">\n<div id=\"file-119755\" class=\"file file-image file-image-jpeg\">\n<h2 class=\"element-invisible\"><img data-recalc-dims=\"1\" loading=\"lazy\" decoding=\"async\" class=\"media-element file-default\" src=\"https:\/\/i0.wp.com\/www.elindependientedegranada.es\/sites\/default\/files\/atarfe_5.jpg?resize=640%2C480&#038;ssl=1\" alt=\"\" width=\"640\" height=\"480\" data-delta=\"7\" \/><\/h2>\n<\/div>\n<\/div>\n<div class=\"media media-element-container media-default\">\n<div id=\"file-119756\" class=\"file file-image file-image-jpeg\">\n<div class=\"content\"><img data-recalc-dims=\"1\" loading=\"lazy\" decoding=\"async\" class=\"media-element file-default\" src=\"https:\/\/i0.wp.com\/www.elindependientedegranada.es\/sites\/default\/files\/ia.jpg?resize=640%2C480&#038;ssl=1\" alt=\"\" width=\"640\" height=\"480\" data-delta=\"8\" \/><\/div>\n<\/div>\n<\/div>\n<div class=\"media media-element-container media-default\">\n<div id=\"file-119758\" class=\"file file-image file-image-jpeg\">\n<h2 class=\"element-invisible\"><img data-recalc-dims=\"1\" loading=\"lazy\" decoding=\"async\" class=\"media-element file-default\" src=\"https:\/\/i0.wp.com\/www.elindependientedegranada.es\/sites\/default\/files\/estudiants_0.jpg?resize=640%2C480&#038;ssl=1\" alt=\"\" width=\"640\" height=\"480\" data-delta=\"9\" \/><\/h2>\n<\/div>\n<\/div>\n<\/div>\n<p><strong>La Plataforma BDS Granada, junto a la Plataforma SOS, la Coordinadora \u2018Andaluc\u00eda con Palestina\u2019 y la Red Solidaria Contra la Ocupaci\u00f3n de Palestina <\/strong>son las organizaciones convocantes de la manifestaci\u00f3n celebrada en Granada, como en otras ciudades del pa\u00eds, en una jornada de movilizaci\u00f3n masiva contra el genocidio del pueblo palestino y para pedir al Gobierno que ponga fin al comercio de armas y a todas las relaciones con Israel.<\/p>\n<p class=\"sumari\">\u00abLa violencia israel\u00ed ha asesinado, utilizando las cifras m\u00e1s conservadoras, a m\u00e1s de 70.000 personas en la franja de Gaza\u00bb, seg\u00fan denuncian las organizaciones convocantes, que condenan que siga \u00abutilizando el hambre como un arma de guerra contra la poblaci\u00f3n civil\u00bb<\/p>\n<div>\n<p>\u00abLa violencia israel\u00ed ha asesinado, utilizando las cifras m\u00e1s conservadoras, a m\u00e1s de 70.000 personas en la franja de Gaza\u00bb, seg\u00fan denuncian las organizaciones convocantes, que recuerdan que \u00abtambi\u00e9n ha destruido pr\u00e1cticamente la totalidad de las infraestructuras y la mayor\u00eda de las tierras agr\u00edcolas, dificultando la supervivencia sobre el territorio en futuro pr\u00f3ximo\u00bb. Adem\u00e1s, \u00absigue utilizando el hambre como un arma de guerra contra la poblaci\u00f3n civil\u00bb. M\u00e1s all\u00e1 de Gaza, se\u00f1ala el movimiento BDS y dem\u00e1s colectivos, en el resto de Palestina, \u00abcontin\u00faan las pol\u00edticas israel\u00edes de colonizaci\u00f3n y apartheid, que violan la dignidad y los derechos humanos de las personas palestinas, e impiden cualquier iniciativa, como la de la Flotilla, que intente dificultarlas\u00bb.<\/p>\n<p>Ante estos cr\u00edmenes, la sociedad civil espa\u00f1ola se ha movilizado cada mes durante los \u00faltimos dos a\u00f1os, exigiendo al Gobierno de Espa\u00f1a que contribuya al fin de los cr\u00edmenes de Israel y de la impunidad de la que goza. Los convocantes de la protesta consideran que las medidas tomadas hasta ahora han sido \u00abinsuficientes\u00bb para \u00abdetener el genocidio y para terminar con las complicidades que lo facilitan\u00bb.<\/p>\n<p>Por ello, reclaman al Gobierno espa\u00f1ol y a todos los partidos del Congreso: \u00abel embargo integral de armas a Israel, que incluya el fin inmediato del comercio de armas y de tecnolog\u00eda militar y de seguridad con Israel, incluyendo venta, compra y tr\u00e1nsito, sin excepciones y transparente; la ruptura total de relaciones acad\u00e9micas, diplom\u00e1ticas, institucionales, econ\u00f3micas, deportivas y culturales con Israel; la imposici\u00f3n de sanciones internacionales al r\u00e9gimen de apartheid israel\u00ed; el apoyo pleno a las demandas judiciales contra Israel y los l\u00edderes israel\u00edes por genocidio y cr\u00edmenes de guerra; y el fin a la criminalizaci\u00f3n de la solidaridad con Palestina y la derogaci\u00f3n de la Ley Mordaza\u00bb.<\/p>\n<\/div>\n<p><iframe loading=\"lazy\" title=\"YouTube video player\" src=\"https:\/\/www.youtube.com\/embed\/3Zsc82d1P6E?si=01uN_GneE_ewJZZI\" width=\"560\" height=\"315\" frameborder=\"0\" allowfullscreen=\"allowfullscreen\" data-mce-fragment=\"1\"><\/iframe><\/p>\n<\/div>\n<div>\n<h3 id=\"disqus_thread\"><span class=\"autor\"> M.A. El Independiente de Granada<\/span><\/h3>\n<p>foto: ATARFE POR PAL\u00d1ESTINA<\/p>\n<p>https:\/\/www.elindependientedegranada.es\/implicados\/granada-clama-fin-genocidio-gaza<\/p>\n<\/div>\n<\/div>\n<\/div>\n","protected":false},"excerpt":{"rendered":"<p>Una multitudinaria manifestaci\u00f3n llen\u00f3 este s\u00e1bado por la tarde el centro de Granada, desde el&#8230;<\/p>\n","protected":false},"author":1,"featured_media":79258,"comment_status":"closed","ping_status":"closed","sticky":false,"template":"","format":"standard","meta":{"_coblocks_attr":"","_coblocks_dimensions":"","_coblocks_responsive_height":"","_coblocks_accordion_ie_support":"","jetpack_post_was_ever_published":false,"_jetpack_newsletter_access":"","_jetpack_dont_email_post_to_subs":false,"_jetpack_newsletter_tier_id":0,"_jetpack_memberships_contains_paywalled_content":false,"_jetpack_memberships_contains_paid_content":false,"footnotes":"","jetpack_publicize_message":"","jetpack_publicize_feature_enabled":true,"jetpack_social_post_already_shared":true,"jetpack_social_options":{"image_generator_settings":{"template":"highway","default_image_id":0,"enabled":false},"version":2}},"categories":[1161,10781,186,44],"tags":[],"class_list":["post-79257","post","type-post","status-publish","format-standard","has-post-thumbnail","hentry","category-ciudadania","category-granada","category-instituciones","category-noticias-de-hoy"],"jetpack_publicize_connections":[],"jetpack_featured_media_url":"https:\/\/i0.wp.com\/miradordeatarfe.es\/wp-content\/uploads\/2025\/10\/atarfe_5.jpg?fit=650%2C487&ssl=1","jetpack_likes_enabled":true,"jetpack_sharing_enabled":true,"_links":{"self":[{"href":"https:\/\/miradordeatarfe.es\/index.php?rest_route=\/wp\/v2\/posts\/79257","targetHints":{"allow":["GET"]}}],"collection":[{"href":"https:\/\/miradordeatarfe.es\/index.php?rest_route=\/wp\/v2\/posts"}],"about":[{"href":"https:\/\/miradordeatarfe.es\/index.php?rest_route=\/wp\/v2\/types\/post"}],"author":[{"embeddable":true,"href":"https:\/\/miradordeatarfe.es\/index.php?rest_route=\/wp\/v2\/users\/1"}],"replies":[{"embeddable":true,"href":"https:\/\/miradordeatarfe.es\/index.php?rest_route=%2Fwp%2Fv2%2Fcomments&post=79257"}],"version-history":[{"count":3,"href":"https:\/\/miradordeatarfe.es\/index.php?rest_route=\/wp\/v2\/posts\/79257\/revisions"}],"predecessor-version":[{"id":79261,"href":"https:\/\/miradordeatarfe.es\/index.php?rest_route=\/wp\/v2\/posts\/79257\/revisions\/79261"}],"wp:featuredmedia":[{"embeddable":true,"href":"https:\/\/miradordeatarfe.es\/index.php?rest_route=\/wp\/v2\/media\/79258"}],"wp:attachment":[{"href":"https:\/\/miradordeatarfe.es\/index.php?rest_route=%2Fwp%2Fv2%2Fmedia&parent=79257"}],"wp:term":[{"taxonomy":"category","embeddable":true,"href":"https:\/\/miradordeatarfe.es\/index.php?rest_route=%2Fwp%2Fv2%2Fcategories&post=79257"},{"taxonomy":"post_tag","embeddable":true,"href":"https:\/\/miradordeatarfe.es\/index.php?rest_route=%2Fwp%2Fv2%2Ftags&post=79257"}],"curies":[{"name":"wp","href":"https:\/\/api.w.org\/{rel}","templated":true}]}}