{"id":79262,"date":"2025-10-10T11:20:06","date_gmt":"2025-10-10T09:20:06","guid":{"rendered":"https:\/\/miradordeatarfe.es\/?p=79262"},"modified":"2025-10-08T13:15:49","modified_gmt":"2025-10-08T11:15:49","slug":"atarfe-vi-concurso-creacion-de-material-atarfe-2025","status":"publish","type":"post","link":"https:\/\/miradordeatarfe.es\/?p=79262","title":{"rendered":"ATARFE: VI Concurso Creaci\u00f3n de Material Atarfe 2025"},"content":{"rendered":"<h3 style=\"text-align: justify;\">El objeto del presente CONCURSO es\u00a0 la concesi\u00f3n de los premios de la \u201cVI Convocatoria Creaci\u00f3n de material Atarfe 2025\u201d dirigido a la poblaci\u00f3n joven atarfe\u00f1a<\/h3>\n<p style=\"text-align: justify;\">Si tienes entre 16 y 35 a\u00f1os y te gusta crear\u2026 \u00a1este es tu momento! Hay que presentar un proyecto de creaci\u00f3n de material sobre cualquier tem\u00e1tica (ocio y tiempo libre, cultura, nuevas tecnolog\u00edas, igualdad entre hombres y mujeres, medioambiente, salud, etc.), que pueda ser de inter\u00e9s para sus iguales.<\/p>\n<p style=\"text-align: justify;\">Para la creaci\u00f3n de dicho material se puede optar por cualquier formato digital, teniendo en cuenta las circunstancias actuales y las necesidades que como j\u00f3venes conocen de primera mano. Con esta actividad se pretende dar un reconocimiento y valor al ingenio, destrezas, habilidades y talento de la poblaci\u00f3n joven.<\/p>\n<p style=\"text-align: justify;\">Podr\u00e1n participar toda la poblaci\u00f3n joven con edades comprendidas entre 16 y 35 a\u00f1os, es decir, los nacidos entre 1990 y 2009, teniendo s\u00f3lo en cuenta un proyecto por persona.<br \/>\nNo podr\u00e1n participar aquellas personas que hayan sido beneficiarias de esta subvenci\u00f3n en 3 de las 5 convocatorias implementadas por la Concejal\u00eda de Juventud del Excmo. Ayuntamiento de Atarfe.<\/p>\n<p>Presenta tu proyecto en cualquier tem\u00e1tica que sea de inter\u00e9s para la juventud:<\/p>\n<p>&#8211;\u00a0Cultura y ocio<br \/>\n&#8211;\u00a0Medioambiente<br \/>\n&#8211;\u00a0Nuevas tecnolog\u00edas<br \/>\n&#8211;\u00a0Igualdad<br \/>\n&#8211;\u00a0Salud\u2026 \u00a1y mucho m\u00e1s!<\/p>\n<p>El formato puede ser digital y adaptado a las necesidades actuales.\u00a0El Ayuntamiento de Atarfe quiere reconocer y poner en valor el talento, ingenio y habilidades de la gente joven\u00a0<\/p>\n<p><strong>6 premios de 500\u20ac<\/strong><\/p>\n<p><strong>Plazo: 20 d\u00edas h\u00e1biles desde la publicaci\u00f3n en el BOP de Granada.<\/strong><\/p>\n<p>BASES<br \/>\n<a href=\"https:\/\/drive.google.com\/file\/d\/11QWhFB0-A0MuTpMApTBZdbz2FFws1l68\/view?usp=sharing\">https:\/\/drive.google.com\/file\/d\/11QWhFB0-A0MuTpMApTBZdbz2FFws1l68\/view?usp=sharing<\/a><\/p>\n<p>ANEXO 1 MODELO DE SOLICITUD<br \/>\n<a href=\"https:\/\/drive.google.com\/file\/d\/1DB6-VhOZDVZu0Dgw01rw8wfs81chv4dd\/view?usp=sharing\">https:\/\/drive.google.com\/file\/d\/1DB6-VhOZDVZu0Dgw01rw8wfs81chv4dd\/view?usp=sharing<\/a><\/p>\n<p>ANEXO 2\u00a0MODELO DE PROYECTO CON LOS APARTADOS A\u00a0DESARROLLAR.<\/p>\n<p><a href=\"https:\/\/drive.google.com\/file\/d\/1yjY48FyVMdI3aFxRkqjwDCJd4CUpDA8j\/view?usp=sharing\">https:\/\/drive.google.com\/file\/d\/1yjY48FyVMdI3aFxRkqjwDCJd4CUpDA8j\/view?usp=sharing<\/a><\/p>\n<p>ANEXO 3:\u00a0MODELO DE DECLARACI\u00d3N RESPONSABLE. DATOS DE LA\u00a0PERSONA INTERESA<\/p>\n<p><a href=\"https:\/\/drive.google.com\/file\/d\/1As3A5sP9YT-DuGlu1aX9yqUoLr0WxMd8\/view?usp=sharing\">https:\/\/drive.google.com\/file\/d\/1As3A5sP9YT-DuGlu1aX9yqUoLr0WxMd8\/view?usp=sharing<\/a><\/p>\n<p>Organiza: Concejal\u00eda de Juventud de Atarfe<\/p>\n<p>Colabora: Diputaci\u00f3n de Granada<\/p>\n<p><img data-recalc-dims=\"1\" loading=\"lazy\" decoding=\"async\" class=\"alignnone wp-image-79264 size-full\" src=\"https:\/\/i0.wp.com\/miradordeatarfe.es\/wp-content\/uploads\/2025\/10\/vi-concurso-creacion-material.jpg?resize=600%2C750&#038;ssl=1\" alt=\"\" width=\"600\" height=\"750\" srcset=\"https:\/\/i0.wp.com\/miradordeatarfe.es\/wp-content\/uploads\/2025\/10\/vi-concurso-creacion-material.jpg?w=600&amp;ssl=1 600w, https:\/\/i0.wp.com\/miradordeatarfe.es\/wp-content\/uploads\/2025\/10\/vi-concurso-creacion-material.jpg?resize=240%2C300&amp;ssl=1 240w\" sizes=\"auto, (max-width: 600px) 100vw, 600px\" \/><\/p>\n","protected":false},"excerpt":{"rendered":"<p>El objeto del presente CONCURSO es\u00a0 la concesi\u00f3n de los premios de la \u201cVI Convocatoria&#8230;<\/p>\n","protected":false},"author":1,"featured_media":79265,"comment_status":"closed","ping_status":"closed","sticky":false,"template":"","format":"standard","meta":{"_coblocks_attr":"","_coblocks_dimensions":"","_coblocks_responsive_height":"","_coblocks_accordion_ie_support":"","jetpack_post_was_ever_published":false,"_jetpack_newsletter_access":"","_jetpack_dont_email_post_to_subs":false,"_jetpack_newsletter_tier_id":0,"_jetpack_memberships_contains_paywalled_content":false,"_jetpack_memberships_contains_paid_content":false,"footnotes":"","jetpack_publicize_message":"","jetpack_publicize_feature_enabled":true,"jetpack_social_post_already_shared":true,"jetpack_social_options":{"image_generator_settings":{"template":"highway","default_image_id":0,"enabled":false},"version":2}},"categories":[6916,1161,44],"tags":[],"class_list":["post-79262","post","type-post","status-publish","format-standard","has-post-thumbnail","hentry","category-ayuntamiento-de-atarfe","category-ciudadania","category-noticias-de-hoy"],"jetpack_publicize_connections":[],"jetpack_featured_media_url":"https:\/\/i0.wp.com\/miradordeatarfe.es\/wp-content\/uploads\/2025\/10\/vi-concurso-creacion-material-1.jpg?fit=600%2C439&ssl=1","jetpack_likes_enabled":true,"jetpack_sharing_enabled":true,"_links":{"self":[{"href":"https:\/\/miradordeatarfe.es\/index.php?rest_route=\/wp\/v2\/posts\/79262","targetHints":{"allow":["GET"]}}],"collection":[{"href":"https:\/\/miradordeatarfe.es\/index.php?rest_route=\/wp\/v2\/posts"}],"about":[{"href":"https:\/\/miradordeatarfe.es\/index.php?rest_route=\/wp\/v2\/types\/post"}],"author":[{"embeddable":true,"href":"https:\/\/miradordeatarfe.es\/index.php?rest_route=\/wp\/v2\/users\/1"}],"replies":[{"embeddable":true,"href":"https:\/\/miradordeatarfe.es\/index.php?rest_route=%2Fwp%2Fv2%2Fcomments&post=79262"}],"version-history":[{"count":1,"href":"https:\/\/miradordeatarfe.es\/index.php?rest_route=\/wp\/v2\/posts\/79262\/revisions"}],"predecessor-version":[{"id":79266,"href":"https:\/\/miradordeatarfe.es\/index.php?rest_route=\/wp\/v2\/posts\/79262\/revisions\/79266"}],"wp:featuredmedia":[{"embeddable":true,"href":"https:\/\/miradordeatarfe.es\/index.php?rest_route=\/wp\/v2\/media\/79265"}],"wp:attachment":[{"href":"https:\/\/miradordeatarfe.es\/index.php?rest_route=%2Fwp%2Fv2%2Fmedia&parent=79262"}],"wp:term":[{"taxonomy":"category","embeddable":true,"href":"https:\/\/miradordeatarfe.es\/index.php?rest_route=%2Fwp%2Fv2%2Fcategories&post=79262"},{"taxonomy":"post_tag","embeddable":true,"href":"https:\/\/miradordeatarfe.es\/index.php?rest_route=%2Fwp%2Fv2%2Ftags&post=79262"}],"curies":[{"name":"wp","href":"https:\/\/api.w.org\/{rel}","templated":true}]}}