{"id":79270,"date":"2025-10-08T11:00:05","date_gmt":"2025-10-08T09:00:05","guid":{"rendered":"https:\/\/miradordeatarfe.es\/?p=79270"},"modified":"2025-10-07T11:36:39","modified_gmt":"2025-10-07T09:36:39","slug":"condenan-a-atarfe-a-pagar-una-deuda-de-19-millones-de-euros-al-extinto-consorcio-de-recogida-de-basuras","status":"publish","type":"post","link":"https:\/\/miradordeatarfe.es\/?p=79270","title":{"rendered":"Condenan a Atarfe a pagar una deuda de 1,9 millones de euros al extinto consorcio de recogida de basuras"},"content":{"rendered":"<div class=\"v-a v-a--d v-a--d-b v-a--p-b\">\n<div class=\"v-a-info-c \">\n<h2 class=\"v-a-sub-t \" style=\"text-align: justify;\">Los municipios llegaron a adeudar 27 millones de euros a Resur, que se disolvi\u00f3 en 2012<\/h2>\n<\/div>\n<\/div>\n<div class=\"v-d v-d--ab-c v-d--b\" style=\"text-align: justify;\" data-mrf-recirculation=\"Links articulo\">\n<div class=\"v-mdl-ath \" data-mrf-recirculation=\"Autor\">\n<div class=\"v-mdl-ath__c v-mdl-ath__c--1\">\n<div class=\"v-mdl-ath__img-c\">\u00a0<\/div>\n<\/div>\n<\/div>\n<\/div>\n<p class=\"v-p\" style=\"text-align: justify;\">El Juzgado Contencioso-Administrativo n\u00famero 4 de Granada condena al Ayuntamiento de Atarfe a pagar 1,98 millones de euros m\u00e1s los intereses legales a <span class=\"paywall pw-open\">Resur, el extinto consorcio para el tratamiento de residuos s\u00f3lidos urbanos de Granada, por el impago de una deuda contra\u00edda a ra\u00edz de la prestaci\u00f3n del servicio. Adicionalmente, deber\u00e1 hacerse cargo de las costas judiciales con un l\u00edmite de 2.000 euros. <\/span><\/p>\n<div class=\"paywall\" data-mrf-recirculation=\"Link art\u00edculos\">\n<p class=\"v-p\" style=\"text-align: justify;\">Resur se constituy\u00f3 en 1998 y funcion\u00f3 hasta el a\u00f1o 2012, fecha en que se acord\u00f3 su disoluci\u00f3n por una \u00absituaci\u00f3n de grave morosidad\u00bb por parte de los ayuntamientos. La deud alcanz\u00f3 unos 27 millones de euros, cantidad que a su vez, era adeudada por el consorcio (RESUR) a la concesionaria del servicio, Fomento de Construcciones y Contratas. Ante esa \u00absituaci\u00f3n insostenible\u00bb, en diciembre de 2012, se acord\u00f3 la disoluci\u00f3n del consorcio transfiriendo la prestaci\u00f3n del servicio a la Diputaci\u00f3n Provincial de Granada.<\/p>\n<p class=\"v-p\" style=\"text-align: justify;\">A partir de entonces, los municipios deb\u00edan abonar el coste del tratamiento directamente al organismo provincial. Sin embargo, la deuda acumulada con FCC, derivada del impago de los cargos por tratamiento por parte de algunos ayuntamientos, persisti\u00f3. Una vez disuelto el Consorcio, los importes pendientes consisten en la deuda con la empresa cesionaria (FCC) se ha generado por el incumplimiento en el pago de los cargos por tratamiento de algunos ayuntamientos al consorcio, incluido entre ellos el de Atarfe.<\/p>\n<div class=\"v-c-cmp v-c-cmp--t1 v-c-cmp--ab-s\" style=\"text-align: justify;\">\n<div class=\"v-cmp-smy\">\n<div class=\"v-a v-a--cmp-smy \">\n<div class=\"v-a-info-c\">\n<h3 class=\"v-a-t\">El juez apunta que el Ayuntamiento no niega la existencia de la deuda ni la correcci\u00f3n del c\u00e1lculo de los intereses y la reclamaci\u00f3n se encuentra justificada con la documentaci\u00f3n aportada, as\u00ed como las testificales practicadas<\/h3>\n<\/div>\n<\/div>\n<\/div>\n<\/div>\n<p class=\"v-p\" style=\"text-align: justify;\">La comisi\u00f3n de gobierno del consorcio practic\u00f3 la liquidaci\u00f3n final en 2013, adem\u00e1s de sucesivas liquidaciones anuales, incluyendo los intereses generados. Pero la reclamaci\u00f3n judicial surge de la desestimaci\u00f3n de un requerimiento previo entre administraciones p\u00fablicas para el pago de la deuda realizado el 2 de febrero de 2024.<\/p>\n<p class=\"v-p\" style=\"text-align: justify;\">La defensa del Ayuntamiento de Atarfe se bas\u00f3 en que la cuesti\u00f3n ya hab\u00eda sido resuelta en 2014 en este mismo juzgado y ratificada a\u00f1os despu\u00e9s, en 2017, por el TSJA. El Ayuntamiento aleg\u00f3 sin embargo que abon\u00f3 parte de la deuda a trav\u00e9s de retenciones practicadas. El juez considera que el recurso es distinto al anterior alegado por la defensa municipal y se centra en el impago de las cantidades.<\/p>\n<p class=\"v-p\" style=\"text-align: justify;\">Adem\u00e1s, el tribunal desestima el argumento de inactividad de la administraci\u00f3n, se\u00f1alando que los pagos parciales realizados no invalidan el hecho de que el Ayuntamiento no contest\u00f3 al requerimiento de pago del consorcio. El juez apunta que el Ayuntamiento no niega la existencia de la deuda ni la correcci\u00f3n del c\u00e1lculo de los intereses y la reclamaci\u00f3n se encuentra justificada con la documentaci\u00f3n aportada, as\u00ed como las testificales practicadas.<strong> Contra esta resoluci\u00f3n cabe la posibilidad de interponer un recurso de apelaci\u00f3n<\/strong><\/p>\n<div class=\"v-mdl-ath__img-c\">\u00a0<\/div>\n<div class=\"v-mdl-ath__inf\">\n<p class=\"v-mdl-ath__p v-mdl-ath__p--2\"><a href=\"https:\/\/www.ideal.es\/autor\/pilar-garcia-trevijano-3248.html\" data-mrf-link=\"https:\/\/www.ideal.es\/autor\/pilar-garcia-trevijano-3248.html\"><strong>Pilar Garc\u00eda-Trevijano<\/strong><\/a><\/p>\n<p>FOTO: IDEAL<\/p>\n<p>https:\/\/www.ideal.es\/granada\/area-metropolitana\/condenan-atarfe-pagar-deuda-millones-euros-extinto-20251005000806-nt.html<\/p>\n<\/div>\n<\/div>\n","protected":false},"excerpt":{"rendered":"<p>Los municipios llegaron a adeudar 27 millones de euros a Resur, que se disolvi\u00f3 en&#8230;<\/p>\n","protected":false},"author":1,"featured_media":79271,"comment_status":"closed","ping_status":"closed","sticky":false,"template":"","format":"standard","meta":{"_coblocks_attr":"","_coblocks_dimensions":"","_coblocks_responsive_height":"","_coblocks_accordion_ie_support":"","jetpack_post_was_ever_published":false,"_jetpack_newsletter_access":"","_jetpack_dont_email_post_to_subs":false,"_jetpack_newsletter_tier_id":0,"_jetpack_memberships_contains_paywalled_content":false,"_jetpack_memberships_contains_paid_content":false,"footnotes":"","jetpack_publicize_message":"","jetpack_publicize_feature_enabled":true,"jetpack_social_post_already_shared":true,"jetpack_social_options":{"image_generator_settings":{"template":"highway","default_image_id":0,"enabled":false},"version":2}},"categories":[6916,44,7671],"tags":[],"class_list":["post-79270","post","type-post","status-publish","format-standard","has-post-thumbnail","hentry","category-ayuntamiento-de-atarfe","category-noticias-de-hoy","category-politica"],"jetpack_publicize_connections":[],"jetpack_featured_media_url":"https:\/\/i0.wp.com\/miradordeatarfe.es\/wp-content\/uploads\/2025\/10\/104481234-kxbG-U2303263311275qzE-1200x840%40Ideal.webp?fit=1200%2C840&ssl=1","jetpack_likes_enabled":true,"jetpack_sharing_enabled":true,"_links":{"self":[{"href":"https:\/\/miradordeatarfe.es\/index.php?rest_route=\/wp\/v2\/posts\/79270","targetHints":{"allow":["GET"]}}],"collection":[{"href":"https:\/\/miradordeatarfe.es\/index.php?rest_route=\/wp\/v2\/posts"}],"about":[{"href":"https:\/\/miradordeatarfe.es\/index.php?rest_route=\/wp\/v2\/types\/post"}],"author":[{"embeddable":true,"href":"https:\/\/miradordeatarfe.es\/index.php?rest_route=\/wp\/v2\/users\/1"}],"replies":[{"embeddable":true,"href":"https:\/\/miradordeatarfe.es\/index.php?rest_route=%2Fwp%2Fv2%2Fcomments&post=79270"}],"version-history":[{"count":1,"href":"https:\/\/miradordeatarfe.es\/index.php?rest_route=\/wp\/v2\/posts\/79270\/revisions"}],"predecessor-version":[{"id":79272,"href":"https:\/\/miradordeatarfe.es\/index.php?rest_route=\/wp\/v2\/posts\/79270\/revisions\/79272"}],"wp:featuredmedia":[{"embeddable":true,"href":"https:\/\/miradordeatarfe.es\/index.php?rest_route=\/wp\/v2\/media\/79271"}],"wp:attachment":[{"href":"https:\/\/miradordeatarfe.es\/index.php?rest_route=%2Fwp%2Fv2%2Fmedia&parent=79270"}],"wp:term":[{"taxonomy":"category","embeddable":true,"href":"https:\/\/miradordeatarfe.es\/index.php?rest_route=%2Fwp%2Fv2%2Fcategories&post=79270"},{"taxonomy":"post_tag","embeddable":true,"href":"https:\/\/miradordeatarfe.es\/index.php?rest_route=%2Fwp%2Fv2%2Ftags&post=79270"}],"curies":[{"name":"wp","href":"https:\/\/api.w.org\/{rel}","templated":true}]}}