{"id":79273,"date":"2025-10-10T10:30:03","date_gmt":"2025-10-10T08:30:03","guid":{"rendered":"https:\/\/miradordeatarfe.es\/?p=79273"},"modified":"2025-10-07T11:41:10","modified_gmt":"2025-10-07T09:41:10","slug":"como-estan-los-pantanos","status":"publish","type":"post","link":"https:\/\/miradordeatarfe.es\/?p=79273","title":{"rendered":"\u00bf COMO EST\u00c1N LOS PANTANOS ?"},"content":{"rendered":"<h3 class=\"entry-title\">Los pantanos de Granada inician el a\u00f1o hidrol\u00f3gico en cifras similares a 2024, a una cuarta parte de su capacidad<\/h3>\n<p class=\"intro\">Solo dos de ellos superan el 50% del agua que pueden recoger \u00b7 Los que nutren a Granada y el \u00c1rea Metropolitana llegan al 33% entre los cuatro<\/p>\n<p>El pasado 1 de octubre arranc\u00f3 un nuevo a\u00f1o hidrol\u00f3gico, que en el caso de <strong>Granada <\/strong>sit\u00faa a los pantanos de la provincia con agua en una cuarta parte de su capacidad, datos que son similares a los que se recogieron el a\u00f1o pasado en las mismas fechas.<\/p>\n<p>Los embalses de <strong>Granada <\/strong>est\u00e1n solo 0,69 puntos por debajo de los registros que hab\u00eda a 1 de octubre de 2024, de modo que se ha pasado del 25,17% al 24,48%, en un a\u00f1o en el que se han recogido 400 litros por metro cuadrado de lluvia acumulada de media, lo que apenas ha cambiado la situaci\u00f3n global existente hace un a\u00f1o.<\/p>\n<p>Sin embargo, en los datos pormenorizados por cada uno de los <strong>pantanos <\/strong>la situaci\u00f3n s\u00ed es diferente, de modo que solo dos de ellos superan el 50% de agua embalsada en este inicio del a\u00f1o hidrol\u00f3gico y los metropolitanos alcanzan un 33% de su capacidad entre los cuatro.<\/p>\n<p>Seg\u00fan los datos de la <strong>Confederaci\u00f3n Hidrogr\u00e1fica del Guadalquivir<\/strong>, consultados por <strong><a href=\"http:\/\/www.ahoragranada.com\" target=\"_blank\" rel=\"noreferrer noopener\">ahoraGranada<\/a><\/strong>, el embalse que nutre a la capital y al Cintur\u00f3n con mejores datos es el de <strong>Qu\u00e9ntar<\/strong>, que se encuentra actualmente al 56% de su capacidad total, aunque con 3,17 puntos menos que los recabados hace un a\u00f1o a estas alturas.<\/p>\n<p>Esta diferencia hace que este pantano recabe 7,7 hect\u00f3metros de agua por los 17,52 que puede recabar, tras ser, adem\u00e1s, el segundo de la provincia que m\u00e1s lluvia ha recibido, con un promedio de 491,6 litros por metro cuadrado.<\/p>\n<figure class=\"wp-block-image size-full\"><img data-recalc-dims=\"1\" loading=\"lazy\" decoding=\"async\" class=\"wp-image-295873\" src=\"https:\/\/i0.wp.com\/www.ahoragranada.com\/wp-content\/uploads\/2025\/10\/pantano-de-canales-septiembre-2025-AC-2.jpg?resize=640%2C360&#038;ssl=1\" sizes=\"auto, (max-width: 969px) 100vw, 969px\" srcset=\"https:\/\/www.ahoragranada.com\/wp-content\/uploads\/2025\/10\/pantano-de-canales-septiembre-2025-AC-2.jpg 969w, https:\/\/www.ahoragranada.com\/wp-content\/uploads\/2025\/10\/pantano-de-canales-septiembre-2025-AC-2-746x420.jpg 746w, https:\/\/www.ahoragranada.com\/wp-content\/uploads\/2025\/10\/pantano-de-canales-septiembre-2025-AC-2-370x207.jpg 370w\" alt=\"\" width=\"640\" height=\"360\" \/><figcaption class=\"wp-element-caption\">El pantano de Canales se encuentra al 40% de su capacidad total. Foto: \u00c1lex C\u00e1mara<\/figcaption><\/figure>\n<p>Le sigue <strong>Canales<\/strong>, que se encuentra a un 40,86% de su capacidad, lo que supone un descenso de 14,5 puntos respecto al a\u00f1o pasado y 10,17 hect\u00f3metros menos de agua. Este pantano puede recabar 70 hect\u00f3metros c\u00fabicos, de los que actualmente tiene con agua 28,60 despu\u00e9s de haber recibido durante todo el a\u00f1o 451,2 litros por metro cuadrado a ra\u00edz de las lluvias ca\u00eddas.<\/p>\n<p>El pantano de <strong>Cubillas <\/strong>tiene actualmente recabada agua que supone un 26,74% de los 13,53 hect\u00f3metros que puede recoger, lo que se traduce en solo 3,61 hect\u00f3metros c\u00fabicos tras haber recibido 372 litros por metro cuadrado en el a\u00f1o hidrol\u00f3gico, el periodo que va desde cada 1 de octubre al 30 de septiembre del a\u00f1o siguiente.<\/p>\n<p>Por \u00faltimo, en los datos metropolitanos, <strong>Colomera <\/strong>sigue siendo uno de los embalses con la situaci\u00f3n m\u00e1s delicada de la provincia, al llegar al 9,64% de su capacidad. Aunque su situaci\u00f3n apenas ha empeorado, con 3,51 hect\u00f3metros menos que hace un a\u00f1o, est\u00e1 lejos de datos \u00f3ptimos, con solo 3,87 hect\u00f3metros recabados de los 40,18 que puede recoger.<\/p>\n<figure class=\"wp-block-image size-full\"><img data-recalc-dims=\"1\" loading=\"lazy\" decoding=\"async\" class=\"wp-image-280380\" src=\"https:\/\/i0.wp.com\/www.ahoragranada.com\/wp-content\/uploads\/2025\/03\/Embalse-Portillo.png?resize=640%2C360&#038;ssl=1\" sizes=\"auto, (max-width: 970px) 100vw, 970px\" srcset=\"https:\/\/www.ahoragranada.com\/wp-content\/uploads\/2025\/03\/Embalse-Portillo.png 970w, https:\/\/www.ahoragranada.com\/wp-content\/uploads\/2025\/03\/Embalse-Portillo-746x419.png 746w, https:\/\/www.ahoragranada.com\/wp-content\/uploads\/2025\/03\/Embalse-Portillo-370x207.png 370w\" alt=\"\" width=\"640\" height=\"360\" \/><figcaption class=\"wp-element-caption\">El embalse de Portillo es el que mejores datos registra en la provincia. Foto: aG<\/figcaption><\/figure>\n<h3 class=\"wp-block-heading\">Resto de pantanos de la provincia<\/h3>\n<p>En el resto de embalses de la provincia de Granada, es el de El Portillo, situado en <strong>Castril<\/strong>, el que tiene mejores registros, con datos que lo conducen a un 63,28% de su capacidad, siendo uno de los pocos de la provincia que ha mejorado sus cifras respecto a hace un a\u00f1o.<\/p>\n<p>Esto se debe, fundamentalmente, a los 353,5 litros por metro cuadrado acumulados, en los 31,33 hect\u00f3metros que puede recabar, de los que acutalmentente hay con agua 19,82.<\/p>\n<p>El pantano de Los Bermejales llega al 28,16% de su capacidad, con hasta 25,63 hect\u00f3metros de los 91 que puede recabar, lo que supone un aumento respecto a los datos del a\u00f1o pasado de hasta 5,5 puntos. Este espacio ha recibido 462 litros por metro cuadrado este a\u00f1o hidrol\u00f3gico.<\/p>\n<p>En el caso del <strong>Negrat\u00edn<\/strong>, su situaci\u00f3n lo sit\u00faa con 144,91 hect\u00f3metros c\u00fabicos de los 571 que puede recabar, en un espacio en el que ha recibido 265,7 litros por metro cuadrado desde el 1 de octubre del a\u00f1o pasado. Esto le hace estar a una cuarta parte de su capacidad, con un 25,38% y un ligero incremento de 0,30 puntos.<\/p>\n<p>El <strong>Francisco Abell\u00e1n <\/strong>ha recibido este a\u00f1o 278 litros por metro cuadrado, aunque sin embargo no le ha permitido mejroar sus registros, teniendo actualmente un 8,77%, lo que suponen 4,51 puntos menos que hace un a\u00f1o, cuando entonces se superaba el 13%. El agua embalsada apenas llega a 5,08 hect\u00f3metros de los 58 que puede recabar.<\/p>\n<p>Por \u00faltimo, el pantano de <strong>San Clemente <\/strong>tiene solo 6,93 hect\u00f3metros de los 117 que puede recabar, pese a que han ca\u00eddo 419 litros por metro cuadrado este a\u00f1o. Esto lo sit\u00faa en el 5,92%, siendo el que menos porcentaje de su capacidad tiene lleno a d\u00eda de hoy en Granada, 2,66 puntos menos que hace un a\u00f1o.<\/p>\n<p><span class=\"section-name\"><span class=\"autor\"><strong> Luis F. Ruiz &#8211; Noelia S. Lorca | Fotos: \u00c1lex C\u00e1mara<\/strong> <\/span><\/span><\/p>\n<p>FOTO: El pantano de Qu\u00e9ntar tiene dos puntos menos de agua recogida que hace un a\u00f1o. Foto: \u00c1lex C\u00e1mara<\/p>\n<blockquote class=\"wp-embedded-content\" data-secret=\"DlsUPKSSug\"><p><a href=\"https:\/\/www.ahoragranada.com\/noticias\/los-pantanos-de-granada-arrancan-el-ano-hidrologico-en-cifras-similares-a-2024-a-una-cuarta-parte-de-su-capacidad\/\">Los pantanos de Granada inician el a\u00f1o hidrol\u00f3gico en cifras similares a 2024, a una cuarta parte de su capacidad<\/a><\/p><\/blockquote>\n<p><iframe loading=\"lazy\" class=\"wp-embedded-content\" sandbox=\"allow-scripts\" security=\"restricted\" style=\"position: absolute; visibility: hidden;\" title=\"\u00abLos pantanos de Granada inician el a\u00f1o hidrol\u00f3gico en cifras similares a 2024, a una cuarta parte de su capacidad\u00bb \u2014 Ahora Granada\" src=\"https:\/\/www.ahoragranada.com\/noticias\/los-pantanos-de-granada-arrancan-el-ano-hidrologico-en-cifras-similares-a-2024-a-una-cuarta-parte-de-su-capacidad\/embed\/#?secret=NGBvdSruez#?secret=DlsUPKSSug\" data-secret=\"DlsUPKSSug\" width=\"600\" height=\"338\" frameborder=\"0\" marginwidth=\"0\" marginheight=\"0\" scrolling=\"no\"><\/iframe><\/p>\n","protected":false},"excerpt":{"rendered":"<p>Los pantanos de Granada inician el a\u00f1o hidrol\u00f3gico en cifras similares a 2024, a una&#8230;<\/p>\n","protected":false},"author":1,"featured_media":79274,"comment_status":"closed","ping_status":"closed","sticky":false,"template":"","format":"standard","meta":{"_coblocks_attr":"","_coblocks_dimensions":"","_coblocks_responsive_height":"","_coblocks_accordion_ie_support":"","jetpack_post_was_ever_published":false,"_jetpack_newsletter_access":"","_jetpack_dont_email_post_to_subs":false,"_jetpack_newsletter_tier_id":0,"_jetpack_memberships_contains_paywalled_content":false,"_jetpack_memberships_contains_paid_content":false,"footnotes":"","jetpack_publicize_message":"","jetpack_publicize_feature_enabled":true,"jetpack_social_post_already_shared":true,"jetpack_social_options":{"image_generator_settings":{"template":"highway","default_image_id":0,"enabled":false},"version":2}},"categories":[10804,1161,186,44],"tags":[],"class_list":["post-79273","post","type-post","status-publish","format-standard","has-post-thumbnail","hentry","category-cambio-climatico","category-ciudadania","category-instituciones","category-noticias-de-hoy"],"jetpack_publicize_connections":[],"jetpack_featured_media_url":"https:\/\/i0.wp.com\/miradordeatarfe.es\/wp-content\/uploads\/2025\/10\/pantano-de-quentar-septiembre-2025-AC-1.jpg?fit=969%2C545&ssl=1","jetpack_likes_enabled":true,"jetpack_sharing_enabled":true,"_links":{"self":[{"href":"https:\/\/miradordeatarfe.es\/index.php?rest_route=\/wp\/v2\/posts\/79273","targetHints":{"allow":["GET"]}}],"collection":[{"href":"https:\/\/miradordeatarfe.es\/index.php?rest_route=\/wp\/v2\/posts"}],"about":[{"href":"https:\/\/miradordeatarfe.es\/index.php?rest_route=\/wp\/v2\/types\/post"}],"author":[{"embeddable":true,"href":"https:\/\/miradordeatarfe.es\/index.php?rest_route=\/wp\/v2\/users\/1"}],"replies":[{"embeddable":true,"href":"https:\/\/miradordeatarfe.es\/index.php?rest_route=%2Fwp%2Fv2%2Fcomments&post=79273"}],"version-history":[{"count":1,"href":"https:\/\/miradordeatarfe.es\/index.php?rest_route=\/wp\/v2\/posts\/79273\/revisions"}],"predecessor-version":[{"id":79275,"href":"https:\/\/miradordeatarfe.es\/index.php?rest_route=\/wp\/v2\/posts\/79273\/revisions\/79275"}],"wp:featuredmedia":[{"embeddable":true,"href":"https:\/\/miradordeatarfe.es\/index.php?rest_route=\/wp\/v2\/media\/79274"}],"wp:attachment":[{"href":"https:\/\/miradordeatarfe.es\/index.php?rest_route=%2Fwp%2Fv2%2Fmedia&parent=79273"}],"wp:term":[{"taxonomy":"category","embeddable":true,"href":"https:\/\/miradordeatarfe.es\/index.php?rest_route=%2Fwp%2Fv2%2Fcategories&post=79273"},{"taxonomy":"post_tag","embeddable":true,"href":"https:\/\/miradordeatarfe.es\/index.php?rest_route=%2Fwp%2Fv2%2Ftags&post=79273"}],"curies":[{"name":"wp","href":"https:\/\/api.w.org\/{rel}","templated":true}]}}