{"id":79288,"date":"2025-10-12T10:30:32","date_gmt":"2025-10-12T08:30:32","guid":{"rendered":"https:\/\/miradordeatarfe.es\/?p=79288"},"modified":"2025-10-07T12:55:47","modified_gmt":"2025-10-07T10:55:47","slug":"la-educacion-primaria-pierde-mas-de-200-000-alumnos-en-siete-anos-pese-al-alza-de-extranjeros","status":"publish","type":"post","link":"https:\/\/miradordeatarfe.es\/?p=79288","title":{"rendered":"La educaci\u00f3n primaria pierde m\u00e1s de 200.000 alumnos en siete a\u00f1os pese al alza de extranjeros"},"content":{"rendered":"<h2 class=\"subtitle-atom B-500-400-300-N B-525-400-300-N--md mb-3_5\" style=\"text-align: justify;\">Los estudiantes de esta etapa representan el 30% en las ense\u00f1anzas no universitarias<\/h2>\n<p class=\"paragraph-atom B-510-400-550-N B-525-400-700-N--md\" style=\"text-align: justify;\">La educaci\u00f3n en <strong>Primaria ha perdido m\u00e1s de 200.000 alumnos en siete a\u00f1os<\/strong> pese al aumento de la escolarizaci\u00f3n en Infantil y al alza del alumnado extranjero en el sistema educativo, que representa el 30% en las ense\u00f1anzas no universitarias.<\/p>\n<p class=\"paragraph-atom B-510-400-550-N B-525-400-700-N--md\" style=\"text-align: justify;\">Son datos del und\u00e9cimo informe <em>Indicadores comentados sobre el estado del sistema educativo espa\u00f1ol 2025<\/em> elaborado por la Fundaci\u00f3n Ram\u00f3n Areces y la Fundaci\u00f3n Europea Sociedad y Educaci\u00f3n y que recoge el pulso al sistema educativo espa\u00f1ol.<\/p>\n<p class=\"paragraph-atom B-510-400-550-N B-525-400-700-N--md\" style=\"text-align: justify;\">Seg\u00fan este an\u00e1lisis, el alumnado de Primaria creci\u00f3 intensamente desde el curso 2005-2006 hasta casi alcanzar los tres millones de alumnos en el curso 2017-2018 pero desde entonces, se observa una progresiva reducci\u00f3n debida, probablemente, al<strong> descenso de la natalidad<\/strong>.<\/p>\n<p class=\"paragraph-atom B-510-400-550-N B-525-400-700-N--md\" style=\"text-align: justify;\">En el \u00faltimo curso se registr\u00f3<strong> una nueva ca\u00edda de 45.727 alumnos<\/strong>, lo que dej\u00f3 la matr\u00edcula en 2.707.302 estudiantes.<\/p>\n<p class=\"paragraph-atom B-510-400-550-N B-525-400-700-N--md\" style=\"text-align: justify;\">A pesar de que Espa\u00f1a se sit\u00faa entre los pa\u00edses con mayor nivel de escolarizaci\u00f3n en Educaci\u00f3n Infantil de Europa (el 73,3% de los ni\u00f1os de dos a\u00f1os est\u00e1n matriculados en este ciclo), y pese a que el alumnado extranjero va en aumento, las matriculaciones en Primaria y ESO bajan.<\/p>\n<p class=\"paragraph-atom B-510-400-550-N B-525-400-700-N--md\" style=\"text-align: justify;\">En el curso 2024-2025, 8.317.548 alumnos estaban matriculados en ense\u00f1anzas de r\u00e9gimen general no universitarias, 14.726 menos que el curso anterior.<\/p>\n<h2 class=\"heading-atom B-600-500-200-N B-650-500-300-N--md heading\" style=\"text-align: justify;\">Alumnado extranjero en alza<\/h2>\n<p class=\"paragraph-atom B-510-400-550-N B-525-400-700-N--md\" style=\"text-align: justify;\">En el curso 2024-2025, 1.124.767 de los matriculados en ense\u00f1anzas de r\u00e9gimen general no universitarias eran extranjeros, 48.777 m\u00e1s que el curso anterior. De ellos, 841.478 estaban escolarizados en centros p\u00fablicos y 283.289 en centros privados.<\/p>\n<p class=\"paragraph-atom B-510-400-550-N B-525-400-700-N--md\" style=\"text-align: justify;\">El alumnado extranjero representa el 12,9% del total, un porcentaje 5,5 puntos superior al de hace 20 a\u00f1os.<\/p>\n<p class=\"paragraph-atom B-510-400-550-N B-525-400-700-N--md\" style=\"text-align: justify;\">Por otra parte,<strong> el porcentaje de extranjeros es menor en los centros privados<\/strong> (10,2% en el curso 2024-2025) que en los p\u00fablicos (14,2%) aunque esa diferencia se ha reducido en los \u00faltimos a\u00f1os.<\/p>\n<p class=\"paragraph-atom B-510-400-550-N B-525-400-700-N--md\" style=\"text-align: justify;\">En Primaria representa el 15,5% del total, en Secundaria el 13,8%, en Formaci\u00f3n Profesional el 10,2% y en Bachillerato el 7,9%.<\/p>\n<p class=\"paragraph-atom B-510-400-550-N B-525-400-700-N--md\" style=\"text-align: justify;\">A escala auton\u00f3mica, Baleares (19%), la Comunidad Valenciana (18,5%) y Arag\u00f3n (16,7%) presentaron los mayores porcentajes del alumnado extranjero en el curso 2024-2025. Tambi\u00e9n Navarra, Madrid, Murcia, Catalu\u00f1a y La Rioja se situaron por encima del promedio nacional. Los porcentajes m\u00e1s bajos se dieron en Ceuta (3,6%), Extremadura (4,5%) y Galicia (6,3%).<\/p>\n<h2 class=\"heading-atom B-600-500-200-N B-650-500-300-N--md heading\" style=\"text-align: justify;\">Necesidad de atenci\u00f3n y apoyo ante la diversidad<\/h2>\n<p class=\"paragraph-atom B-510-400-550-N B-525-400-700-N--md\" style=\"text-align: justify;\">El analista socio-pol\u00edtico y profesor en la Universidad Complutense de Madrid Juan Carlos Rodr\u00edguez avisa de la necesidad de conocer la dimensi\u00f3n del fen\u00f3meno migratorio en las edades m\u00e1s tempranas porque la tarea a la que se enfrenta el docente en las aulas, con una mayor diversidad de alumnado, requiere atenci\u00f3n y apoyo.<\/p>\n<p class=\"paragraph-atom B-510-400-550-N B-525-400-700-N--md\" style=\"text-align: justify;\">Y no s\u00f3lo en cuanto a los alumnos extranjeros que llegan, sino tambi\u00e9n en cuanto a los que representan ya una \u00absegunda generaci\u00f3n\u00bb, dado que han nacido en Espa\u00f1a, \u00abporque <strong>el trato con los centros escolares de las familias de origen extranjero puede seguir siendo distinto<\/strong>, y sobre todo por una socializaci\u00f3n potencialmente bastante distinta que siga planteando retos particulares a los centros\u00bb.<\/p>\n<p class=\"paragraph-atom B-510-400-550-N B-525-400-700-N--md\" style=\"text-align: justify;\">\u00abLos centros escolares han de actuar como si fueran un centro de salud, un centro de atenci\u00f3n psicol\u00f3gica, una sucursal de las fuerzas del orden, una agencia p\u00fablica de reducci\u00f3n de la pobreza y las desigualdades, un centro de terapia familiar, o un centro de acogida de refugiados y otros llegados de allende las fronteras\u00bb, lamenta en un art\u00edculo publicado en esta edici\u00f3n del informe.<\/p>\n<p class=\"paragraph-atom B-510-400-550-N B-525-400-700-N--md\" style=\"text-align: justify;\">Rodr\u00edguez a\u00f1ade que los centros p\u00fablicos apenas cuentan con el m\u00ednimo de autonom\u00eda en el manejo de sus recursos materiales y, sobre todo, humanos.<\/p>\n<p style=\"text-align: justify;\"><a class=\"author-image\" href=\"https:\/\/www.diariodesevilla.es\/agencias\/\" data-mrf-link=\"https:\/\/www.diariodesevilla.es\/agencias\/\"><picture><img data-recalc-dims=\"1\" loading=\"lazy\" decoding=\"async\" class=\"loading\" title=\"logos\" src=\"https:\/\/i0.wp.com\/static.grupojoly.com\/clip\/0ca7df45-0150-42f8-a2d4-d8d4a9e9d211_source-aspect-ratio_default_0.webp?resize=144%2C77&#038;ssl=1\" alt=\"logos\" width=\"144\" height=\"77\" data-was-processed=\"true\" \/><\/picture><\/a><\/p>\n<figure class=\"image\"><figcaption class=\"figcaption-atom caption A-200-300-500-N color-neutral500\"><span class=\"text\">Ni\u00f1os en un colegio de Sevilla.<\/span> \/ <span class=\"signature color-neutral900 tt-u\">Julio Mu\u00f1oz (Efe)<\/span><\/figcaption><\/figure>\n<footer class=\"footer\">\n<div class=\"authors\">\n<div class=\"author\" data-mrf-recirculation=\"Autor\"><\/p>\n<div class=\"author-content\">\u00a0<\/div>\n<\/div>\n<\/div>\n<\/footer>\n","protected":false},"excerpt":{"rendered":"<p>Los estudiantes de esta etapa representan el 30% en las ense\u00f1anzas no universitarias La educaci\u00f3n&#8230;<\/p>\n","protected":false},"author":1,"featured_media":0,"comment_status":"closed","ping_status":"closed","sticky":false,"template":"","format":"standard","meta":{"_coblocks_attr":"","_coblocks_dimensions":"","_coblocks_responsive_height":"","_coblocks_accordion_ie_support":"","jetpack_post_was_ever_published":false,"_jetpack_newsletter_access":"","_jetpack_dont_email_post_to_subs":false,"_jetpack_newsletter_tier_id":0,"_jetpack_memberships_contains_paywalled_content":false,"_jetpack_memberships_contains_paid_content":false,"footnotes":"","jetpack_publicize_message":"","jetpack_publicize_feature_enabled":true,"jetpack_social_post_already_shared":true,"jetpack_social_options":{"image_generator_settings":{"template":"highway","default_image_id":0,"enabled":false},"version":2}},"categories":[187,186,44,6937],"tags":[],"class_list":["post-79288","post","type-post","status-publish","format-standard","hentry","category-centros-educativos","category-instituciones","category-noticias-de-hoy","category-sociedad"],"jetpack_publicize_connections":[],"jetpack_featured_media_url":"","jetpack_likes_enabled":true,"jetpack_sharing_enabled":true,"_links":{"self":[{"href":"https:\/\/miradordeatarfe.es\/index.php?rest_route=\/wp\/v2\/posts\/79288","targetHints":{"allow":["GET"]}}],"collection":[{"href":"https:\/\/miradordeatarfe.es\/index.php?rest_route=\/wp\/v2\/posts"}],"about":[{"href":"https:\/\/miradordeatarfe.es\/index.php?rest_route=\/wp\/v2\/types\/post"}],"author":[{"embeddable":true,"href":"https:\/\/miradordeatarfe.es\/index.php?rest_route=\/wp\/v2\/users\/1"}],"replies":[{"embeddable":true,"href":"https:\/\/miradordeatarfe.es\/index.php?rest_route=%2Fwp%2Fv2%2Fcomments&post=79288"}],"version-history":[{"count":1,"href":"https:\/\/miradordeatarfe.es\/index.php?rest_route=\/wp\/v2\/posts\/79288\/revisions"}],"predecessor-version":[{"id":79289,"href":"https:\/\/miradordeatarfe.es\/index.php?rest_route=\/wp\/v2\/posts\/79288\/revisions\/79289"}],"wp:attachment":[{"href":"https:\/\/miradordeatarfe.es\/index.php?rest_route=%2Fwp%2Fv2%2Fmedia&parent=79288"}],"wp:term":[{"taxonomy":"category","embeddable":true,"href":"https:\/\/miradordeatarfe.es\/index.php?rest_route=%2Fwp%2Fv2%2Fcategories&post=79288"},{"taxonomy":"post_tag","embeddable":true,"href":"https:\/\/miradordeatarfe.es\/index.php?rest_route=%2Fwp%2Fv2%2Ftags&post=79288"}],"curies":[{"name":"wp","href":"https:\/\/api.w.org\/{rel}","templated":true}]}}