{"id":7929,"date":"2016-04-01T07:22:58","date_gmt":"2016-04-01T07:22:58","guid":{"rendered":"http:\/\/miradordeatarfe.es\/?p=7929"},"modified":"2016-04-01T08:16:04","modified_gmt":"2016-04-01T08:16:04","slug":"atarfe-actividades-de-fin-de-semana-en-el-centro-cultural","status":"publish","type":"post","link":"https:\/\/miradordeatarfe.es\/?p=7929","title":{"rendered":"ATARFE: Actividades de fin de semana en el Centro Cultural"},"content":{"rendered":"<div class=\"clearfix fbPhotoSnowliftAuthorInfo _xlu\"><\/div>\n<div class=\"clearfix fbPhotoSnowliftAuthorInfo _xlu\">\u00a0VISITA GUIADA AL CENTRO CULTURAL,\u00a0 TEATRO, Y ESPECT\u00c1CULO INFANTIL<\/div>\n<p><!--more--><\/p>\n<div class=\"clearfix fbPhotoSnowliftAuthorInfo _xlu\" style=\"padding-left: 30px; text-align: justify;\">\u00a0Ma\u00f1ana 31 de Marzo se celebra la jornada de puertas abiertas del Centro Cultural Medina Elvira, una oportunidad para conocer las dependencias que, por lo general, no son accesibles al p\u00fablico. Desde los entresijos del auditorio hasta los propios camerinos, salas de ensayo, iluminaci\u00f3n, vestuario&#8230; Los vecinos interesados deben inscribirse ya en el propio centro. Se han organizado 3 visitas en horario de 10:15, 11:30 y 12:15 horas para tres grupos reducidos de ocho personas. Los 24 afortunados lo ser\u00e1n por riguroso orden de inscripci\u00f3n. Todav\u00eda est\u00e1is a tiempo.<\/div>\n<div class=\"clearfix fbPhotoSnowliftAuthorInfo _xlu\" style=\"padding-left: 30px; text-align: justify;\"><a href=\"https:\/\/i0.wp.com\/miradordeatarfe.es\/wp-content\/uploads\/2016\/03\/12933064_1059963237400879_8056637281561410007_n.jpg?ssl=1\" rel=\"attachment wp-att-7930\"><img data-recalc-dims=\"1\" loading=\"lazy\" decoding=\"async\" class=\"alignnone size-full wp-image-7930\" src=\"https:\/\/i0.wp.com\/miradordeatarfe.es\/wp-content\/uploads\/2016\/03\/12933064_1059963237400879_8056637281561410007_n.jpg?resize=640%2C443&#038;ssl=1\" alt=\"12933064_1059963237400879_8056637281561410007_n\" width=\"640\" height=\"443\" srcset=\"https:\/\/i0.wp.com\/miradordeatarfe.es\/wp-content\/uploads\/2016\/03\/12933064_1059963237400879_8056637281561410007_n.jpg?w=689&amp;ssl=1 689w, https:\/\/i0.wp.com\/miradordeatarfe.es\/wp-content\/uploads\/2016\/03\/12933064_1059963237400879_8056637281561410007_n.jpg?resize=300%2C208&amp;ssl=1 300w, https:\/\/i0.wp.com\/miradordeatarfe.es\/wp-content\/uploads\/2016\/03\/12933064_1059963237400879_8056637281561410007_n.jpg?resize=600%2C415&amp;ssl=1 600w\" sizes=\"auto, (max-width: 640px) 100vw, 640px\" \/><\/a><\/div>\n<div class=\"_xlr\" style=\"padding-left: 30px; text-align: justify;\"><\/div>\n<div class=\"_xlr\" style=\"padding-left: 30px; text-align: justify;\"><span id=\"fbPhotoSnowliftContext\" class=\"fbPhotosPhotoContext\"><\/span><span id=\"fbPhotoSnowliftCaption\" class=\"fbPhotosPhotoCaption\" tabindex=\"0\" data-ft=\"{&quot;tn&quot;:&quot;K&quot;}\"><span class=\"hasCaption\">Un poco de teatro para el fin de semana. Y del bueno. El s\u00e1bado, a las 20:30 horas, en el Centro Cultural Medina Elvira, se representa \u00abYo me bajo en la pr\u00f3xima&#8230; \u00bfY usted?\u00bb, una divertida adaptaci\u00f3n de la obra de Adolfo Marsillach. Una disparatada comedia protagonizada por una pareja que se conoce en el vag\u00f3n de metro, cuyo matrimonio resulta fallido. Las risas est\u00e1n garantizadas y el precio, una ganga: 4 euros.<\/span><\/span><\/div>\n<div class=\"_xlr\" style=\"padding-left: 30px; text-align: justify;\"><a href=\"https:\/\/i0.wp.com\/miradordeatarfe.es\/wp-content\/uploads\/2016\/03\/12376686_1058836134180256_18942541384277414_n.jpg?ssl=1\" rel=\"attachment wp-att-7931\"><img data-recalc-dims=\"1\" loading=\"lazy\" decoding=\"async\" class=\"alignnone size-full wp-image-7931\" src=\"https:\/\/i0.wp.com\/miradordeatarfe.es\/wp-content\/uploads\/2016\/03\/12376686_1058836134180256_18942541384277414_n.jpg?resize=640%2C927&#038;ssl=1\" alt=\"12376686_1058836134180256_18942541384277414_n\" width=\"640\" height=\"927\" srcset=\"https:\/\/i0.wp.com\/miradordeatarfe.es\/wp-content\/uploads\/2016\/03\/12376686_1058836134180256_18942541384277414_n.jpg?w=663&amp;ssl=1 663w, https:\/\/i0.wp.com\/miradordeatarfe.es\/wp-content\/uploads\/2016\/03\/12376686_1058836134180256_18942541384277414_n.jpg?resize=207%2C300&amp;ssl=1 207w, https:\/\/i0.wp.com\/miradordeatarfe.es\/wp-content\/uploads\/2016\/03\/12376686_1058836134180256_18942541384277414_n.jpg?resize=600%2C869&amp;ssl=1 600w\" sizes=\"auto, (max-width: 640px) 100vw, 640px\" \/><\/a><\/div>\n<div class=\"_xlr\" style=\"padding-left: 30px; text-align: justify;\"><\/div>\n<div class=\"_xlr\" style=\"padding-left: 30px; text-align: justify;\">\n<p>DOMINGO 3 DE ABRIL. 12 horas. <strong>ESPECT\u00c1CULO INFANTIL<\/strong><u><\/u><u><\/u><\/p>\n<p>GRUPO: ANIMAHIST<u><\/u><u><\/u><\/p>\n<p>OBRA:DESEOLANDIA: ESCUELA DE MAGIA<u><\/u><u><\/u><\/p>\n<p>RESUMEN:<u><\/u><u><\/u><\/p>\n<p>A trav\u00e9s de trucos de magia, teatro, canciones y baile conoceremos la historia de Hugo, un profesor que ha sido invitado a un colegio de magos. All\u00ed conocer\u00e1 a futuros magos y juntos aprender\u00e1n como hacer realidad los sue\u00f1os que perseguimos, si sabemos cu\u00e1les son.<u><\/u><u><\/u><\/p>\n<p>En toda la obra hay interactuaci\u00f3n con el p\u00fablico.<u><\/u><u><\/u><\/p>\n<p>Precio Entrada: 3 euros<\/p>\n<p><a href=\"https:\/\/i0.wp.com\/miradordeatarfe.es\/wp-content\/uploads\/2016\/04\/%C3%ADndice.jpeg?ssl=1\" rel=\"attachment wp-att-7938\"><img data-recalc-dims=\"1\" loading=\"lazy\" decoding=\"async\" class=\"alignnone wp-image-7938\" src=\"https:\/\/i0.wp.com\/miradordeatarfe.es\/wp-content\/uploads\/2016\/04\/%C3%ADndice.jpeg?resize=483%2C684&#038;ssl=1\" alt=\"\u00edndice\" width=\"483\" height=\"684\" srcset=\"https:\/\/i0.wp.com\/miradordeatarfe.es\/wp-content\/uploads\/2016\/04\/%C3%ADndice.jpeg?w=339&amp;ssl=1 339w, https:\/\/i0.wp.com\/miradordeatarfe.es\/wp-content\/uploads\/2016\/04\/%C3%ADndice.jpeg?resize=212%2C300&amp;ssl=1 212w\" sizes=\"auto, (max-width: 483px) 100vw, 483px\" \/><\/a><\/p>\n<\/div>\n<div class=\"_xlr\"><\/div>\n","protected":false},"excerpt":{"rendered":"<p>\u00a0VISITA GUIADA AL CENTRO CULTURAL,\u00a0 TEATRO, Y ESPECT\u00c1CULO INFANTIL<\/p>\n","protected":false},"author":1,"featured_media":0,"comment_status":"closed","ping_status":"closed","sticky":false,"template":"","format":"standard","meta":{"_coblocks_attr":"","_coblocks_dimensions":"","_coblocks_responsive_height":"","_coblocks_accordion_ie_support":"","jetpack_post_was_ever_published":false,"_jetpack_newsletter_access":"","_jetpack_dont_email_post_to_subs":false,"_jetpack_newsletter_tier_id":0,"_jetpack_memberships_contains_paywalled_content":false,"_jetpack_memberships_contains_paid_content":false,"footnotes":"","jetpack_publicize_message":"","jetpack_publicize_feature_enabled":true,"jetpack_social_post_already_shared":false,"jetpack_social_options":{"image_generator_settings":{"template":"highway","default_image_id":0,"enabled":false},"version":2}},"categories":[2,44,15],"tags":[],"class_list":["post-7929","post","type-post","status-publish","format-standard","hentry","category-atarfe","category-noticias-de-hoy","category-ultimas-noticias"],"jetpack_publicize_connections":[],"jetpack_featured_media_url":"","jetpack_likes_enabled":true,"jetpack_sharing_enabled":true,"_links":{"self":[{"href":"https:\/\/miradordeatarfe.es\/index.php?rest_route=\/wp\/v2\/posts\/7929","targetHints":{"allow":["GET"]}}],"collection":[{"href":"https:\/\/miradordeatarfe.es\/index.php?rest_route=\/wp\/v2\/posts"}],"about":[{"href":"https:\/\/miradordeatarfe.es\/index.php?rest_route=\/wp\/v2\/types\/post"}],"author":[{"embeddable":true,"href":"https:\/\/miradordeatarfe.es\/index.php?rest_route=\/wp\/v2\/users\/1"}],"replies":[{"embeddable":true,"href":"https:\/\/miradordeatarfe.es\/index.php?rest_route=%2Fwp%2Fv2%2Fcomments&post=7929"}],"version-history":[{"count":3,"href":"https:\/\/miradordeatarfe.es\/index.php?rest_route=\/wp\/v2\/posts\/7929\/revisions"}],"predecessor-version":[{"id":7939,"href":"https:\/\/miradordeatarfe.es\/index.php?rest_route=\/wp\/v2\/posts\/7929\/revisions\/7939"}],"wp:attachment":[{"href":"https:\/\/miradordeatarfe.es\/index.php?rest_route=%2Fwp%2Fv2%2Fmedia&parent=7929"}],"wp:term":[{"taxonomy":"category","embeddable":true,"href":"https:\/\/miradordeatarfe.es\/index.php?rest_route=%2Fwp%2Fv2%2Fcategories&post=7929"},{"taxonomy":"post_tag","embeddable":true,"href":"https:\/\/miradordeatarfe.es\/index.php?rest_route=%2Fwp%2Fv2%2Ftags&post=7929"}],"curies":[{"name":"wp","href":"https:\/\/api.w.org\/{rel}","templated":true}]}}