{"id":79294,"date":"2025-10-12T11:20:16","date_gmt":"2025-10-12T09:20:16","guid":{"rendered":"https:\/\/miradordeatarfe.es\/?p=79294"},"modified":"2025-10-09T12:01:46","modified_gmt":"2025-10-09T10:01:46","slug":"el-corredor-verde-los-olivares-de-elvira-de-atarfe","status":"publish","type":"post","link":"https:\/\/miradordeatarfe.es\/?p=79294","title":{"rendered":"EL CORREDOR VERDE \u201cLos Olivares de Elvira\u201d, DE ATARFE"},"content":{"rendered":"<h2>El 26 de DICIEMBRE DE 2006 Ideal publicaba la siguiente rese\u00f1a de un especial sobre Atarfe\u00a0 que os exponemos a continuaci\u00f3n .<\/h2>\n<p>Este parque en el norte de nuestra ciudad es un espacio natural ecol\u00f3gico que oxigena nuestra ciudad. Tiene una extensi\u00f3n de m\u00e1s de 20.000 m. cuadrados de superficie y se encuentra situado en el Parque Corredor Verde<span style=\"color: #800000;\"> \u201cLos Olivares de Elvira\u201d,<\/span> al norte de la poblaci\u00f3n, separado del monte de Los Tres Juanes por la A-92.<\/p>\n<p>&nbsp;<\/p>\n<p><img data-recalc-dims=\"1\" loading=\"lazy\" decoding=\"async\" class=\"alignnone wp-image-79295 size-full\" src=\"https:\/\/i0.wp.com\/miradordeatarfe.es\/wp-content\/uploads\/2025\/10\/Captura20251007132947.png?resize=640%2C467&#038;ssl=1\" alt=\"\" width=\"640\" height=\"467\" srcset=\"https:\/\/i0.wp.com\/miradordeatarfe.es\/wp-content\/uploads\/2025\/10\/Captura20251007132947.png?w=1015&amp;ssl=1 1015w, https:\/\/i0.wp.com\/miradordeatarfe.es\/wp-content\/uploads\/2025\/10\/Captura20251007132947.png?resize=300%2C219&amp;ssl=1 300w, https:\/\/i0.wp.com\/miradordeatarfe.es\/wp-content\/uploads\/2025\/10\/Captura20251007132947.png?resize=768%2C561&amp;ssl=1 768w\" sizes=\"auto, (max-width: 640px) 100vw, 640px\" \/><\/p>\n<p>FOTO: Lorenzo L\u00f3pez (2010)<\/p>\n","protected":false},"excerpt":{"rendered":"<p>El 26 de DICIEMBRE DE 2006 Ideal publicaba la siguiente rese\u00f1a de un especial sobre&#8230;<\/p>\n","protected":false},"author":1,"featured_media":79296,"comment_status":"closed","ping_status":"closed","sticky":false,"template":"","format":"standard","meta":{"_coblocks_attr":"","_coblocks_dimensions":"","_coblocks_responsive_height":"","_coblocks_accordion_ie_support":"","jetpack_post_was_ever_published":false,"_jetpack_newsletter_access":"","_jetpack_dont_email_post_to_subs":false,"_jetpack_newsletter_tier_id":0,"_jetpack_memberships_contains_paywalled_content":false,"_jetpack_memberships_contains_paid_content":false,"footnotes":"","jetpack_publicize_message":"","jetpack_publicize_feature_enabled":true,"jetpack_social_post_already_shared":true,"jetpack_social_options":{"image_generator_settings":{"template":"highway","default_image_id":0,"enabled":false},"version":2}},"categories":[2,6916,1225,44],"tags":[],"class_list":["post-79294","post","type-post","status-publish","format-standard","has-post-thumbnail","hentry","category-atarfe","category-ayuntamiento-de-atarfe","category-ha-de-atarfe","category-noticias-de-hoy"],"jetpack_publicize_connections":[],"jetpack_featured_media_url":"https:\/\/i0.wp.com\/miradordeatarfe.es\/wp-content\/uploads\/2025\/10\/GRATAR-03-1A-atarfe-parque-2.jpg?fit=600%2C450&ssl=1","jetpack_likes_enabled":true,"jetpack_sharing_enabled":true,"_links":{"self":[{"href":"https:\/\/miradordeatarfe.es\/index.php?rest_route=\/wp\/v2\/posts\/79294","targetHints":{"allow":["GET"]}}],"collection":[{"href":"https:\/\/miradordeatarfe.es\/index.php?rest_route=\/wp\/v2\/posts"}],"about":[{"href":"https:\/\/miradordeatarfe.es\/index.php?rest_route=\/wp\/v2\/types\/post"}],"author":[{"embeddable":true,"href":"https:\/\/miradordeatarfe.es\/index.php?rest_route=\/wp\/v2\/users\/1"}],"replies":[{"embeddable":true,"href":"https:\/\/miradordeatarfe.es\/index.php?rest_route=%2Fwp%2Fv2%2Fcomments&post=79294"}],"version-history":[{"count":1,"href":"https:\/\/miradordeatarfe.es\/index.php?rest_route=\/wp\/v2\/posts\/79294\/revisions"}],"predecessor-version":[{"id":79297,"href":"https:\/\/miradordeatarfe.es\/index.php?rest_route=\/wp\/v2\/posts\/79294\/revisions\/79297"}],"wp:featuredmedia":[{"embeddable":true,"href":"https:\/\/miradordeatarfe.es\/index.php?rest_route=\/wp\/v2\/media\/79296"}],"wp:attachment":[{"href":"https:\/\/miradordeatarfe.es\/index.php?rest_route=%2Fwp%2Fv2%2Fmedia&parent=79294"}],"wp:term":[{"taxonomy":"category","embeddable":true,"href":"https:\/\/miradordeatarfe.es\/index.php?rest_route=%2Fwp%2Fv2%2Fcategories&post=79294"},{"taxonomy":"post_tag","embeddable":true,"href":"https:\/\/miradordeatarfe.es\/index.php?rest_route=%2Fwp%2Fv2%2Ftags&post=79294"}],"curies":[{"name":"wp","href":"https:\/\/api.w.org\/{rel}","templated":true}]}}