{"id":79305,"date":"2025-10-08T11:15:19","date_gmt":"2025-10-08T09:15:19","guid":{"rendered":"https:\/\/miradordeatarfe.es\/?p=79305"},"modified":"2025-10-08T12:41:49","modified_gmt":"2025-10-08T10:41:49","slug":"metro-la-decision-esta-en-manos-de-la-junta-de-andalucia","status":"publish","type":"post","link":"https:\/\/miradordeatarfe.es\/?p=79305","title":{"rendered":"\u00bfMETRO DE ATARFE ? La decisi\u00f3n est\u00e1 en manos de la Junta de Andaluc\u00eda"},"content":{"rendered":"<h3 style=\"text-align: justify;\">El Ayuntamiento de Atarfe ha sacado una nota en sus redes explicando que el Metro no depende de su decisi\u00f3n sino de la JUNTA DE ANDALUCIA<\/h3>\n<p style=\"text-align: justify;\">El Ayuntamiento ha expuesto lo siguiente:\u00a0\u00a0<\/p>\n<p style=\"text-align: justify;\"><em>Tras la publicaci\u00f3n sobre la consecuci\u00f3n de m\u00e1s de 8 millones de euros de fondos europeos para transformar Atarfe, muchas personas nos hab\u00e9is preguntado por el Metro.<\/em><\/p>\n<p style=\"text-align: justify;\"><em>Queremos aclararlo de forma transparente .<\/em><em> La extensi\u00f3n del Metro a Atarfe es una competencia EXCLUSIVA de la Junta de Andaluc\u00eda, que ser\u00e1 quien decida su ampliaci\u00f3n dentro del nuevo Plan Director que van a elaborar.\u00a0<\/em><em>Desde el Ayuntamiento de Atarfe, ya hemos hecho todo lo necesario para que nuestro municipio est\u00e9 preparado.<\/em><\/p>\n<p style=\"text-align: justify;\"><em><strong>\u00a0Seguiremos colaborando y mostrando toda nuestra disposici\u00f3n para que este proyecto, tan importante para nuestros vecinos y vecinas, se haga realidad .<\/strong><\/em><\/p>\n<p style=\"text-align: justify;\">En el mes de marzo de 2025 se hacia p\u00fablica la noticia de ampliaciones del metro en sus distintas propuestas y con respecto al metro de Atarfe o la ampliaci\u00f3n por la zona norte se dec\u00eda:<\/p>\n<h2 class=\"wp-block-heading\" style=\"text-align: justify;\"><em>Ampliaci\u00f3n Norte<\/em><\/h2>\n<p style=\"text-align: justify;\"><em><strong>El alargamiento de la l\u00ednea 1 hasta Atarfe fue considerada en el Estudio Informativo de 2022 como beneficiosa, pero el Plan presentado ahora por la Junta considera que en su configuraci\u00f3n actual \u00abno se espera que atraiga suficiente demanda para justificar la inversi\u00f3n esperada\u00bb. Por lo tanto, se recomienda no poner en funcionamiento esta extensi\u00f3n por el momento, estudiar la posibilidad de escalonar su ejecuci\u00f3n y evaluar posibles opciones para aumentar su atractivo para la ciudadan\u00eda<\/strong>.<\/em><\/p>\n<p style=\"text-align: justify;\"><em>As\u00ed mismo, el documento recomienda preparar un<strong> plan espec\u00edfico de desarrollo urbano y transporte integrado<\/strong> con el objetivo de maximizar las sinergias entre la Ampliaci\u00f3n Norte y el desarrollo urban\u00edstico de Albolote y Atarfe, con lo que se podr\u00eda transformar lo que se considera <strong>una \u00abdebilidad actual\u00bb en una oportunidad de futuro<\/strong>. En este sentido, hace hincapi\u00e9 en que los posibles ingresos de este desarrollo urbano podr\u00edan utilizarse potencialmente como un fondo para financiar este y otros proyectos de transporte relacionados.<\/em><\/p>\n<p style=\"text-align: justify;\"><em>Adem\u00e1s, el Plan de Transporte Metropolitano del \u00c1rea de Granada incide en que se deber\u00e1, en fase de proyecto, <strong>realizar un an\u00e1lisis detallado de las debilidades y establecer soluciones para minimizar o compensar el impacto sobre las mismas, <\/strong>estableciendo recorridos provisionales durante las obras y asegurando la continuidad de las v\u00edas pecuarias y conservaci\u00f3n de los valores naturales, culturales y patrimoniales objeto de protecci\u00f3n. En otras palabras, que hay que<strong> seguir avanzando en el proyecto de una ampliaci\u00f3n que no se descarga, pero que se pospone para un futuro plan.<\/strong><\/em><\/p>\n<h2 style=\"text-align: justify;\">Y LEEMOS EN IDEAL EL 19 DE MARZO:\u00a0<\/h2>\n<div class=\"v-a-info-c \">\n<h2 class=\"v-a-t\" style=\"text-align: justify;\">El plan de movilidad plantea &#8216;fasear&#8217; el metro a Atarfe y no compromete nuevas extensiones<\/h2>\n<h2 class=\"v-a-sub-t \" style=\"text-align: justify;\">El texto final, pendiente de aprobaci\u00f3n por el Consejo de Gobierno, condiciona nuevos ramales a la realizaci\u00f3n de un plan director que la Junta asegura que saldr\u00e1 a licitaci\u00f3n en breve<\/h2>\n<p>https:\/\/www.ideal.es\/granada\/plan-movilidad-plantea-fasear-metro-atarfe-compromete-20250319004832-nt.html<\/p>\n<\/div>\n","protected":false},"excerpt":{"rendered":"<p>El Ayuntamiento de Atarfe ha sacado una nota en sus redes explicando que el Metro&#8230;<\/p>\n","protected":false},"author":1,"featured_media":79306,"comment_status":"closed","ping_status":"closed","sticky":false,"template":"","format":"standard","meta":{"_coblocks_attr":"","_coblocks_dimensions":"","_coblocks_responsive_height":"","_coblocks_accordion_ie_support":"","jetpack_post_was_ever_published":false,"_jetpack_newsletter_access":"","_jetpack_dont_email_post_to_subs":false,"_jetpack_newsletter_tier_id":0,"_jetpack_memberships_contains_paywalled_content":false,"_jetpack_memberships_contains_paid_content":false,"footnotes":"","jetpack_publicize_message":"","jetpack_publicize_feature_enabled":true,"jetpack_social_post_already_shared":true,"jetpack_social_options":{"image_generator_settings":{"template":"highway","default_image_id":0,"enabled":false},"version":2}},"categories":[7537,1161,186,44],"tags":[],"class_list":["post-79305","post","type-post","status-publish","format-standard","has-post-thumbnail","hentry","category-atarfe-en-papel-de-ideal","category-ciudadania","category-instituciones","category-noticias-de-hoy"],"jetpack_publicize_connections":[],"jetpack_featured_media_url":"https:\/\/i0.wp.com\/miradordeatarfe.es\/wp-content\/uploads\/2025\/10\/Metro-Granada-2.jpg.webp?fit=768%2C528&ssl=1","jetpack_likes_enabled":true,"jetpack_sharing_enabled":true,"_links":{"self":[{"href":"https:\/\/miradordeatarfe.es\/index.php?rest_route=\/wp\/v2\/posts\/79305","targetHints":{"allow":["GET"]}}],"collection":[{"href":"https:\/\/miradordeatarfe.es\/index.php?rest_route=\/wp\/v2\/posts"}],"about":[{"href":"https:\/\/miradordeatarfe.es\/index.php?rest_route=\/wp\/v2\/types\/post"}],"author":[{"embeddable":true,"href":"https:\/\/miradordeatarfe.es\/index.php?rest_route=\/wp\/v2\/users\/1"}],"replies":[{"embeddable":true,"href":"https:\/\/miradordeatarfe.es\/index.php?rest_route=%2Fwp%2Fv2%2Fcomments&post=79305"}],"version-history":[{"count":3,"href":"https:\/\/miradordeatarfe.es\/index.php?rest_route=\/wp\/v2\/posts\/79305\/revisions"}],"predecessor-version":[{"id":79322,"href":"https:\/\/miradordeatarfe.es\/index.php?rest_route=\/wp\/v2\/posts\/79305\/revisions\/79322"}],"wp:featuredmedia":[{"embeddable":true,"href":"https:\/\/miradordeatarfe.es\/index.php?rest_route=\/wp\/v2\/media\/79306"}],"wp:attachment":[{"href":"https:\/\/miradordeatarfe.es\/index.php?rest_route=%2Fwp%2Fv2%2Fmedia&parent=79305"}],"wp:term":[{"taxonomy":"category","embeddable":true,"href":"https:\/\/miradordeatarfe.es\/index.php?rest_route=%2Fwp%2Fv2%2Fcategories&post=79305"},{"taxonomy":"post_tag","embeddable":true,"href":"https:\/\/miradordeatarfe.es\/index.php?rest_route=%2Fwp%2Fv2%2Ftags&post=79305"}],"curies":[{"name":"wp","href":"https:\/\/api.w.org\/{rel}","templated":true}]}}