{"id":79309,"date":"2025-10-08T10:00:04","date_gmt":"2025-10-08T08:00:04","guid":{"rendered":"https:\/\/miradordeatarfe.es\/?p=79309"},"modified":"2025-10-08T12:29:49","modified_gmt":"2025-10-08T10:29:49","slug":"ciudadanos-de-atarfe-mantienen-su-apoyo-a-palestina-con-concentraciones-en-distintos-barrios-del-pueblo","status":"publish","type":"post","link":"https:\/\/miradordeatarfe.es\/?p=79309","title":{"rendered":"CIUDADANOS DE ATARFE MANTIENEN SU APOYO A PALESTINA CON CONCENTRACIONES EN DISTINTOS BARRIOS DEL PUEBLO."},"content":{"rendered":"<h3 style=\"text-align: justify;\">En esta ocasi\u00f3n la concentraci\u00f3n ha sido este martes 7-10-2025 en la Avd. Am\u00e9rica, junto al monumento de Las Pir\u00e1mides en la zona sur del pueblo.<\/h3>\n<p style=\"text-align: justify;\">Es el cuarto barrio que recorre la Plataforma \u201cAtarfe con Palestina\u201d con el objetivo de llegar a toda la ciudadan\u00eda atarfe\u00f1a y dar la oportunidad de expresar la defensa de los Derechos Humanos, la justicia y dignidad que merece la poblaci\u00f3n palestina.<\/p>\n<p style=\"text-align: justify;\">El acto comenz\u00f3 con un recuerdo a las v\u00edctimas israelitas del atentado terrorista que conllev\u00f3 la muerte de unas 1200 personas y el secuestro de 251 rehenes israelitas hace dos a\u00f1os por parte de extremistas de HAMAS. Y la desproporcionada respuesta del Gobierno Israel\u00ed con su ejercito que ha matado a m\u00e1s de 67000 palestinos, muchos de ellos ni\u00f1os.<\/p>\n<p style=\"text-align: justify;\">A continuaci\u00f3n se explic\u00f3 el contexto hist\u00f3rico geogr\u00e1fico del territorio que comparten Palestina e Israel, y el proceso de ocupaci\u00f3n progresiva por medio de presiones y guerras por parte de Israel de la mayor\u00eda del territorio compartido.<\/p>\n<p style=\"text-align: justify;\">Hubo oportunidad de participaci\u00f3n de las personas concentradas mediante poemas, canciones relacionadas con la situaci\u00f3n de sufrimiento que vive la poblaci\u00f3n Palestina, especialmente emotiva la carta le\u00edda por una chica adolescente donde una madre narraba con tristeza las penalidades vividas por sus hijos.<\/p>\n<p style=\"text-align: justify;\">El cantautor Suhail Serghini interpret\u00f3 en \u00e1rabe y espa\u00f1ol la canci\u00f3n \u201cNo te olvidaremos Palestina\u201d invitando a cantar el estribillo a todas la personas concentradas.<\/p>\n<p style=\"text-align: justify;\">Al final del acto se anim\u00f3 a la ciudadan\u00eda a seguir participando cada martes en las concentraciones como acci\u00f3n protesta por lo que est\u00e1 ocurriendo, la pr\u00f3xima ser\u00e1 en la zona norte del pueblo en el<strong> Parque Leyva Loro,<\/strong> y se comunic\u00f3 que ya se han tramitado los permisos para una <strong>manifestaci\u00f3n el pr\u00f3ximo domingo 19 de octubre a las 12,30<\/strong> desde el Centro Cultural Medina Elvira hasta el Paseo de Santa Ana.<\/p>\n<p><img data-recalc-dims=\"1\" loading=\"lazy\" decoding=\"async\" class=\"alignnone wp-image-79313 size-large\" src=\"https:\/\/i0.wp.com\/miradordeatarfe.es\/wp-content\/uploads\/2025\/10\/Imagen-de-WhatsApp-2025-10-07-a-las-20.49.47_f4c4a6e9.jpg?resize=640%2C480&#038;ssl=1\" alt=\"\" width=\"640\" height=\"480\" srcset=\"https:\/\/i0.wp.com\/miradordeatarfe.es\/wp-content\/uploads\/2025\/10\/Imagen-de-WhatsApp-2025-10-07-a-las-20.49.47_f4c4a6e9.jpg?resize=1024%2C768&amp;ssl=1 1024w, https:\/\/i0.wp.com\/miradordeatarfe.es\/wp-content\/uploads\/2025\/10\/Imagen-de-WhatsApp-2025-10-07-a-las-20.49.47_f4c4a6e9.jpg?resize=300%2C225&amp;ssl=1 300w, https:\/\/i0.wp.com\/miradordeatarfe.es\/wp-content\/uploads\/2025\/10\/Imagen-de-WhatsApp-2025-10-07-a-las-20.49.47_f4c4a6e9.jpg?resize=768%2C576&amp;ssl=1 768w, https:\/\/i0.wp.com\/miradordeatarfe.es\/wp-content\/uploads\/2025\/10\/Imagen-de-WhatsApp-2025-10-07-a-las-20.49.47_f4c4a6e9.jpg?resize=1536%2C1152&amp;ssl=1 1536w, https:\/\/i0.wp.com\/miradordeatarfe.es\/wp-content\/uploads\/2025\/10\/Imagen-de-WhatsApp-2025-10-07-a-las-20.49.47_f4c4a6e9.jpg?resize=1320%2C990&amp;ssl=1 1320w, https:\/\/i0.wp.com\/miradordeatarfe.es\/wp-content\/uploads\/2025\/10\/Imagen-de-WhatsApp-2025-10-07-a-las-20.49.47_f4c4a6e9.jpg?w=2048&amp;ssl=1 2048w, https:\/\/i0.wp.com\/miradordeatarfe.es\/wp-content\/uploads\/2025\/10\/Imagen-de-WhatsApp-2025-10-07-a-las-20.49.47_f4c4a6e9.jpg?w=1920&amp;ssl=1 1920w\" sizes=\"auto, (max-width: 640px) 100vw, 640px\" \/> <img data-recalc-dims=\"1\" loading=\"lazy\" decoding=\"async\" class=\"alignnone wp-image-79311 \" src=\"https:\/\/i0.wp.com\/miradordeatarfe.es\/wp-content\/uploads\/2025\/10\/Piramides3.jpg?resize=640%2C477&#038;ssl=1\" alt=\"\" width=\"640\" height=\"477\" srcset=\"https:\/\/i0.wp.com\/miradordeatarfe.es\/wp-content\/uploads\/2025\/10\/Piramides3.jpg?w=679&amp;ssl=1 679w, https:\/\/i0.wp.com\/miradordeatarfe.es\/wp-content\/uploads\/2025\/10\/Piramides3.jpg?resize=300%2C224&amp;ssl=1 300w\" sizes=\"auto, (max-width: 640px) 100vw, 640px\" \/><img data-recalc-dims=\"1\" loading=\"lazy\" decoding=\"async\" class=\"wp-image-79317 size-full aligncenter\" src=\"https:\/\/i0.wp.com\/miradordeatarfe.es\/wp-content\/uploads\/2025\/10\/Piramides1-1.jpg?resize=640%2C486&#038;ssl=1\" alt=\"\" width=\"640\" height=\"486\" srcset=\"https:\/\/i0.wp.com\/miradordeatarfe.es\/wp-content\/uploads\/2025\/10\/Piramides1-1.jpg?w=685&amp;ssl=1 685w, https:\/\/i0.wp.com\/miradordeatarfe.es\/wp-content\/uploads\/2025\/10\/Piramides1-1.jpg?resize=300%2C228&amp;ssl=1 300w\" sizes=\"auto, (max-width: 640px) 100vw, 640px\" \/><\/p>\n","protected":false},"excerpt":{"rendered":"<p>En esta ocasi\u00f3n la concentraci\u00f3n ha sido este martes 7-10-2025 en la Avd. Am\u00e9rica, junto&#8230;<\/p>\n","protected":false},"author":1,"featured_media":79310,"comment_status":"closed","ping_status":"closed","sticky":false,"template":"","format":"standard","meta":{"_coblocks_attr":"","_coblocks_dimensions":"","_coblocks_responsive_height":"","_coblocks_accordion_ie_support":"","jetpack_post_was_ever_published":false,"_jetpack_newsletter_access":"","_jetpack_dont_email_post_to_subs":false,"_jetpack_newsletter_tier_id":0,"_jetpack_memberships_contains_paywalled_content":false,"_jetpack_memberships_contains_paid_content":false,"footnotes":"","jetpack_publicize_message":"","jetpack_publicize_feature_enabled":true,"jetpack_social_post_already_shared":true,"jetpack_social_options":{"image_generator_settings":{"template":"highway","default_image_id":0,"enabled":false},"version":2}},"categories":[1161,44,10806,6937],"tags":[],"class_list":["post-79309","post","type-post","status-publish","format-standard","has-post-thumbnail","hentry","category-ciudadania","category-noticias-de-hoy","category-palestina","category-sociedad"],"jetpack_publicize_connections":[],"jetpack_featured_media_url":"https:\/\/i0.wp.com\/miradordeatarfe.es\/wp-content\/uploads\/2025\/10\/Imagen-de-WhatsApp-2025-10-08-a-las-12.21.53_9fb2688e.jpg?fit=1222%2C1417&ssl=1","jetpack_likes_enabled":true,"jetpack_sharing_enabled":true,"_links":{"self":[{"href":"https:\/\/miradordeatarfe.es\/index.php?rest_route=\/wp\/v2\/posts\/79309","targetHints":{"allow":["GET"]}}],"collection":[{"href":"https:\/\/miradordeatarfe.es\/index.php?rest_route=\/wp\/v2\/posts"}],"about":[{"href":"https:\/\/miradordeatarfe.es\/index.php?rest_route=\/wp\/v2\/types\/post"}],"author":[{"embeddable":true,"href":"https:\/\/miradordeatarfe.es\/index.php?rest_route=\/wp\/v2\/users\/1"}],"replies":[{"embeddable":true,"href":"https:\/\/miradordeatarfe.es\/index.php?rest_route=%2Fwp%2Fv2%2Fcomments&post=79309"}],"version-history":[{"count":1,"href":"https:\/\/miradordeatarfe.es\/index.php?rest_route=\/wp\/v2\/posts\/79309\/revisions"}],"predecessor-version":[{"id":79318,"href":"https:\/\/miradordeatarfe.es\/index.php?rest_route=\/wp\/v2\/posts\/79309\/revisions\/79318"}],"wp:featuredmedia":[{"embeddable":true,"href":"https:\/\/miradordeatarfe.es\/index.php?rest_route=\/wp\/v2\/media\/79310"}],"wp:attachment":[{"href":"https:\/\/miradordeatarfe.es\/index.php?rest_route=%2Fwp%2Fv2%2Fmedia&parent=79309"}],"wp:term":[{"taxonomy":"category","embeddable":true,"href":"https:\/\/miradordeatarfe.es\/index.php?rest_route=%2Fwp%2Fv2%2Fcategories&post=79309"},{"taxonomy":"post_tag","embeddable":true,"href":"https:\/\/miradordeatarfe.es\/index.php?rest_route=%2Fwp%2Fv2%2Ftags&post=79309"}],"curies":[{"name":"wp","href":"https:\/\/api.w.org\/{rel}","templated":true}]}}