{"id":79319,"date":"2025-10-09T11:00:36","date_gmt":"2025-10-09T09:00:36","guid":{"rendered":"https:\/\/miradordeatarfe.es\/?p=79319"},"modified":"2025-10-08T12:57:44","modified_gmt":"2025-10-08T10:57:44","slug":"bocazas-y-punetazos-por-juan-de-dios-villanueva-roa","status":"publish","type":"post","link":"https:\/\/miradordeatarfe.es\/?p=79319","title":{"rendered":"\u00abBocazas y pu\u00f1etazos\u00bb por  Juan de Dios Villanueva Roa"},"content":{"rendered":"<p class=\"v-p\">Caminamos zancajosos hacia una sociedad en la que todo vale. \u00bfCulpables? Por supuesto, la clase pol\u00edtica que busca gobernar, aunque tenga que cargarse las estructuras <span class=\"paywall pw-open\">sociales que tanto costaron crear.<\/span><\/p>\n<p class=\"v-p\"><span class=\"paywall pw-open\"> Vivimos tal aumento de agresividad, de impunidad, del que pueda golpear que golpee por nuestras calles que en alg\u00fan momento se prender\u00e1 la llama. Las chispas est\u00e1n por doquier, el odio comienza a impregnar los corazones. Los aspirantes lo dan todo por v\u00e1lido. Fanatismo sin esp\u00edritu m\u00ednimamente cr\u00edtico. Cualquiera cree que puede insultar, golpear, amedrentar y hacer lo que le d\u00e9 su santa gana, que como le dicen que esto hay que tumbarlo pues aporta su granito de decrepitud. \u00bfD\u00f3nde est\u00e1 el respeto, la civilidad, las controversias, aunque queden en peineta o pitido? Ya no, ahora se persigue, se para y se agrede, y se sale corriendo porque no pasa nada. <\/span><\/p>\n<div class=\"paywall\" data-mrf-recirculation=\"Link art\u00edculos\">\n<p class=\"v-p\">Peor lo hacen los capitanes sin barco que nos est\u00e1n llevando hacia un caos de forma premeditada, con su grumete mayor saliendo a los micr\u00f3fonos de cuando en cuando a sonre\u00edr mientras despotrica hasta de los \u00e1ngeles de su infierno. En este pa\u00eds tenemos graves precedentes, los j\u00f3venes no los conocen porque apenas leen y se les ha explicado poco. No se ha estudiado la historia de este pueblo, naci\u00f3n, estado\u2026 de los \u00faltimos cien a\u00f1os. Por eso, por ignorancia, no les importa llamar a tiempos pasados. Pero a\u00fan es peor cuando lo hacen aquellos que s\u00ed los vivieron. Deben haber olvidado, o son de los que ganaron para ellos y sus familias. Las guerras no se ganan siempre, pero siempre todos las pierden. Se est\u00e1 construyendo una realidad social hostil porque se tiene el convencimiento de que despu\u00e9s se controlar\u00e1, pero, \u00bfy si hay un despu\u00e9s que no sea controlable?<\/p>\n<p>FOTO: Sesi\u00f3n de control al Gobierno en el Congreso de los Diputados, durante el pasado 14 de septiembre de 2022. Foto: \u00a9Congreso de los Diputados.\u00a0<\/p>\n<\/div>\n","protected":false},"excerpt":{"rendered":"<p>Caminamos zancajosos hacia una sociedad en la que todo vale. \u00bfCulpables? Por supuesto, la clase&#8230;<\/p>\n","protected":false},"author":1,"featured_media":79320,"comment_status":"closed","ping_status":"closed","sticky":false,"template":"","format":"standard","meta":{"_coblocks_attr":"","_coblocks_dimensions":"","_coblocks_responsive_height":"","_coblocks_accordion_ie_support":"","jetpack_post_was_ever_published":false,"_jetpack_newsletter_access":"","_jetpack_dont_email_post_to_subs":false,"_jetpack_newsletter_tier_id":0,"_jetpack_memberships_contains_paywalled_content":false,"_jetpack_memberships_contains_paid_content":false,"footnotes":"","jetpack_publicize_message":"","jetpack_publicize_feature_enabled":true,"jetpack_social_post_already_shared":true,"jetpack_social_options":{"image_generator_settings":{"template":"highway","default_image_id":0,"enabled":false},"version":2}},"categories":[1161,186,9772,44,6937],"tags":[],"class_list":["post-79319","post","type-post","status-publish","format-standard","has-post-thumbnail","hentry","category-ciudadania","category-instituciones","category-opinion-de-juan-de-dios-villanueva","category-noticias-de-hoy","category-sociedad"],"jetpack_publicize_connections":[],"jetpack_featured_media_url":"https:\/\/i0.wp.com\/miradordeatarfe.es\/wp-content\/uploads\/2025\/10\/congreso-diputados-partidos-politicos.jpg?fit=1205%2C904&ssl=1","jetpack_likes_enabled":true,"jetpack_sharing_enabled":true,"_links":{"self":[{"href":"https:\/\/miradordeatarfe.es\/index.php?rest_route=\/wp\/v2\/posts\/79319","targetHints":{"allow":["GET"]}}],"collection":[{"href":"https:\/\/miradordeatarfe.es\/index.php?rest_route=\/wp\/v2\/posts"}],"about":[{"href":"https:\/\/miradordeatarfe.es\/index.php?rest_route=\/wp\/v2\/types\/post"}],"author":[{"embeddable":true,"href":"https:\/\/miradordeatarfe.es\/index.php?rest_route=\/wp\/v2\/users\/1"}],"replies":[{"embeddable":true,"href":"https:\/\/miradordeatarfe.es\/index.php?rest_route=%2Fwp%2Fv2%2Fcomments&post=79319"}],"version-history":[{"count":1,"href":"https:\/\/miradordeatarfe.es\/index.php?rest_route=\/wp\/v2\/posts\/79319\/revisions"}],"predecessor-version":[{"id":79321,"href":"https:\/\/miradordeatarfe.es\/index.php?rest_route=\/wp\/v2\/posts\/79319\/revisions\/79321"}],"wp:featuredmedia":[{"embeddable":true,"href":"https:\/\/miradordeatarfe.es\/index.php?rest_route=\/wp\/v2\/media\/79320"}],"wp:attachment":[{"href":"https:\/\/miradordeatarfe.es\/index.php?rest_route=%2Fwp%2Fv2%2Fmedia&parent=79319"}],"wp:term":[{"taxonomy":"category","embeddable":true,"href":"https:\/\/miradordeatarfe.es\/index.php?rest_route=%2Fwp%2Fv2%2Fcategories&post=79319"},{"taxonomy":"post_tag","embeddable":true,"href":"https:\/\/miradordeatarfe.es\/index.php?rest_route=%2Fwp%2Fv2%2Ftags&post=79319"}],"curies":[{"name":"wp","href":"https:\/\/api.w.org\/{rel}","templated":true}]}}