{"id":79329,"date":"2025-10-10T11:00:23","date_gmt":"2025-10-10T09:00:23","guid":{"rendered":"https:\/\/miradordeatarfe.es\/?p=79329"},"modified":"2025-10-08T13:15:39","modified_gmt":"2025-10-08T11:15:39","slug":"reloj-megalitico-de-atarfe","status":"publish","type":"post","link":"https:\/\/miradordeatarfe.es\/?p=79329","title":{"rendered":"\u00abRELOJ MEGAL\u00cdTICO DE ATARFE\u00bb"},"content":{"rendered":"<h3>En el solsticio de verano de 2008 fue inaugurado este espectacular reloj solar \u201cmegal\u00edtico\u201d compuesto de doce grandes d\u00f3lmenes de piedra -de m\u00e1s de 15,000 kilos de peso y cuatro metros y medio de altura de cada uno- mediante los que se se\u00f1alan las horas proyectadas por la sombra de un gran gnomon vertical de la misma altura.<\/h3>\n<div class=\"wp-block-image\">\n<figure class=\"alignright size-full is-resized\"><figcaption class=\"wp-element-caption\"><\/figcaption><\/figure>\n<\/div>\n<p>Tiene una extensi\u00f3n de m\u00e1s de 20.000 m. cuadrados de superficie y se encuentra situado en el Parque Corredor Verde \u201cLos Olivares de Elvira\u201d, al norte de la poblaci\u00f3n, separado del monte de Los Tres Juanes por la A-92.<\/p>\n<p>El reloj que ha sido dise\u00f1ado por la arquitecta <strong>Julia Gallego Risco<\/strong>, marca las horas enteras y las medias para una lectura que lleva impl\u00edcita la correcci\u00f3n por longitud. Asimismo est\u00e1 dotado de l\u00edneas estacionales. En la cara norte del gnomon se han dispuesto las instrucciones para la adecuada lectura horaria.<\/p>\n<div class=\"wp-block-kadence-column kadence-column5206_009e96-a4\">\n<div class=\"kt-inside-inner-col\">\n<div class=\"kb-row-layout-wrap kb-row-layout-id5206_688bc0-af alignnone wp-block-kadence-rowlayout\">\n<div class=\"kt-row-column-wrap kt-has-1-columns kt-row-layout-equal kt-tab-layout-inherit kt-mobile-layout-row kt-row-valign-top\">\n<div class=\"wp-block-kadence-column kadence-column5206_a470e8-f3\">\n<div class=\"kt-inside-inner-col\">\n<div class=\"wp-block-image\">\n<figure class=\"aligncenter size-full is-resized\"><img data-recalc-dims=\"1\" loading=\"lazy\" decoding=\"async\" class=\"alignnone wp-image-5209\" src=\"https:\/\/i0.wp.com\/relojandalusi.org\/wp-content\/uploads\/GRATAR-03-1A-atarfe-parque-1.jpg?resize=600%2C195&#038;ssl=1\" alt=\"\" width=\"600\" height=\"195\" \/><figcaption class=\"wp-element-caption\">Foto: Esteban Mart\u00ednez (2018)<\/figcaption><\/figure>\n<\/div>\n<\/div>\n<\/div>\n<\/div>\n<\/div>\n<\/div>\n<\/div>\n<p>Tambi\u00e9n en el mismo <a href=\"https:\/\/www.google.es\/maps\/@37.2303309,-3.6884888,19.2z?hl=es\" target=\"_blank\" rel=\"noreferrer noopener\"><strong>parque<\/strong><\/a> aunque hacia el Este, sobre la pared de un edificio de servicios se dispuso un reloj-calendario vertical orientado.<\/p>\n<div class=\"wp-block-image\">\u00a0<\/div>\n<p>Figura con numerales romanos y todas las l\u00edneas zodiacales excepto la solsticial de verano. Gnomon inexistente..<\/p>\n<p><img data-recalc-dims=\"1\" loading=\"lazy\" decoding=\"async\" class=\"alignnone wp-image-79330 size-full\" src=\"https:\/\/i0.wp.com\/miradordeatarfe.es\/wp-content\/uploads\/2025\/10\/ingratf3.jpg?resize=450%2C338&#038;ssl=1\" alt=\"\" width=\"450\" height=\"338\" srcset=\"https:\/\/i0.wp.com\/miradordeatarfe.es\/wp-content\/uploads\/2025\/10\/ingratf3.jpg?w=450&amp;ssl=1 450w, https:\/\/i0.wp.com\/miradordeatarfe.es\/wp-content\/uploads\/2025\/10\/ingratf3.jpg?resize=300%2C225&amp;ssl=1 300w\" sizes=\"auto, (max-width: 450px) 100vw, 450px\" \/><\/p>\n<p>&nbsp;<\/p>\n<p>Foto: Lorenzo L\u00f3pez (2010)<\/p>\n<blockquote class=\"wp-embedded-content\" data-secret=\"BFZ3BDDig3\"><p><a href=\"https:\/\/relojandalusi.org\/atarfe-parque-olivares\/\">Atarfe &#8211; Parque de Los Olivares<\/a><\/p><\/blockquote>\n<p><iframe loading=\"lazy\" class=\"wp-embedded-content\" sandbox=\"allow-scripts\" security=\"restricted\" style=\"position: absolute; visibility: hidden;\" title=\"\u00abAtarfe &#8211; Parque de Los Olivares\u00bb \u2014 Reloj Andalus\u00ed\" src=\"https:\/\/relojandalusi.org\/atarfe-parque-olivares\/embed\/#?secret=z7uXRrpT6b#?secret=BFZ3BDDig3\" data-secret=\"BFZ3BDDig3\" width=\"600\" height=\"338\" frameborder=\"0\" marginwidth=\"0\" marginheight=\"0\" scrolling=\"no\"><\/iframe><\/p>\n","protected":false},"excerpt":{"rendered":"<p>En el solsticio de verano de 2008 fue inaugurado este espectacular reloj solar \u201cmegal\u00edtico\u201d compuesto&#8230;<\/p>\n","protected":false},"author":1,"featured_media":79331,"comment_status":"closed","ping_status":"closed","sticky":false,"template":"","format":"standard","meta":{"_coblocks_attr":"","_coblocks_dimensions":"","_coblocks_responsive_height":"","_coblocks_accordion_ie_support":"","jetpack_post_was_ever_published":false,"_jetpack_newsletter_access":"","_jetpack_dont_email_post_to_subs":false,"_jetpack_newsletter_tier_id":0,"_jetpack_memberships_contains_paywalled_content":false,"_jetpack_memberships_contains_paid_content":false,"footnotes":"","jetpack_publicize_message":"","jetpack_publicize_feature_enabled":true,"jetpack_social_post_already_shared":true,"jetpack_social_options":{"image_generator_settings":{"template":"highway","default_image_id":0,"enabled":false},"version":2}},"categories":[12,1225,186,44],"tags":[],"class_list":["post-79329","post","type-post","status-publish","format-standard","has-post-thumbnail","hentry","category-cultura","category-ha-de-atarfe","category-instituciones","category-noticias-de-hoy"],"jetpack_publicize_connections":[],"jetpack_featured_media_url":"https:\/\/i0.wp.com\/miradordeatarfe.es\/wp-content\/uploads\/2025\/10\/GRATAR-03-1A-atarfe-parque-21.jpg?fit=600%2C450&ssl=1","jetpack_likes_enabled":true,"jetpack_sharing_enabled":true,"_links":{"self":[{"href":"https:\/\/miradordeatarfe.es\/index.php?rest_route=\/wp\/v2\/posts\/79329","targetHints":{"allow":["GET"]}}],"collection":[{"href":"https:\/\/miradordeatarfe.es\/index.php?rest_route=\/wp\/v2\/posts"}],"about":[{"href":"https:\/\/miradordeatarfe.es\/index.php?rest_route=\/wp\/v2\/types\/post"}],"author":[{"embeddable":true,"href":"https:\/\/miradordeatarfe.es\/index.php?rest_route=\/wp\/v2\/users\/1"}],"replies":[{"embeddable":true,"href":"https:\/\/miradordeatarfe.es\/index.php?rest_route=%2Fwp%2Fv2%2Fcomments&post=79329"}],"version-history":[{"count":3,"href":"https:\/\/miradordeatarfe.es\/index.php?rest_route=\/wp\/v2\/posts\/79329\/revisions"}],"predecessor-version":[{"id":79334,"href":"https:\/\/miradordeatarfe.es\/index.php?rest_route=\/wp\/v2\/posts\/79329\/revisions\/79334"}],"wp:featuredmedia":[{"embeddable":true,"href":"https:\/\/miradordeatarfe.es\/index.php?rest_route=\/wp\/v2\/media\/79331"}],"wp:attachment":[{"href":"https:\/\/miradordeatarfe.es\/index.php?rest_route=%2Fwp%2Fv2%2Fmedia&parent=79329"}],"wp:term":[{"taxonomy":"category","embeddable":true,"href":"https:\/\/miradordeatarfe.es\/index.php?rest_route=%2Fwp%2Fv2%2Fcategories&post=79329"},{"taxonomy":"post_tag","embeddable":true,"href":"https:\/\/miradordeatarfe.es\/index.php?rest_route=%2Fwp%2Fv2%2Ftags&post=79329"}],"curies":[{"name":"wp","href":"https:\/\/api.w.org\/{rel}","templated":true}]}}