{"id":79341,"date":"2025-10-11T08:29:44","date_gmt":"2025-10-11T06:29:44","guid":{"rendered":"https:\/\/miradordeatarfe.es\/?p=79341"},"modified":"2025-10-08T13:34:45","modified_gmt":"2025-10-08T11:34:45","slug":"casi-el-100-de-las-interrupciones-voluntarias-de-embarazo-en-andalucia-se-practican-en-clinicas-privadas","status":"publish","type":"post","link":"https:\/\/miradordeatarfe.es\/?p=79341","title":{"rendered":"Casi el 100% de las interrupciones voluntarias de embarazo en Andaluc\u00eda se practican en cl\u00ednicas privadas"},"content":{"rendered":"<div id=\"main\">\n<div class=\"item\">\n<h3 class=\"anteti\" style=\"text-align: justify;\">La junta a\u00fan no ha creado el registro de profesionales sanitarios objetores, que ordena la ley . El Gobierno andaluz del PP impide en hospitales p\u00fablicos interrumpir el embarazo voluntariamente conforme a los casos amparados por la norma, ni ha creado el registro de profesionales sanitarios objetores, lo que cuestiona el cumplimento de la ley en vigor. Te informamos.<\/h3>\n<div class=\"cols2-2\">\n<div class=\"colA\">\n<div class=\"cuerpo\">\n<p style=\"text-align: justify;\">En Andaluc\u00eda se practicaron en 2024 un total de 19.787 interrupciones voluntarias de embarazo a petici\u00f3n de la madre en las primeras 14 semanas de gestaci\u00f3n o en otros plazos que marca la ley, en funci\u00f3n de las causas que concurran, pero de ellas, 19.746 se llevaron a cabo en cl\u00ednicas privadas y tan solo 41 en hospitales o centros p\u00fablicos del Servicio Andaluz de Salud (SAS).<\/p>\n<p class=\"sumari\" style=\"text-align: justify;\">Los datos, obtenidos del informe &#8216;Interrupci\u00f3n Voluntaria del Embarazo. Datos definitivos correspondientes al a\u00f1o 2024&#8217;, publicados esta semana por el Ministerio de Sanidad y Consumo, revelan, por tanto, que el 99,7 por ciento de los abortos amparados por la ley se practican en centro privados y tan solo el 0,3 por ciento, en centros p\u00fablicos<\/p>\n<p style=\"text-align: justify;\">Los datos, obtenidos del informe <em>Interrupci\u00f3n Voluntaria del Embarazo. Datos definitivos correspondientes al a\u00f1o 2024<\/em>, publicados esta semana por el Ministerio de Sanidad, revelan, por tanto, que el 99,7 por ciento de los abortos amparados por la ley se practican en centro privados y tan solo el 0,3 por ciento, en centros p\u00fablicos.<\/p>\n<p style=\"text-align: justify;\">Un modelo, que m\u00e1s parece una anomal\u00eda, que el Gobierno de mayor\u00eda absoluta de Juan Manuel Moreno, copia de otras comunidades aut\u00f3nomas gestionadas por la derecha, que deriva esta prestaci\u00f3n a la sanidad privada, y que incluye en los contratos multimillonarios con los que enriquece el negocio de las empresas sanitarias privadas.<\/p>\n<p style=\"text-align: justify;\">Y que pretende que se imponga en el tiempo mientras gobiernen, a pesar de la reclamaciones del Ministerio de Sanidad, cuya titular, M\u00f3nica Garc\u00eda, llam\u00f3 la atenci\u00f3n sobre comunidades, (como Andaluc\u00eda, aunque cit\u00f3 a Madrid) que externalizan la prestaci\u00f3n: \u00abDesgraciadamente, sabemos que hoy muchas comunidades siguen sin cumplir con su parte. El Ministerio va a seguir siendo contundente a la hora de exigir a las comunidades planes claros para darle la vuelta a esta situaci\u00f3n\u00bb, advirti\u00f3 la ministra.<\/p>\n<p class=\"sumari\" style=\"text-align: justify;\">\u00abEsto es absolutamente inaceptable. Adem\u00e1s, contraviene la ley del a\u00f1o 2023 e indica que queda mucho camino por recorrer\u00bb, dijo la ministra de Sanidad<\/p>\n<p style=\"text-align: justify;\">A este respecto, la ministra abund\u00f3 sobre ello: \u00abEsto es absolutamente inaceptable. Adem\u00e1s, contraviene la ley del a\u00f1o 2023 e indica que queda mucho camino por recorrer\u00bb, insisti\u00f3 para reiterar que Sanidad trabaja para que \u00abtodas las mujeres puedan ejercer este derecho en la red p\u00fablica, sin obst\u00e1culos y sin desigualdades territoriales\u00bb, dado que es el p\u00fablico es el sistema que garantiza \u00abmayor equidad\u00bb y \u00abmayor calidad\u00bb.<\/p>\n<div class=\"media media-element-container media-default\" style=\"text-align: justify;\">\n<div id=\"file-119729\" class=\"file file-image file-image-jpeg\">\n<div class=\"content\"><img data-recalc-dims=\"1\" loading=\"lazy\" decoding=\"async\" class=\"media-element file-default alignleft\" src=\"https:\/\/i0.wp.com\/www.elindependientedegranada.es\/sites\/default\/files\/monica_0.jpg?resize=640%2C426&#038;ssl=1\" alt=\"\" width=\"640\" height=\"426\" data-delta=\"1\" \/><\/div>\n<\/div>\n<\/div>\n<p class=\"pie\" style=\"text-align: justify;\">M\u00f3nica Garc\u00eda, el pasado mi\u00e9rcoles en la presentaci\u00f3n de los datos.<span class=\"firma\"> Ministerio de Sanidad.<\/span><\/p>\n<p style=\"text-align: justify;\">Los datos aportados por el Ministerio, a trav\u00e9s de la a trav\u00e9s de la Direcci\u00f3n General de Salud P\u00fablica y Equidad en Salud, se refieren al primer a\u00f1o (2024) en el que entr\u00f3 en vigor la modificaci\u00f3n de la ley del aborto, publicada en el BOE el 1 de marzo de 2023. Uno de los principales cambios fue bajar la edad del derecho a adolescentes de 16 a\u00f1os sin el consentimiento de sus padres o representantes legales (antes necesitaban este consentimiento).<\/p>\n<p class=\"sumari\" style=\"text-align: justify;\">La ley tambi\u00e9n pretende garantizar la prestaci\u00f3n en los centros hospitalarios p\u00f9blicos, por lo que insta a las administraciones a que dispongan de recursos humanos suficientes para la garant\u00eda \u201cdel derecho en todo el territorio en condiciones de equidad\u201d.<\/p>\n<p style=\"text-align: justify;\">La ley tambi\u00e9n pretende garantizar la prestaci\u00f3n en los centros hospitalarios p\u00f9blicos, por lo que insta a las administraciones a que dispongan de recursos humanos suficientes para la garant\u00eda \u201cdel derecho en todo el territorio en condiciones de equidad\u201d.<\/p>\n<p style=\"text-align: justify;\">Sin embargo, la gran mayor\u00eda de los abortos (79%) se siguen practicando en centros privados concertados con las administraciones, algo tambi\u00e9n contemplado en la ley. Supone, eso s\u00ed, un avance en los practicados en la red p\u00fablica (en t\u00e9rminos relativos): un 21%, tres puntos m\u00e1s que el a\u00f1o anterior.<\/p>\n<p style=\"text-align: justify;\">En 2024 se registraron en Espa\u00f1a un total de 106.173 abortos amparados por la ley, unos 3.000 m\u00e1s que en 2023. En t\u00e9rminos relativos, es una tasa de 12,36 por 1.000 mujeres entre 15 y 44 a\u00f1os, rozando el r\u00e9cord hist\u00f3rico (12,47), en 2011. La tendencia al alza es sostenida desde hace m\u00e1s de una d\u00e9cada, y solo baj\u00f3 durante el primer a\u00f1o de la pandemia (2020).<\/p>\n<p style=\"text-align: justify;\">A este respecto, el informe detalla que en la mayor\u00eda de comunidades los centros privados predominan en la realizaci\u00f3n de estas pr\u00e1cticas, con porcentajes que se acercan al cien por cien como Arag\u00f3n, Asturias, Castilla-La Mancha, Madrid o Murcia, y que llegan a alcanzarlo en Extremadura, Ceuta y Melilla o como el caso de Andaluc\u00eda, con el 99,7%<\/p>\n<p style=\"text-align: justify;\">En contraposici\u00f3n, en comunidades como Baleares (61,30% en la red p\u00fablica), Cantabria (88,49%), Catalu\u00f1a (55,67%), Galicia (77,02%), Navarra (74,82%) y La Rioja (76,11%) los abortos se practicaron m\u00e1s en centros p\u00fablicos.<\/p>\n<h4 style=\"text-align: justify;\">Distribuci\u00f3n de IVE por tipo de centro seg\u00fan comunidad aut\u00f3noma en 2024<\/h4>\n<table border=\"0\" cellspacing=\"0\" cellpadding=\"0\">\n<colgroup>\n<col span=\"3\" \/><\/colgroup>\n<tbody>\n<tr>\n<td>\n<p>&nbsp;<\/p>\n<\/td>\n<td>\n<p>P\u00daBLICO<\/p>\n<\/td>\n<td>\n<p>PRIVADO<\/p>\n<\/td>\n<\/tr>\n<tr>\n<td>\n<p>Extremadura<\/p>\n<\/td>\n<td>\n<p>0%<\/p>\n<\/td>\n<td>\n<p>100%<\/p>\n<\/td>\n<\/tr>\n<tr>\n<td>\n<p>Ceuta<\/p>\n<\/td>\n<td>\n<p>0%<\/p>\n<\/td>\n<td>\n<p>100%<\/p>\n<\/td>\n<\/tr>\n<tr>\n<td>\n<p>Melilla<\/p>\n<\/td>\n<td>\n<p>0%<\/p>\n<\/td>\n<td>\n<p>100%<\/p>\n<\/td>\n<\/tr>\n<tr>\n<td>\n<p><strong>Andaluc\u00eda<\/strong><\/p>\n<\/td>\n<td>\n<p><strong>0,03%<\/strong><\/p>\n<\/td>\n<td>\n<p><strong>99,70%<\/strong><\/p>\n<\/td>\n<\/tr>\n<tr>\n<td>\n<p>C. La Mancha<\/p>\n<\/td>\n<td>\n<p>0,05%<\/p>\n<\/td>\n<td>\n<p>99,95%<\/p>\n<\/td>\n<\/tr>\n<tr>\n<td>\n<p>C. Madrid<\/p>\n<\/td>\n<td>\n<p>0,47%<\/p>\n<\/td>\n<td>\n<p>99,53%<\/p>\n<\/td>\n<\/tr>\n<tr>\n<td>\n<p>Murcia<\/p>\n<\/td>\n<td>\n<p>0,93%<\/p>\n<\/td>\n<td>\n<p>99,07%<\/p>\n<\/td>\n<\/tr>\n<tr>\n<td>\n<p>P. Asturias<\/p>\n<\/td>\n<td>\n<p>1,93%<\/p>\n<\/td>\n<td>\n<p>98,07%<\/p>\n<\/td>\n<\/tr>\n<tr>\n<td>\n<p>Arag\u00f3n<\/p>\n<\/td>\n<td>\n<p>2,30%<\/p>\n<\/td>\n<td>\n<p>97,70%<\/p>\n<\/td>\n<\/tr>\n<tr>\n<td>\n<p>P. Vasco<\/p>\n<\/td>\n<td>\n<p>4,32%<\/p>\n<\/td>\n<td>\n<p>95,67%<\/p>\n<\/td>\n<\/tr>\n<tr>\n<td>\n<p>C. Valenciana<\/p>\n<\/td>\n<td>\n<p>9,95%<\/p>\n<\/td>\n<td>\n<p>90,04%<\/p>\n<\/td>\n<\/tr>\n<tr>\n<td>\n<p>C. Le\u00f3n<\/p>\n<\/td>\n<td>\n<p>15,46%<\/p>\n<\/td>\n<td>\n<p>84,53%<\/p>\n<\/td>\n<\/tr>\n<tr>\n<td>\n<p>Canarias<\/p>\n<\/td>\n<td>\n<p>28,61%<\/p>\n<\/td>\n<td>\n<p>71,39%<\/p>\n<\/td>\n<\/tr>\n<tr>\n<td>\n<p>Catalu\u00f1a<\/p>\n<\/td>\n<td>\n<p>55,67%<\/p>\n<\/td>\n<td>\n<p>44,32%<\/p>\n<\/td>\n<\/tr>\n<tr>\n<td>\n<p>I. Balears<\/p>\n<\/td>\n<td>\n<p>61,30%<\/p>\n<\/td>\n<td>\n<p>38,69%<\/p>\n<\/td>\n<\/tr>\n<tr>\n<td>\n<p>Navarra<\/p>\n<\/td>\n<td>\n<p>74,82%<\/p>\n<\/td>\n<td>\n<p>25,18%<\/p>\n<\/td>\n<\/tr>\n<tr>\n<td>\n<p>La Rioja<\/p>\n<\/td>\n<td>\n<p>76,11%<\/p>\n<\/td>\n<td>\n<p>23,88%<\/p>\n<\/td>\n<\/tr>\n<tr>\n<td>\n<p>Galicia<\/p>\n<\/td>\n<td>\n<p>77,02%<\/p>\n<\/td>\n<td>\n<p>22,98%<\/p>\n<\/td>\n<\/tr>\n<tr>\n<td>\n<p>Cantabria<\/p>\n<\/td>\n<td>\n<p>88,49%<\/p>\n<\/td>\n<td>\n<p>11,50%<\/p>\n<\/td>\n<\/tr>\n<\/tbody>\n<\/table>\n<p class=\"pie\" style=\"text-align: justify;\">Fuente: Elaboraci\u00f3n propia a partir del informe <em>Interrupci\u00f3n Voluntaria del Embarazo. Datos definitivos correspondientes al a\u00f1o 2024<\/em>, publicados esta semana por el Ministerio de Sanidad.<\/p>\n<div class=\"divdest\" style=\"text-align: justify;\">\n<div class=\"media media-element-container media-default\">\n<div id=\"file-119730\" class=\"file file-image file-image-png\">\n<h2 class=\"element-invisible\"><img data-recalc-dims=\"1\" loading=\"lazy\" decoding=\"async\" class=\"media-element file-default alignleft\" src=\"https:\/\/i0.wp.com\/www.elindependientedegranada.es\/sites\/default\/files\/captura_de_pantalla_2025-10-04_a_las_17.00.43.png?resize=640%2C410&#038;ssl=1\" alt=\"\" width=\"640\" height=\"410\" data-delta=\"2\" \/><\/h2>\n<\/div>\n<\/div>\n<p>A pesar de la evidencia, la Junta de Andaluc\u00eda, en el portal de la Consejer\u00eda de Salud y Consumo, se\u00f1ala que \u201clas intervenciones se realizan en centros sanitarios acreditados. En Andaluc\u00eda son financiadas por el Sistema Sanitario P\u00fablico a trav\u00e9s de\u00a0<strong>centros acreditados p\u00fablicos o concertados con el SAS<\/strong>\u201d. Pero la opci\u00f3n m\u00e1s que preferente (el 99,7%) es el segundo que cita: cl\u00ednicas privadas\u201d. Adem\u00e1s, indica la Junta que \u201cse realiza\u00a0<strong>por profesionales de la medicina especializados o bajo su direcci\u00f3n<\/strong>, con una t\u00e9cnica adecuada y siguiendo los criterios de calidad sanitaria\u201d. Folleto de la Junta de Andaluc\u00eda, en la imagen.<\/div>\n<p style=\"text-align: justify;\"><strong>Sin registro de sanitarios objetores de conciencia en Andaluc\u00eda<\/strong><\/p>\n<p style=\"text-align: justify;\">La Ley en vigor, de 2023, obligaba a las comunidades aut\u00f3nomas a crear un registro de profesionales sanitarios del sistema p\u00fablico objetores de conciencia para la pr\u00e1ctica de una interrupci\u00f3n voluntaria del embarazo. Una exigencia, cuyo protocolo fue aprobado por el Consejo Interterritorial del Sistema Nacional de Salud en diciembre de 2024.<\/p>\n<p class=\"sumari\" style=\"text-align: justify;\">El Ministerio de Sanidad envi\u00f3 una carta en el mes de julio pasado a las comunidades en las que le urg\u00eda al cumplimiento de la legalidad vigente<\/p>\n<p style=\"text-align: justify;\">El Ministerio de Sanidad envi\u00f3 una carta en el mes de julio pasado a las comunidades en las que le urg\u00eda al cumplimiento de la legalidad vigente. Les anunci\u00f3 la creaci\u00f3n de un informe y les advirti\u00f3 de que podr\u00eda derivar en \u201cacciones legales\u201d si no se garantizaba que las mujeres pudieran optar entre la p\u00fablica y la privada, y para ello les afeaba a algunas comunidades aut\u00f3nomas que no les hubieran entregado el registro de objetores.<\/p>\n<div class=\"divdest\" style=\"text-align: justify;\">La ley es clara, en su art\u00edculo 19:\u00a0<em>\u201cA efectos organizativos y para una adecuada gesti\u00f3n de la prestaci\u00f3n se crear\u00e1 en cada comunidad aut\u00f3noma y en el Instituto Nacional de Gesti\u00f3n Sanitaria (INGESA) un registro de personas profesionales sanitarias que decidan objetar por motivos de conciencia respecto de la intervenci\u00f3n directa en la pr\u00e1ctica de la interrupci\u00f3n voluntaria del embarazo\u201d.<\/em><\/div>\n<p class=\"sumari\" style=\"text-align: justify;\">Andaluc\u00eda es una de las comunidades que a\u00fan no ha entregado el documento en cuesti\u00f3n, porque lo gestiona sin prisas<\/p>\n<p style=\"text-align: justify;\">Andaluc\u00eda es una de las comunidades que a\u00fan no ha entregado el documento en cuesti\u00f3n, porque lo gestiona sin prisas. De hecho, el <em>Proyecto de Decreto por el que se crea y regula el Registro de personas profesionales sanitarias objetoras de conciencia respecto de la intervenci\u00f3n directa en la pr\u00e1ctica de la interrupci\u00f3n voluntaria del embarazo,<\/em> publicado el pasado 24 de febrero de 2025 para su exposici\u00f3n p\u00fablica, consulta y aportaciones, lleg\u00f3 el pasado 18 de marzo al final del plazo fijado para para ello, sin que la Junta haya informado de avances.<\/p>\n<p class=\"sumari\" style=\"text-align: justify;\">As\u00ed que con este panorama, y ante las barabaridades no cientificas que, por exigencia de la extrema derecha, se traga el PP, como en el ayuntamiento de Madrid, no parece mala idea, sino todo lo contrario, garantizar en la Constituci\u00f3n el derecho al aborto<\/p>\n<p style=\"text-align: justify;\">El registro que reclama la ley es fundamental para evaluar la capacidad real de los sistemas sanitarios p\u00fablicos de practicar los abortos legales -en funci\u00f3n de los profesionales sanitarios disponibles, no objetores-, con el fin de obligar a aquellas comunidades que dispongan de medios humanos de practicarlos en sus centros p\u00fablicos.<\/p>\n<p style=\"text-align: justify;\">As\u00ed que con este panorama, y ante las barabaridades no cientificas que, por exigencia de la extrema derecha, se traga el PP, como en el ayuntamiento de Madrid, no parece mala idea, sino todo lo contrario, garantizar en la Constituci\u00f3n el derecho al aborto.<\/p>\n<h4 style=\"text-align: justify;\">La mayor\u00eda de andaluzas que abortaron, con estudios, al menos, de ESO y Bahcillerato<\/h4>\n<p style=\"text-align: justify;\">El detalle del informe de 2024 de las Interrupciones Voluntarias del Embarazo elaborado por Sanidad se\u00f1ala que 18.025 de las 19.787 mujeres que abortaron en ese periodo en Andaluc\u00eda se informaron sobre el procedimiento en un centro p\u00fablico y solo 751 en uno privado.<\/p>\n<p class=\"p1\" style=\"text-align: justify;\"><strong>N\u00famero de interrupciones voluntarias de embarazo seg\u00fan grupo de edad y tipo de centro, lugar de informaci\u00f3n, semanas de\u00a0gestaci\u00f3n, motivo de la interrupci\u00f3n, metodo empleado en la intervenci\u00f3n<\/strong><\/p>\n<div class=\"media media-element-container media-default\" style=\"text-align: justify;\">\n<div id=\"file-119734\" class=\"file file-image file-image-png\">\n<h2 class=\"element-invisible\"><img data-recalc-dims=\"1\" loading=\"lazy\" decoding=\"async\" class=\"media-element file-default\" src=\"https:\/\/i0.wp.com\/www.elindependientedegranada.es\/sites\/default\/files\/captura_de_pantalla_2025-10-04_a_las_17.34.58_0.png?resize=640%2C411&#038;ssl=1\" alt=\"\" width=\"640\" height=\"411\" data-delta=\"4\" \/><\/h2>\n<\/div>\n<\/div>\n<p style=\"text-align: justify;\">\u00a0<\/p>\n<div class=\"media media-element-container media-default\" style=\"text-align: justify;\">\n<div id=\"file-119732\" class=\"file file-image file-image-png\">\n<h2 class=\"element-invisible\"><img data-recalc-dims=\"1\" loading=\"lazy\" decoding=\"async\" class=\"media-element file-default\" src=\"https:\/\/i0.wp.com\/www.elindependientedegranada.es\/sites\/default\/files\/captura_de_pantalla_2025-10-04_a_las_17.35.24.png?resize=640%2C427&#038;ssl=1\" alt=\"\" width=\"640\" height=\"427\" data-delta=\"3\" \/><\/h2>\n<\/div>\n<\/div>\n<p class=\"sumari\" style=\"text-align: justify;\">Son mayor\u00eda las mujeres con, al menos, estudios de ESO (7.338) y Bachillerato (5.324), y otras 2.614 con estudios universitarios, en contra de lo que suced\u00eda hace poco m\u00e1s de una d\u00e9cada, y todav\u00eda se cree en c\u00edrculos de derechas y cat\u00f3licos, cuando estas situaciones eran m\u00e1s frecuentes entre las personas menos\u00a0<\/p>\n<p style=\"text-align: justify;\">La gran mayor\u00eda de las mujeres andaluzas que se sometieron a un proceso de este tipo durante el \u00faltimo a\u00f1o -15.389- \u00a0estaban embarazadas de ocho semanas o menos, y 3.567 de entre 9 y 14. Las que se encontraban en la horquilla de 15 a 22 semanas sumaron 814, y 17 las que superaban las 23.<\/p>\n<p style=\"text-align: justify;\">Sobre la causa de la petici\u00f3n de la IVE, en 18.860 casos era la simple demanda de la madre, y en 436 situaciones el grave riesgo para la vida o la salud de la embarazada. El riesgo de graves anomal\u00edas para el feto fue la motivaci\u00f3n de 464 mujeres y de 27 las disfunciones fetales incompatibles con la vida o la concurrencia de una enfermedad extremadamente grave o incurable.<\/p>\n<p style=\"text-align: justify;\">De acuerdo a las estad\u00edsticas del Ministerio de Sanidad, las mujeres que abortaron el a\u00f1o pasado son mayoritariamente j\u00f3venes, de entre 20 y 29 a\u00f1os.<\/p>\n<p style=\"text-align: justify;\">Son mayor\u00eda las mujeres con, al menos, estudios de ESO (7.338) y Bachillerato (5.324), y otras 2.614 con estudios universitarios, en contra de lo que suced\u00eda hace poco m\u00e1s de una d\u00e9cada, y todav\u00eda se cree en c\u00edrculos de derechas y cat\u00f3licos, cuando estas situaciones eran m\u00e1s frecuentes entre las personas menos instruidas.<\/p>\n<h4 style=\"text-align: justify;\">Interrupciones voluntarias de embarazo en Andaluc\u00eda por provincias<\/h4>\n<table border=\"0\" width=\"174\" cellspacing=\"0\" cellpadding=\"0\">\n<colgroup>\n<col span=\"2\" width=\"87\" \/><\/colgroup>\n<tbody>\n<tr>\n<td>\n<p><strong>ANDALUC\u00cdA<\/strong><\/p>\n<\/td>\n<td>\n<p><strong>19.787<\/strong><\/p>\n<\/td>\n<\/tr>\n<tr>\n<td>\n<p>Almer\u00eda<\/p>\n<\/td>\n<td>\n<p>2.011<\/p>\n<\/td>\n<\/tr>\n<tr>\n<td>\n<p>C\u00e1diz<\/p>\n<\/td>\n<td>\n<p>2.751<\/p>\n<\/td>\n<\/tr>\n<tr>\n<td>\n<p>C\u00f3rdoba<\/p>\n<\/td>\n<td>\n<p>1.319<\/p>\n<\/td>\n<\/tr>\n<tr>\n<td>\n<p><strong><em>Granada<\/em><\/strong><\/p>\n<\/td>\n<td>\n<p><strong><em>1.955<\/em><\/strong><\/p>\n<\/td>\n<\/tr>\n<tr>\n<td>\n<p>Huelva<\/p>\n<\/td>\n<td>\n<p>1.538<\/p>\n<\/td>\n<\/tr>\n<tr>\n<td>\n<p>Ja\u00e9n<\/p>\n<\/td>\n<td>\n<p>733<\/p>\n<\/td>\n<\/tr>\n<tr>\n<td>\n<p>M\u00e1laga<\/p>\n<\/td>\n<td>\n<p>4.449<\/p>\n<\/td>\n<\/tr>\n<tr>\n<td>\n<p>Sevilla<\/p>\n<\/td>\n<td>\n<p>5.027<\/p>\n<\/td>\n<\/tr>\n<\/tbody>\n<\/table>\n<p style=\"text-align: justify;\">Fuente: Elaboraci\u00f3n propia a partir del informe\u00a0<em>Interrupci\u00f3n Voluntaria del Embarazo. Datos definitivos correspondientes al a\u00f1o 2024<\/em>, publicados esta semana por el Ministerio de Sanidad.<\/p>\n<p class=\"sumari\" style=\"text-align: justify;\">17 centros fueron los que practicaron abortos en Andaluc\u00eda (tres, en la provincia de Granada), pero solo uno p\u00fablico, el Hospital Cl\u00ednico san Cecilio de Granada, el resto, centros priovados<\/p>\n<p style=\"text-align: justify;\"><strong>Granada<\/strong> es la quinta provincia andaluza con m\u00e1s abortos, con 1.995, por delante de C\u00f3rdoba, Huelva y Ja\u00e9n, en una clasificaci\u00f3n que lidera Sevilla, M\u00e1laga, y a distancia, C\u00e1diz y Almer\u00eda.<\/p>\n<div style=\"text-align: justify;\">Por motivos de la interrupci\u00f3n, en la porvincia granadina, 1.900 lo fueron a petici\u00f3n de la mujer; 41, por grave riesgo para la vida o salud de la embarazada; 8 por riesgo de graves anomal\u00edas en el feto; y 6 por anomal\u00edas fetales incompatibles con la vida o enfermedades extremadamente graves e incurables.<\/div>\n<div style=\"text-align: justify;\">\u00a0<\/div>\n<div style=\"text-align: justify;\">Con respecto a las semanas de gestaci\u00f3n, 1.464 lo fueron en 8 semanas o menos; entre 9-14 semanas, 440; entre 15-22 semanas, 50 y de 23 semanas o m\u00e1s, 1. \u200b<\/div>\n<div style=\"text-align: justify;\">\u00a0<\/div>\n<div style=\"text-align: justify;\">En cuanto a los lugares previos de informaci\u00f3n, en un centro sanitario p\u00fablico, 1.713; en un centro sanitario privado, 85 y por internet, 53, mientras que familiares, medios, etc., 6.<\/div>\n<div style=\"text-align: justify;\">\u00a0<\/div>\n<div style=\"text-align: justify;\">Seg\u00fan la informaci\u00f3n facilitada por la Junta de Andaluc\u00eda al Ministerio de Sanidad, en 2024, fueron 17 centros los que practicaron abortos en Andaluc\u00eda (tres, en la provincia de Granada), pero solo uno p\u00fablico, el Hospital Cl\u00ednico san Cecilio de Granada, el resto, centros privados.<\/div>\n<div style=\"text-align: justify;\">\u00a0<\/div>\n<div class=\"img\"><span class=\"autor\"><strong> Redacci\u00f3n El Independiente de Granada<\/strong> <\/span><\/div>\n<div class=\"txt\">\n<div class=\"firma\">foto:\u00a0 organizaciondemujeres.org\u00a0Una pancarta en una manifestaci\u00f3n feminista en imagen de archivo.<\/div>\n<div>https:\/\/www.elindependientedegranada.es\/ciudadania\/casi-100-interrupciones-voluntarias-embarazo-andalucia-practican-clinicas-privadas<\/div>\n<\/div>\n<p>&nbsp;<\/p>\n<p>&nbsp;<\/p>\n<p>&nbsp;<\/p>\n<p>&nbsp;<\/p>\n<p>&nbsp;<\/p>\n<p>&nbsp;<\/p>\n<\/div>\n<div>\n<div id=\"disqus_thread\">\u00a0<\/div>\n<\/div>\n<\/div>\n<\/div>\n<\/div>\n<\/div>\n","protected":false},"excerpt":{"rendered":"<p>La junta a\u00fan no ha creado el registro de profesionales sanitarios objetores, que ordena la&#8230;<\/p>\n","protected":false},"author":1,"featured_media":79342,"comment_status":"closed","ping_status":"closed","sticky":false,"template":"","format":"standard","meta":{"_coblocks_attr":"","_coblocks_dimensions":"","_coblocks_responsive_height":"","_coblocks_accordion_ie_support":"","jetpack_post_was_ever_published":false,"_jetpack_newsletter_access":"","_jetpack_dont_email_post_to_subs":false,"_jetpack_newsletter_tier_id":0,"_jetpack_memberships_contains_paywalled_content":false,"_jetpack_memberships_contains_paid_content":false,"footnotes":"","jetpack_publicize_message":"","jetpack_publicize_feature_enabled":true,"jetpack_social_post_already_shared":true,"jetpack_social_options":{"image_generator_settings":{"template":"highway","default_image_id":0,"enabled":false},"version":2}},"categories":[1161,14,44],"tags":[],"class_list":["post-79341","post","type-post","status-publish","format-standard","has-post-thumbnail","hentry","category-ciudadania","category-feminismo","category-noticias-de-hoy"],"jetpack_publicize_connections":[],"jetpack_featured_media_url":"https:\/\/i0.wp.com\/miradordeatarfe.es\/wp-content\/uploads\/2025\/10\/aborto-legal-gratuito_copia.png?fit=650%2C366&ssl=1","jetpack_likes_enabled":true,"jetpack_sharing_enabled":true,"_links":{"self":[{"href":"https:\/\/miradordeatarfe.es\/index.php?rest_route=\/wp\/v2\/posts\/79341","targetHints":{"allow":["GET"]}}],"collection":[{"href":"https:\/\/miradordeatarfe.es\/index.php?rest_route=\/wp\/v2\/posts"}],"about":[{"href":"https:\/\/miradordeatarfe.es\/index.php?rest_route=\/wp\/v2\/types\/post"}],"author":[{"embeddable":true,"href":"https:\/\/miradordeatarfe.es\/index.php?rest_route=\/wp\/v2\/users\/1"}],"replies":[{"embeddable":true,"href":"https:\/\/miradordeatarfe.es\/index.php?rest_route=%2Fwp%2Fv2%2Fcomments&post=79341"}],"version-history":[{"count":2,"href":"https:\/\/miradordeatarfe.es\/index.php?rest_route=\/wp\/v2\/posts\/79341\/revisions"}],"predecessor-version":[{"id":79344,"href":"https:\/\/miradordeatarfe.es\/index.php?rest_route=\/wp\/v2\/posts\/79341\/revisions\/79344"}],"wp:featuredmedia":[{"embeddable":true,"href":"https:\/\/miradordeatarfe.es\/index.php?rest_route=\/wp\/v2\/media\/79342"}],"wp:attachment":[{"href":"https:\/\/miradordeatarfe.es\/index.php?rest_route=%2Fwp%2Fv2%2Fmedia&parent=79341"}],"wp:term":[{"taxonomy":"category","embeddable":true,"href":"https:\/\/miradordeatarfe.es\/index.php?rest_route=%2Fwp%2Fv2%2Fcategories&post=79341"},{"taxonomy":"post_tag","embeddable":true,"href":"https:\/\/miradordeatarfe.es\/index.php?rest_route=%2Fwp%2Fv2%2Ftags&post=79341"}],"curies":[{"name":"wp","href":"https:\/\/api.w.org\/{rel}","templated":true}]}}