{"id":79349,"date":"2025-10-10T08:41:03","date_gmt":"2025-10-10T06:41:03","guid":{"rendered":"https:\/\/miradordeatarfe.es\/?p=79349"},"modified":"2025-10-08T13:45:24","modified_gmt":"2025-10-08T11:45:24","slug":"las-asociaciones-de-mujeres-consideran-negligencia-el-cribado-en-andalucia","status":"publish","type":"post","link":"https:\/\/miradordeatarfe.es\/?p=79349","title":{"rendered":"LAS ASOCIACIONES  DE MUJERES CONSIDERAN NEGLIGENCIA EL CRIBADO EN ANDALUC\u00cdA"},"content":{"rendered":"<h2 style=\"text-align: justify;\">La Asociaci\u00f3n de Mujeres con C\u00e1ncer de Mama considera una \u00abnegligencia\u00bb lo ocurrido con los cribados y ve err\u00f3nea e insuficiente la respuesta de la Junta<\/h2>\n<div class=\"cuerpo\" style=\"text-align: justify;\">\n<p>La Junta Directiva de la Asociaci\u00f3n de Mujeres con C\u00e1ncer de Mama, Amama, y su direcci\u00f3n jur\u00eddica, que han destapado el grave esc\u00e1ndalo en el programa de cribado de c\u00e1ncer de mama en Andaluc\u00eda, ha subrayado que lo ocurrido es \u00abuna absoluta negligencia\u00bb y considerado que la respuesta dada hasta ahora por la Junta es err\u00f3nea e insuficiente.\u00a0<\/p>\n<p>As\u00ed lo trasladan en un comunicado en el que hacen hincapi\u00e9 en que van a seguir trabajando para atender a las mujeres, que siguen poni\u00e9ndose en contacto con la situaci\u00f3n. El colectivo ha resaltado, adem\u00e1s, que va a seguir exigiendo que la Consejer\u00eda de Salud \u00abdepure todo tipo de responsabilidades hasta sus \u00faltimas consecuencias\u00bb.<\/p>\n<p><strong>Reproducimos a continuaci\u00f3n, en su integridad, el comunicado de AMAMA:\u00a0<\/strong><\/p>\n<p>Desde la Junta Directiva de la Asociaci\u00f3n de Mujeres con C\u00e1ncer de Mama, AMAMA, y su Direcci\u00f3n Jur\u00eddica,\u00a0 y ante el c\u00famulo incesante de informaciones aparecidas en los medios, queremos poner en p\u00fablico conocimiento, los siguientes extremos:<\/p>\n<p>Estamos trabajando desde el primer momento y sin descanso para articular y canalizar las miles de llamadas y mensajes que se est\u00e1n recibiendo en nuestra sede, que es lo que realmente nos preocupa, lo que nos impide atender incesantemente a los medios de comunicaci\u00f3n, que l\u00f3gicamente y en el ejercicio de su misi\u00f3n quieren informar a la ciudadan\u00eda.<\/p>\n<p>Por ello, y al objeto de facilitar alguna informaci\u00f3n veraz, y que parta directamente desde nuestro servicio jur\u00eddico y refrendado por la Junta Directiva, queremos hacer las siguientes precisiones:<\/p>\n<p>1\u00ba.Como ya se puso en conocimiento de la Consejer\u00eda, en la reuni\u00f3n celebrada el pasado jueves d\u00eda 2, la entidad Amama no se alinea con ninguna formaci\u00f3n pol\u00edtica.\u00a0<\/p>\n<p>Nuestro partido, y no pol\u00edtico, es el que forman todos y cada uno de los onc\u00f3logos y resto de personal sanitario que nos atienden. Nuestra oposici\u00f3n es el c\u00e1ncer de mama, y nuestro programa es la mejora de la calidad de vida de las pacientes y la investigaci\u00f3n.<\/p>\n<p>2\u00ba.- Hemos exigido a la Consejer\u00eda de Salud, y exigimos, como no pod\u00eda ser de otro modo, que se depuren todo tipo de responsabilidades hasta sus \u00faltimas consecuencias. En la reuni\u00f3n mantenida con la Sra. Consejera, se pregunt\u00f3 en reiteradas ocasiones donde estaba el origen de lo que consideramos una grav\u00edsima negligencia, sin que en el momento en cuesti\u00f3n se nos pudiera dar respuesta alguna, ni nos consta que se haya revelado algo posteriormente al efecto.<\/p>\n<p>3\u00ba.- No podemos a\u00fan cuantificar el n\u00famero de afectadas porque como hemos dicho, siguen colapsando nuestros tel\u00e9fonos, correos, etc. Cientos de llamadas de mujeres alertadas y lo que es peor, con miedo.<\/p>\n<p>4\u00ba.- Si desde Amama estamos recepcionando esas llamadas, y a\u00fan no podemos cuantificarlas no entendemos c\u00f3mo desde la Consejer\u00eda no se deja de hacer diarias y err\u00f3neas apreciaciones sobre el n\u00famero de afectadas, consiguiendo de este modo generar aun m\u00e1s confusi\u00f3n.<\/p>\n<p>5\u00ba.- Rechazamos de plano las manifestaciones del presidente de la Junta de Andaluc\u00eda manifestando que lo que se ha pretendido era no generar ansiedad en las mujeres. Esa manifestaci\u00f3n no s\u00f3lo es, a\u00a0 nuestro juicio un craso error, sino que genera asimismo m\u00e1s crispaci\u00f3n. Ahora s\u00ed que se est\u00e1 provocando ansiedad a las mujeres. La falta de informaci\u00f3n lo que ha venido a provocar es m\u00e1s c\u00e1ncer, m\u00e1s gravedad, y menos posibilidades de curaci\u00f3n, todo ello por el tiempo transcurrido.<\/p>\n<p>6\u00ba.- La Consejer\u00eda se ha comprometido a llamar a todas las mujeres, y a revisar todas las mamograf\u00edas del cribado desde hace 3 a\u00f1os, por as\u00ed haberlo exigido Amama.<\/p>\n<p>7\u00ba.- En esta semana se ha convocado a todas las afectadas para tener un primer encuentro informativo y deducir el numero de mujeres perjudicadas, y decidir en su caso las acciones a emprender, de lo que se dar\u00e1 cuenta a la ciudadan\u00eda, asi como a la propia Consejer\u00eda.<\/p>\n<p>8\u00ba.- No admitimos en modo alguno, como parece ser que se pretende, que lo ocurrido pueda calificarse de error, fallo, falta de comunicaci\u00f3n, etc. Desde Amama calificamos lo ocurrido como una absoluta NEGLIGENCIA, que puede incluso tener consecuencias penales, tanto para los presuntos infractores como para aquellos que puedan pretender de alg\u00fan modo eludir la responsabilidad de los mismos.<\/p>\n<p>9\u00ba.- Lamentamos igualmente que las disculpas del Sr. Moreno Bonilla primero, y la Sra, Consejera despu\u00e9s no sean suficientes. Y deber\u00edan de saberlo. Y lamentamos igualmente que aquellas personas que, dotadas de alg\u00fan cargo de responsabilidad en el tema de salud de la Junta de Andaluc\u00eda intenten justificar p\u00fablicamente, en determinados medios de televisi\u00f3n, radio y prensa lo que a todas luces es injustificable. Ello lo \u00fanico que denota es que no son personas, a nuestro juicio, cualificadas para ostentar dichos cargos, y a las declaraciones en los medios nos remitimos.<\/p>\n<p>10\u00ba.- Por \u00faltimo, rogamos, en la medida de lo posible, se tenga en cuenta el estado de las afectadas y de quienes formamos Amama, porque las mujeres est\u00e1n sumando, al ya de por s\u00ed calvario del c\u00e1ncer, una situaci\u00f3n de estr\u00e9s que est\u00e1 agravando evidentemente su situaci\u00f3n, por lo que rogamos a los medios canalicen su inter\u00e9s informativo a trav\u00e9s de la Asociacion o su Servicio Jur\u00eddico.<\/p>\n<p><strong>Junta Directiva AMAMA<\/strong><\/p>\n<p><strong>Servicio Jur\u00eddico.<\/strong><\/p>\n<p>FOTO:<\/p>\n<div class=\"fusion-logo\" data-margin-top=\"6px\" data-margin-bottom=\"6px\" data-margin-left=\"0px\" data-margin-right=\"0px\"><a class=\"fusion-logo-link\" href=\"https:\/\/www.aecima.com\"><img data-recalc-dims=\"1\" decoding=\"async\" class=\"fusion-standard-logo\" src=\"https:\/\/i0.wp.com\/socios.aecima.com\/wp-content\/uploads\/2019\/06\/logo-380.jpg?w=640&#038;ssl=1\" srcset=\"https:\/\/socios.aecima.com\/wp-content\/uploads\/2019\/06\/logo-380.jpg 1x\" alt=\"Aecima Logo\"   data-retina_logo_url=\"\" \/> <\/a><\/div>\n<nav class=\"fusion-main-menu\" aria-label=\"Men\u00fa principal\">\n<div class=\"fusion-overlay-search\">\n<form class=\"searchform fusion-search-form  fusion-search-form-classic\" role=\"search\" action=\"https:\/\/www.aecima.com\/\" method=\"get\">\n<div class=\"fusion-search-form-content\">\n<div class=\"fusion-search-field search-field\"><label><input class=\"s\" name=\"s\" required=\"\" type=\"search\" value=\"\" placeholder=\"Buscar...\" aria-required=\"true\" aria-label=\"Buscar...\" \/><\/label><\/div>\n<\/div>\n<\/form>\n<\/div>\n<\/nav>\n<div class=\"fusion-clearfix\">\u00a0<\/div>\n<\/div>\n<div>\n<div id=\"disqus_thread\" style=\"text-align: justify;\">https:\/\/www.elindependientedegranada.es\/ciudadania\/asociacion-mujeres-con-cancer-mama-considera-negligencia-lo-ocurrido-con-cribados-ve<\/div>\n<\/div>\n","protected":false},"excerpt":{"rendered":"<p>La Asociaci\u00f3n de Mujeres con C\u00e1ncer de Mama considera una \u00abnegligencia\u00bb lo ocurrido con los&#8230;<\/p>\n","protected":false},"author":1,"featured_media":79350,"comment_status":"closed","ping_status":"closed","sticky":false,"template":"","format":"standard","meta":{"_coblocks_attr":"","_coblocks_dimensions":"","_coblocks_responsive_height":"","_coblocks_accordion_ie_support":"","jetpack_post_was_ever_published":false,"_jetpack_newsletter_access":"","_jetpack_dont_email_post_to_subs":false,"_jetpack_newsletter_tier_id":0,"_jetpack_memberships_contains_paywalled_content":false,"_jetpack_memberships_contains_paid_content":false,"footnotes":"","jetpack_publicize_message":"","jetpack_publicize_feature_enabled":true,"jetpack_social_post_already_shared":true,"jetpack_social_options":{"image_generator_settings":{"template":"highway","default_image_id":0,"enabled":false},"version":2}},"categories":[1161,14,186,44],"tags":[],"class_list":["post-79349","post","type-post","status-publish","format-standard","has-post-thumbnail","hentry","category-ciudadania","category-feminismo","category-instituciones","category-noticias-de-hoy"],"jetpack_publicize_connections":[],"jetpack_featured_media_url":"https:\/\/i0.wp.com\/miradordeatarfe.es\/wp-content\/uploads\/2025\/10\/mama-2.jpg?fit=900%2C490&ssl=1","jetpack_likes_enabled":true,"jetpack_sharing_enabled":true,"_links":{"self":[{"href":"https:\/\/miradordeatarfe.es\/index.php?rest_route=\/wp\/v2\/posts\/79349","targetHints":{"allow":["GET"]}}],"collection":[{"href":"https:\/\/miradordeatarfe.es\/index.php?rest_route=\/wp\/v2\/posts"}],"about":[{"href":"https:\/\/miradordeatarfe.es\/index.php?rest_route=\/wp\/v2\/types\/post"}],"author":[{"embeddable":true,"href":"https:\/\/miradordeatarfe.es\/index.php?rest_route=\/wp\/v2\/users\/1"}],"replies":[{"embeddable":true,"href":"https:\/\/miradordeatarfe.es\/index.php?rest_route=%2Fwp%2Fv2%2Fcomments&post=79349"}],"version-history":[{"count":1,"href":"https:\/\/miradordeatarfe.es\/index.php?rest_route=\/wp\/v2\/posts\/79349\/revisions"}],"predecessor-version":[{"id":79351,"href":"https:\/\/miradordeatarfe.es\/index.php?rest_route=\/wp\/v2\/posts\/79349\/revisions\/79351"}],"wp:featuredmedia":[{"embeddable":true,"href":"https:\/\/miradordeatarfe.es\/index.php?rest_route=\/wp\/v2\/media\/79350"}],"wp:attachment":[{"href":"https:\/\/miradordeatarfe.es\/index.php?rest_route=%2Fwp%2Fv2%2Fmedia&parent=79349"}],"wp:term":[{"taxonomy":"category","embeddable":true,"href":"https:\/\/miradordeatarfe.es\/index.php?rest_route=%2Fwp%2Fv2%2Fcategories&post=79349"},{"taxonomy":"post_tag","embeddable":true,"href":"https:\/\/miradordeatarfe.es\/index.php?rest_route=%2Fwp%2Fv2%2Ftags&post=79349"}],"curies":[{"name":"wp","href":"https:\/\/api.w.org\/{rel}","templated":true}]}}