{"id":79370,"date":"2025-10-14T11:27:17","date_gmt":"2025-10-14T09:27:17","guid":{"rendered":"https:\/\/miradordeatarfe.es\/?p=79370"},"modified":"2025-10-13T20:54:19","modified_gmt":"2025-10-13T18:54:19","slug":"atarfe-medula-sky-challenge-2025","status":"publish","type":"post","link":"https:\/\/miradordeatarfe.es\/?p=79370","title":{"rendered":"ATARFE: M\u00c9DULA SKY CHALLENGE 2025"},"content":{"rendered":"<p><b>SALIDA 15 DE NOVIEMBRE 2025 PLAZA DEL AYUNTAMIENTO ATARFE.\u00a0<\/b><b>CAMINO MOZ\u00c1RABE.\u00a0<\/b><\/p>\n<div><b><br \/>\n<\/b><\/p>\n<h3>El evento #M\u00c9DULA SKY CHALLENGE 2025 busca difundir y concienciar la importancia de la donaci\u00f3n de sangre y de m\u00e9dula \u00f3sea.<\/h3>\n<div>En esta edici\u00f3n se llevar\u00e1 a cabo una quedada multideporte de <b>Senderismo (23K), Ciclismo (65K) y Trail Running (28K)<\/b>. Unimos deporte y solidaridad. El objetivo, SALVAR VIDAS haciendo tu deporte favorito. Cuanto m\u00e1s gente participe, m\u00e1s visible ser\u00e1 la causa y m\u00e1s vidas podr\u00e1n salvarse.<\/div>\n<div>\u00a0<\/div>\n<div>La salida ser\u00e1 el 15\/11 desde Atarfe a las 09:00 h. Cada disciplina tomar\u00e1 caminos diferentes hasta Pinos Puente donde se realizar\u00e1 una parada para avituallamiento y para la incorporaci\u00f3n de un segundo grupo. Posteriormente se saldr\u00e1 hacia Mocl\u00edn tomando como referencia el Camino Moz\u00e1rabe por la disciplina de Senderismo, mientras que las otras dos disciplinas tomar\u00e1n recorridos paralelos con el fin de llegar todos los grupos a las 14 h a Mocl\u00edn para degustar de la paella solidaria, la barra a precios populares y disfrutar de la mejor m\u00fasica de \u00ab<i>Garrancas\u00bb<\/i>.<\/div>\n<div>\u00a0<\/div>\n<div>No hay inscripci\u00f3n ni dorsal. <b>El \u00fanico requisito es que todas las personas que participen vayan con la camiseta de la asociaci\u00f3n H\u00e9roes hasta la M\u00e9dula <\/b>para que el mensaje sea lo m\u00e1s visible posible. La nueva camiseta podr\u00e1n adquirirla a la salida en Atarfe y en Pinos Puente una hora antes del comienzo del evento deportivo, <b>o previamente a trav\u00e9s de su Club que se ponga en contacto con la asociaci\u00f3n.<\/b> (heroeshastalamedula@gmail.com).<\/div>\n<div>\u00a0<\/div>\n<div>Toda la<i>\u00a0recaudaci\u00f3n ser\u00e1 destinada al Aula de Investigaci\u00f3n contra la Leucemia Infantil, H\u00e9roes contra la Leucemia, de la Universidad de Granada.<\/i><\/div>\n<\/div>\n<div><img data-recalc-dims=\"1\" loading=\"lazy\" decoding=\"async\" class=\"alignnone wp-image-79373 size-full\" src=\"https:\/\/i0.wp.com\/miradordeatarfe.es\/wp-content\/uploads\/2025\/10\/unnamed.png?resize=640%2C905&#038;ssl=1\" alt=\"\" width=\"640\" height=\"905\" srcset=\"https:\/\/i0.wp.com\/miradordeatarfe.es\/wp-content\/uploads\/2025\/10\/unnamed.png?w=1587&amp;ssl=1 1587w, https:\/\/i0.wp.com\/miradordeatarfe.es\/wp-content\/uploads\/2025\/10\/unnamed.png?resize=212%2C300&amp;ssl=1 212w, https:\/\/i0.wp.com\/miradordeatarfe.es\/wp-content\/uploads\/2025\/10\/unnamed.png?resize=724%2C1024&amp;ssl=1 724w, https:\/\/i0.wp.com\/miradordeatarfe.es\/wp-content\/uploads\/2025\/10\/unnamed.png?resize=768%2C1086&amp;ssl=1 768w, https:\/\/i0.wp.com\/miradordeatarfe.es\/wp-content\/uploads\/2025\/10\/unnamed.png?resize=1086%2C1536&amp;ssl=1 1086w, https:\/\/i0.wp.com\/miradordeatarfe.es\/wp-content\/uploads\/2025\/10\/unnamed.png?resize=1448%2C2048&amp;ssl=1 1448w, https:\/\/i0.wp.com\/miradordeatarfe.es\/wp-content\/uploads\/2025\/10\/unnamed.png?resize=1024%2C1449&amp;ssl=1 1024w, https:\/\/i0.wp.com\/miradordeatarfe.es\/wp-content\/uploads\/2025\/10\/unnamed.png?resize=1320%2C1867&amp;ssl=1 1320w\" sizes=\"auto, (max-width: 640px) 100vw, 640px\" \/><\/div>\n","protected":false},"excerpt":{"rendered":"<p>SALIDA 15 DE NOVIEMBRE 2025 PLAZA DEL AYUNTAMIENTO ATARFE.\u00a0CAMINO MOZ\u00c1RABE.\u00a0 El evento #M\u00c9DULA SKY CHALLENGE&#8230;<\/p>\n","protected":false},"author":1,"featured_media":79372,"comment_status":"closed","ping_status":"closed","sticky":false,"template":"","format":"standard","meta":{"_coblocks_attr":"","_coblocks_dimensions":"","_coblocks_responsive_height":"","_coblocks_accordion_ie_support":"","jetpack_post_was_ever_published":false,"_jetpack_newsletter_access":"","_jetpack_dont_email_post_to_subs":false,"_jetpack_newsletter_tier_id":0,"_jetpack_memberships_contains_paywalled_content":false,"_jetpack_memberships_contains_paid_content":false,"footnotes":"","jetpack_publicize_message":"","jetpack_publicize_feature_enabled":true,"jetpack_social_post_already_shared":true,"jetpack_social_options":{"image_generator_settings":{"template":"highway","default_image_id":0,"enabled":false},"version":2}},"categories":[2,182,186,44,10799],"tags":[],"class_list":["post-79370","post","type-post","status-publish","format-standard","has-post-thumbnail","hentry","category-atarfe","category-deportes","category-instituciones","category-noticias-de-hoy","category-voluntariado"],"jetpack_publicize_connections":[],"jetpack_featured_media_url":"https:\/\/i0.wp.com\/miradordeatarfe.es\/wp-content\/uploads\/2025\/10\/Screenshot-2025-10-13-at-20-50-41-MEDULA-SKY-CHALLENGE-2025.png?fit=797%2C201&ssl=1","jetpack_likes_enabled":true,"jetpack_sharing_enabled":true,"_links":{"self":[{"href":"https:\/\/miradordeatarfe.es\/index.php?rest_route=\/wp\/v2\/posts\/79370","targetHints":{"allow":["GET"]}}],"collection":[{"href":"https:\/\/miradordeatarfe.es\/index.php?rest_route=\/wp\/v2\/posts"}],"about":[{"href":"https:\/\/miradordeatarfe.es\/index.php?rest_route=\/wp\/v2\/types\/post"}],"author":[{"embeddable":true,"href":"https:\/\/miradordeatarfe.es\/index.php?rest_route=\/wp\/v2\/users\/1"}],"replies":[{"embeddable":true,"href":"https:\/\/miradordeatarfe.es\/index.php?rest_route=%2Fwp%2Fv2%2Fcomments&post=79370"}],"version-history":[{"count":1,"href":"https:\/\/miradordeatarfe.es\/index.php?rest_route=\/wp\/v2\/posts\/79370\/revisions"}],"predecessor-version":[{"id":79374,"href":"https:\/\/miradordeatarfe.es\/index.php?rest_route=\/wp\/v2\/posts\/79370\/revisions\/79374"}],"wp:featuredmedia":[{"embeddable":true,"href":"https:\/\/miradordeatarfe.es\/index.php?rest_route=\/wp\/v2\/media\/79372"}],"wp:attachment":[{"href":"https:\/\/miradordeatarfe.es\/index.php?rest_route=%2Fwp%2Fv2%2Fmedia&parent=79370"}],"wp:term":[{"taxonomy":"category","embeddable":true,"href":"https:\/\/miradordeatarfe.es\/index.php?rest_route=%2Fwp%2Fv2%2Fcategories&post=79370"},{"taxonomy":"post_tag","embeddable":true,"href":"https:\/\/miradordeatarfe.es\/index.php?rest_route=%2Fwp%2Fv2%2Ftags&post=79370"}],"curies":[{"name":"wp","href":"https:\/\/api.w.org\/{rel}","templated":true}]}}