{"id":79375,"date":"2025-10-14T10:18:17","date_gmt":"2025-10-14T08:18:17","guid":{"rendered":"https:\/\/miradordeatarfe.es\/?p=79375"},"modified":"2025-10-13T21:26:26","modified_gmt":"2025-10-13T19:26:26","slug":"que-las-mentiras-parezcan-mentiras-por-agustin-martinez","status":"publish","type":"post","link":"https:\/\/miradordeatarfe.es\/?p=79375","title":{"rendered":"\u00abQue las mentiras parezcan mentiras\u00bb por Agust\u00edn Mart\u00ednez"},"content":{"rendered":"<h3 class=\"entrad\">Un excelente art\u00edculo de Agust\u00edn Mart\u00ednez sobre el bulo del PP para tratar de amortiguar, sin \u00e9xito, la mayor crisis de la historia en la sanidad andaluza por el &#8216;protocolo de la verg\u00fcenza&#8217; de la Junta el cribado del c\u00e1ncer de mama.<\/h3>\n<div class=\"cuerpo\">\n<p>En pleno imperio de las redes sociales y de la tiran\u00eda de las fake news nunca ha tenido m\u00e1s sentido ese verso que tomo prestado del maestro Sabina: \u201cQue las mentiras parezcan mentiras\u201d, porque lamentablemente, muchos pol\u00edticos y muchos medios de comunicaci\u00f3n nos obsequian a diario como aut\u00e9nticas trolas, que damos como hechos ciertos por venir de donde vienen.<\/p>\n<div>Qu\u00e9 menos, digo yo, que si te van a mentir a la cara, al menos lo hagan con arte. Con oficio. Con esa malicia elegante del trilero de barrio o del cantama\u00f1anas de chaqueta de lino. Pero no. Aqu\u00ed ni eso. Aqu\u00ed se miente mal. Cutre. A lo bruto. Sin rima ni ritmo.<\/div>\n<p>En la ma\u00f1ana de ayer el diario <em>ABC<\/em> nos regalaba un titular para la antolog\u00eda del disparate: \u201cMar\u00eda Jes\u00fas Montero elimin\u00f3 la obligaci\u00f3n de informar a las pacientes con resultados dudosos en las mamograf\u00edas\u201d. As\u00ed, sin anestesia. Sin pruebas. Sin contexto. Como si las palabras no importaran. Como si no fueran mujeres \u2014miles de mujeres\u2014 las que hay detr\u00e1s de ese titular que sangra irresponsabilidad.<\/p>\n<p>Solo unas horas despu\u00e9s, el gur\u00fa econ\u00f3mico del PP, Juan Bravo, intentaba utilizar esa informaci\u00f3n en la sesi\u00f3n\u00a0 de Control al Gobierno en el Congreso, para devolver al PSOE el fuego graneado que desde hace una semana est\u00e1 cayendo sobre Moreno Bonilla y la Junta de Andaluc\u00eda, a cuenta de su desastrosa gesti\u00f3n en el tema de los cribados sobre el c\u00e1ncer de mama.<\/p>\n<p class=\"sumari\"><strong>El Proceso Asistencial Integrado (PAI) de C\u00e1ncer de Mama, en su tercera edici\u00f3n, de 2011, no solo no suprime la obligaci\u00f3n de informar a las pacientes, sino que la refuerza<\/strong><\/p>\n<p>La verdad ayudaba a desvelarla el onubense \u00c1ngel Romero, que en un impagable hilo de la red social X, sacaba las verguenzas al <em>ABC<\/em> y a Juan Bravo, haciendo que sus mentiras parecieran mentiras, ya que el propio documento oficial del Servicio Andaluz de Salud \u2014ese que estaba colgado en su web y que cualquiera pod\u00eda consultar hasta la tarde de ayer\u2014 dec\u00eda todo lo contrario. El Proceso Asistencial Integrado (PAI) de C\u00e1ncer de Mama, en su tercera edici\u00f3n, de 2011, no solo no suprime la obligaci\u00f3n de informar a las pacientes, sino que la refuerza.<\/p>\n<p>En su Anexo 1, la llamada \u201cHoja de Ruta del Paciente\u201d, se lee clarito: \u201cSe iniciar\u00e1 as\u00ed el proceso de informaci\u00f3n continua entre el paciente y\/o su familia y los profesionales que intervienen en el PAI.\u201d Y m\u00e1s adelante: \u201cLe informar\u00e1n del resultado del estudio, el diagn\u00f3stico y las alternativas de tratamiento.\u201d \u00bfD\u00f3nde est\u00e1 la censura? \u00bfD\u00f3nde el ocultamiento? \u00bfD\u00f3nde el crimen?<\/p>\n<p>Cuando se habla de los casos catalogados como BI-RADS 3 \u2014esos hallazgos probablemente benignos\u2014, el documento insiste: \u201cSe informar\u00e1 de forma clara y precisa del estudio a realizar, riesgos, beneficios y alternativas.\u201d Es decir, no solo se informa, sino que se pide el consentimiento.<\/p>\n<p class=\"sumari\">E<strong>l problema no est\u00e1 en el protocolo. El problema vino cuando se vaci\u00f3 lo p\u00fablico y se llenaron los bolsillos de lo privado.<\/strong><\/p>\n<p class=\"sumari\">Cuando se derivaron fondos a cl\u00ednicas concertadas mientras se abandonaban los programas de detecci\u00f3n precoz. Pero eso, amigo lector, no cabe en un titular. Y no da para culpar a \u201cla ministra Montero\u201d, esa diana de temporada<\/p>\n<p>Pero claro, el titular ya estaba escrito y la intervenci\u00f3n de Juan Bravo planeada. La foto, elegida. El sesgo, afinado como una guitarra flamenca. \u00bfPara qu\u00e9 leerse el documento? \u00bfPara qu\u00e9 matizar? \u00bfPara qu\u00e9 contrastar, si <em>Canal Sur<\/em> lo va a repetir sin despeinarse y <em>Twitter <\/em>ya ha hecho su trabajo de viralizaci\u00f3n?<\/p>\n<p>El problema no est\u00e1 en el protocolo. El problema vino cuando se vaci\u00f3 lo p\u00fablico y se llenaron los bolsillos de lo privado. Cuando se derivaron fondos a cl\u00ednicas concertadas mientras se abandonaban los programas de detecci\u00f3n precoz. Pero eso, amigo lector, no cabe en un titular. Y no da para culpar a \u201cla ministra Montero\u201d, esa diana de temporada.<\/p>\n<p>Y lo m\u00e1s grave: mientras se lanzaba esta mentira con letra de molde, hay mujeres esperando llamadas que no llegan. Resultados que no se explican. Diagn\u00f3sticos que se demoran. Angustias que nadie recoge. Porque la verdad no interesa si no se puede usar como garrote pol\u00edtico.<\/p>\n<p class=\"sumari\">Y ahora que el problema ha estallado en la cara de la Junta, buscan el atajo f\u00e1cil: echar balones fuera y fabricar un bulo a medida, porque si todo lo que le est\u00e1 pasando a dos mil andaluzas es \u201cculpa\u201d de Mar\u00eda Jes\u00fas Montero \u00bfA cuento de qu\u00e9 ayer por la tarde dimit\u00eda la actual consejera de Salud?<\/p>\n<p>El protocolo del SAS lleva 14 a\u00f1os funcionando. La mitad del tiempo bajo gobiernos del PSOE, la otra mitad con Juanma Moreno en el poder. Y ahora que el problema ha estallado en la cara de la Junta, buscan el atajo f\u00e1cil: echar balones fuera y fabricar un bulo a medida, porque si todo lo que le est\u00e1 pasando a dos mil andaluzas es \u201cculpa\u201d de Mar\u00eda Jes\u00fas Montero \u00bfA cuento de qu\u00e9 ayer por la tarde dimit\u00eda la actual consejera de Salud?<\/p>\n<p>Pero en este pa\u00eds con m\u00e1s spin doctors que m\u00e9dicos de familia, la salud p\u00fablica se ha convertido en otra v\u00edctima del marketing pol\u00edtico. Se le pone lacito, se manosea, se retuerce\u2026 y luego se lanza a la jaur\u00eda medi\u00e1tica sin importar el da\u00f1o. Ni a las pacientes, ni a los profesionales, ni al sentido com\u00fan.<\/p>\n<p>Y a\u00fan as\u00ed, lo \u00fanico que uno exige es que si nos quieren mentir, que se lo curren un poco. Que las mentiras parezcan mentiras. Que al menos nos dejen la duda, el resquemor, el \u201c\u00bfy si\u2026?\u201d. No esta patra\u00f1a tan burda que ofende al lector y a la inteligencia.<\/p>\n<p>Porque una cosa es manipular. Y otra es hacer el rid\u00edculo.<\/p>\n<div class=\"firma\"><strong>IndeGranada<\/strong><\/div>\n<div>\u00a0<\/div>\n<div class=\"pie\">FOTO: Imagen de la concentraci\u00f3n este mi\u00e9rcoles en Granada contra el &#8216;protocolo de la verg\u00fcenza&#8217; del cribado de c\u00e1ncer de mama de la Junta.<\/div>\n<div>\u00a0<\/div>\n<div>https:\/\/www.elindependientedegranada.es\/politica\/que-mentiras-parezcan-mentiras<\/div>\n<p>&nbsp;<\/p>\n<\/div>\n<div>\n<div id=\"disqus_thread\">\u00a0<\/div>\n<\/div>\n","protected":false},"excerpt":{"rendered":"<p>Un excelente art\u00edculo de Agust\u00edn Mart\u00ednez sobre el bulo del PP para tratar de amortiguar,&#8230;<\/p>\n","protected":false},"author":1,"featured_media":79376,"comment_status":"closed","ping_status":"closed","sticky":false,"template":"","format":"standard","meta":{"_coblocks_attr":"","_coblocks_dimensions":"","_coblocks_responsive_height":"","_coblocks_accordion_ie_support":"","jetpack_post_was_ever_published":false,"_jetpack_newsletter_access":"","_jetpack_dont_email_post_to_subs":false,"_jetpack_newsletter_tier_id":0,"_jetpack_memberships_contains_paywalled_content":false,"_jetpack_memberships_contains_paid_content":false,"footnotes":"","jetpack_publicize_message":"","jetpack_publicize_feature_enabled":true,"jetpack_social_post_already_shared":true,"jetpack_social_options":{"image_generator_settings":{"template":"highway","default_image_id":0,"enabled":false},"version":2}},"categories":[10791,1161,186,44,10805,10],"tags":[],"class_list":["post-79375","post","type-post","status-publish","format-standard","has-post-thumbnail","hentry","category-andalucia","category-ciudadania","category-instituciones","category-noticias-de-hoy","category-plataforma-por-la-sanidad-de-atarfe","category-salud"],"jetpack_publicize_connections":[],"jetpack_featured_media_url":"https:\/\/i0.wp.com\/miradordeatarfe.es\/wp-content\/uploads\/2025\/10\/1_0.jpeg?fit=650%2C488&ssl=1","jetpack_likes_enabled":true,"jetpack_sharing_enabled":true,"_links":{"self":[{"href":"https:\/\/miradordeatarfe.es\/index.php?rest_route=\/wp\/v2\/posts\/79375","targetHints":{"allow":["GET"]}}],"collection":[{"href":"https:\/\/miradordeatarfe.es\/index.php?rest_route=\/wp\/v2\/posts"}],"about":[{"href":"https:\/\/miradordeatarfe.es\/index.php?rest_route=\/wp\/v2\/types\/post"}],"author":[{"embeddable":true,"href":"https:\/\/miradordeatarfe.es\/index.php?rest_route=\/wp\/v2\/users\/1"}],"replies":[{"embeddable":true,"href":"https:\/\/miradordeatarfe.es\/index.php?rest_route=%2Fwp%2Fv2%2Fcomments&post=79375"}],"version-history":[{"count":1,"href":"https:\/\/miradordeatarfe.es\/index.php?rest_route=\/wp\/v2\/posts\/79375\/revisions"}],"predecessor-version":[{"id":79377,"href":"https:\/\/miradordeatarfe.es\/index.php?rest_route=\/wp\/v2\/posts\/79375\/revisions\/79377"}],"wp:featuredmedia":[{"embeddable":true,"href":"https:\/\/miradordeatarfe.es\/index.php?rest_route=\/wp\/v2\/media\/79376"}],"wp:attachment":[{"href":"https:\/\/miradordeatarfe.es\/index.php?rest_route=%2Fwp%2Fv2%2Fmedia&parent=79375"}],"wp:term":[{"taxonomy":"category","embeddable":true,"href":"https:\/\/miradordeatarfe.es\/index.php?rest_route=%2Fwp%2Fv2%2Fcategories&post=79375"},{"taxonomy":"post_tag","embeddable":true,"href":"https:\/\/miradordeatarfe.es\/index.php?rest_route=%2Fwp%2Fv2%2Ftags&post=79375"}],"curies":[{"name":"wp","href":"https:\/\/api.w.org\/{rel}","templated":true}]}}