{"id":79394,"date":"2025-10-17T11:28:51","date_gmt":"2025-10-17T09:28:51","guid":{"rendered":"https:\/\/miradordeatarfe.es\/?p=79394"},"modified":"2025-10-17T09:47:45","modified_gmt":"2025-10-17T07:47:45","slug":"18-de-octubre-2025-noche-en-blanco-de-atarfe","status":"publish","type":"post","link":"https:\/\/miradordeatarfe.es\/?p=79394","title":{"rendered":"18 de OCTUBRE 2025 : Noche en Blanco de Atarfe"},"content":{"rendered":"<h3 style=\"text-align: justify;\">La <b>Noche en Blanco<\/b> es una iniciativa cultural creada en Par\u00eds en 2002<sup id=\"cite_ref-noche_1-0\" class=\"mw-references reference separada\"><\/sup> y cuyo gran \u00e9xito se ha extendido a otras capitales y grandes ciudades europeas a organizar su propia Noche en Blanco, inspir\u00e1ndose en el modelo original.Y Atarfe no pod\u00eda ser menos.<\/h3>\n<p style=\"text-align: justify;\">El prop\u00f3sito de la Noche en Blanco, cuya denominaci\u00f3n viene dada al celebrarse tras el ocaso, es acercar la creaci\u00f3n art\u00edstica contempor\u00e1nea a los ciudadanos. Los objetivos comunes de todas las ciudades que organizan Noches Blancas son: gratuidad, vanguardia, ciudadan\u00eda y sostenibilidad. Adem\u00e1s se fomenta el intercambio de experiencias con el desarrollo de programas conjuntos y la internacionalizaci\u00f3n de artistas locales mediante el intercambio de propuestas.<\/p>\n<p style=\"text-align: justify;\">Pasar la noche en blanco ahora no s\u00f3lo es pasar la noche tumbado en la cama sin poder dormir. Desde el a\u00f1o 2002, la <strong>Noche en Blanco<\/strong>, <strong>creada en Par\u00eds<\/strong>, se ha convertido en una <strong>gran iniciativa cultural de primer nivel en las grandes ciudades europeas<\/strong>, que han extendido, inspir\u00e1ndose en el modelo original, <strong>actividades culturales de todo tipo durante una noche y madrugada del a\u00f1o<\/strong>.<\/p>\n<p style=\"text-align: justify;\">La Noche en Blanco es uno de los eventos culturales m\u00e1s importantes de muchas ciudades alrededor del mundo, en el que se invita a la ciudadan\u00eda a disfrutar de una noche llena de actividades culturales, art\u00edsticas y deportivas. Aunque se desconoce el origen exacto de su nombre, lo que s\u00ed es cierto es que su prop\u00f3sito es crear una experiencia \u00fanica para los asistentes, que puedan disfrutar de la ciudad de una manera diferente y especial. Es una oportunidad para conocer y apreciar todo el arte y la cultura que se encuentra en nuestras calles y plazas, y para disfrutar de la ciudad de una manera m\u00e1s cercana y vivencial. Sin duda, una noche que no se puede perder.<\/p>\n<p style=\"text-align: justify;\">\nLa Noche en Blanco es un evento cultural que se celebra en ciudades de todo el mundo, donde la gente puede disfrutar de actividades culturales gratuitas hasta altas horas de la noche. Pero, \u00bfpor qu\u00e9 se llama la Noche en Blanco? La respuesta es simple, porque la idea es que la ciudad no duerma, que est\u00e9 en constante actividad, que no haya un momento de descanso para la cultura y el arte. Es una forma de invitar a la ciudadan\u00eda a descubrir y disfrutar de su entorno de una manera diferente y \u00fanica. La Noche en Blanco es una oportunidad para que la ciudad se muestre en todo su esplendor y para que todos puedan participar en un evento que celebra la cultura, el arte y la vida en comunidad.<\/p>\n<h3 class=\"zfr3Q CDt4Ke \" dir=\"ltr\"><span class=\"C9DxTc \">&#x1f4c5; S\u00e1bado, 18 de octubre<\/span><\/h3>\n<h3 class=\"zfr3Q CDt4Ke \" dir=\"ltr\"><span class=\"C9DxTc \">&#x1f555; A partir de las 18:00 h<\/span><\/h3>\n<h3 class=\"zfr3Q CDt4Ke \" dir=\"ltr\"><span class=\"C9DxTc \">&#x1f4cd; Calle Real\u00a0<\/span><\/h3>\n<p class=\"zfr3Q CDt4Ke \" dir=\"ltr\"><span class=\"C9DxTc \">La Calle Real se llena de vida, m\u00fasica y buen ambiente en la<strong> II Noche en Blanco de Atarfe.\u00a0<\/strong><\/span><span class=\"C9DxTc \">M\u00e1s de 50 comercios locales abrir\u00e1n sus puertas para mostrar todo lo que nuestro pueblo tiene que ofrecer.\u00a0<\/span><\/p>\n<p class=\"zfr3Q CDt4Ke \" dir=\"ltr\"><span class=\"C9DxTc \">&#x1f457; Desfile de moda<\/span><\/p>\n<p class=\"zfr3Q CDt4Ke \" dir=\"ltr\"><span class=\"C9DxTc \">&#x1f483; Exhibiciones de baile y gimnasia r\u00edtmica<\/span><\/p>\n<p class=\"zfr3Q CDt4Ke \" dir=\"ltr\"><span class=\"C9DxTc \">&#x1f3b6; Actuaciones musicales<\/span><\/p>\n<p class=\"zfr3Q CDt4Ke \" dir=\"ltr\"><span class=\"C9DxTc \">&#x1f381; Sorteos y muchas m\u00e1s sorpresas<\/span><\/p>\n<p class=\"zfr3Q CDt4Ke \" dir=\"ltr\"><span class=\"C9DxTc \">El Ayuntamiento de Atarfe agradece a todos los comercios participantes y a la Asociaci\u00f3n de Comerciantes de Atarfe por hacer posible una noche que demuestra que el comercio local est\u00e1 m\u00e1s vivo que nunca.<\/span><\/p>\n<p dir=\"ltr\"><img data-recalc-dims=\"1\" loading=\"lazy\" decoding=\"async\" class=\"alignnone wp-image-79396 size-full\" src=\"https:\/\/i0.wp.com\/miradordeatarfe.es\/wp-content\/uploads\/2025\/10\/NOCHE-EN-BLANCO.jpg?resize=640%2C800&#038;ssl=1\" alt=\"\" width=\"640\" height=\"800\" srcset=\"https:\/\/i0.wp.com\/miradordeatarfe.es\/wp-content\/uploads\/2025\/10\/NOCHE-EN-BLANCO.jpg?w=1080&amp;ssl=1 1080w, https:\/\/i0.wp.com\/miradordeatarfe.es\/wp-content\/uploads\/2025\/10\/NOCHE-EN-BLANCO.jpg?resize=240%2C300&amp;ssl=1 240w, https:\/\/i0.wp.com\/miradordeatarfe.es\/wp-content\/uploads\/2025\/10\/NOCHE-EN-BLANCO.jpg?resize=819%2C1024&amp;ssl=1 819w, https:\/\/i0.wp.com\/miradordeatarfe.es\/wp-content\/uploads\/2025\/10\/NOCHE-EN-BLANCO.jpg?resize=768%2C960&amp;ssl=1 768w, https:\/\/i0.wp.com\/miradordeatarfe.es\/wp-content\/uploads\/2025\/10\/NOCHE-EN-BLANCO.jpg?resize=1024%2C1280&amp;ssl=1 1024w\" sizes=\"auto, (max-width: 640px) 100vw, 640px\" \/><\/p>\n","protected":false},"excerpt":{"rendered":"<p>La Noche en Blanco es una iniciativa cultural creada en Par\u00eds en 2002 y cuyo&#8230;<\/p>\n","protected":false},"author":1,"featured_media":79395,"comment_status":"closed","ping_status":"closed","sticky":false,"template":"","format":"standard","meta":{"_coblocks_attr":"","_coblocks_dimensions":"","_coblocks_responsive_height":"","_coblocks_accordion_ie_support":"","jetpack_post_was_ever_published":false,"_jetpack_newsletter_access":"","_jetpack_dont_email_post_to_subs":false,"_jetpack_newsletter_tier_id":0,"_jetpack_memberships_contains_paywalled_content":false,"_jetpack_memberships_contains_paid_content":false,"footnotes":"","jetpack_publicize_message":"","jetpack_publicize_feature_enabled":true,"jetpack_social_post_already_shared":true,"jetpack_social_options":{"image_generator_settings":{"template":"highway","default_image_id":0,"enabled":false},"version":2}},"categories":[12,1161,186,44],"tags":[],"class_list":["post-79394","post","type-post","status-publish","format-standard","has-post-thumbnail","hentry","category-cultura","category-ciudadania","category-instituciones","category-noticias-de-hoy"],"jetpack_publicize_connections":[],"jetpack_featured_media_url":"https:\/\/i0.wp.com\/miradordeatarfe.es\/wp-content\/uploads\/2025\/10\/BLANCO.jpeg?fit=375%2C180&ssl=1","jetpack_likes_enabled":true,"jetpack_sharing_enabled":true,"_links":{"self":[{"href":"https:\/\/miradordeatarfe.es\/index.php?rest_route=\/wp\/v2\/posts\/79394","targetHints":{"allow":["GET"]}}],"collection":[{"href":"https:\/\/miradordeatarfe.es\/index.php?rest_route=\/wp\/v2\/posts"}],"about":[{"href":"https:\/\/miradordeatarfe.es\/index.php?rest_route=\/wp\/v2\/types\/post"}],"author":[{"embeddable":true,"href":"https:\/\/miradordeatarfe.es\/index.php?rest_route=\/wp\/v2\/users\/1"}],"replies":[{"embeddable":true,"href":"https:\/\/miradordeatarfe.es\/index.php?rest_route=%2Fwp%2Fv2%2Fcomments&post=79394"}],"version-history":[{"count":1,"href":"https:\/\/miradordeatarfe.es\/index.php?rest_route=\/wp\/v2\/posts\/79394\/revisions"}],"predecessor-version":[{"id":79397,"href":"https:\/\/miradordeatarfe.es\/index.php?rest_route=\/wp\/v2\/posts\/79394\/revisions\/79397"}],"wp:featuredmedia":[{"embeddable":true,"href":"https:\/\/miradordeatarfe.es\/index.php?rest_route=\/wp\/v2\/media\/79395"}],"wp:attachment":[{"href":"https:\/\/miradordeatarfe.es\/index.php?rest_route=%2Fwp%2Fv2%2Fmedia&parent=79394"}],"wp:term":[{"taxonomy":"category","embeddable":true,"href":"https:\/\/miradordeatarfe.es\/index.php?rest_route=%2Fwp%2Fv2%2Fcategories&post=79394"},{"taxonomy":"post_tag","embeddable":true,"href":"https:\/\/miradordeatarfe.es\/index.php?rest_route=%2Fwp%2Fv2%2Ftags&post=79394"}],"curies":[{"name":"wp","href":"https:\/\/api.w.org\/{rel}","templated":true}]}}