{"id":7940,"date":"2016-04-03T08:43:11","date_gmt":"2016-04-03T08:43:11","guid":{"rendered":"http:\/\/miradordeatarfe.es\/?p=7940"},"modified":"2016-03-31T14:46:50","modified_gmt":"2016-03-31T14:46:50","slug":"cuidado-llega-la-hiperpaternidad","status":"publish","type":"post","link":"https:\/\/miradordeatarfe.es\/?p=7940","title":{"rendered":"\u00a1Cuidado! Llega la hiperpaternidad"},"content":{"rendered":"<p>Los expertos alertan: los ni\u00f1os de hoy son v\u00edctimas de una nueva epidemia de sobreprotecci\u00f3n que les impide ser aut\u00f3nomos y les hace fr\u00e1giles<!--more--><\/p>\n<div id=\"article_column\" class=\"col-xs-10\">\n<div id=\"article_content\">\n<div class=\"row\">\n<div class=\"col-xs-14 col-xs-offset-2\">\n<div>\n<p style=\"text-align: justify;\">Si usted carga con las mochilas de sus hijos en cuanto salen del colegio, \u00a1cuidado!, podr\u00eda entrar dentro una nueva categor\u00eda: los hiperpadres, temidos por maestros y pedagogos, que organizan hasta el \u00faltimo detalle de las vidas de sus hijos y no les dan opciones para valerse por si mismos.<\/p>\n<p style=\"text-align: justify;\">Pero, adem\u00e1s del peque\u00f1o detalle de la mochila, \u00bfc\u00f3mo reconocer si formamos parte de ese grupo? La periodista Eva Millet lo define perfectamente en su \u00faltimo libro: los hiperpadres hablan en plural cuando se refieren a las cosas de sus hijos (\u00abhoy tenemos examen de matem\u00e1ticas\u00bb), est\u00e1n obsesionados con que reciban la mejor educaci\u00f3n (a poder ser, precozmente) en el mejor colegio o universidad, discuten constantemente las posiciones de maestros y entrenadores, planean \u00a0numerosas actividades extraescolares y, sin embargo, no permiten que sus hijos participen en las tareas de \u00a0la casa ni asuman obligaciones b\u00e1sicas como hacerse la cama o poner la mesa.<\/p>\n<h2 style=\"text-align: justify;\">Padres mayordomos<\/h2>\n<p style=\"text-align: justify;\">Son padres que ejercen de ch\u00f3feres, entrenadores, guardaespaldas, profesores particulares y mayordomos&#8230; en resumen: estresados, que acaban criando hijos agobiados que crecen incapacitados por exceso de protecci\u00f3n. Las causas, seg\u00fan explica el experto Carl Honor\u00e9 en el libro, pueden buscarse en la \u00abtormenta perfecta en la que intervienen la globalizaci\u00f3n y un aumento de competencia que, unidos a la inseguridad cada vez mayor en los lugares de trabajo, nos han hecho m\u00e1s ansiosos respecto a preparar a nuestros hijos para la vida adulta\u00bb. En resumen: \u00abhoy queremos dientes perfectos, un cuerpo perfecto, las vacaciones y la casa perfecta y, obviamente, los ni\u00f1os perfectos para completar el cuadro\u00bb. A esto hay que sumar el estr\u00e9s del estilo de vida que nos han impuesto, que transmitimos a nuestros hijos con ese omnipresente \u00ab\u00a1corre!\u00bb que nos persigue sin descanso y hace que, como explica la pedagoga Cristina Guti\u00e9rrez Lest\u00f3n, \u00abtoda esta falta de tiempo y de espacio para &#8216;ser&#8217; genere una serie de carencias emocionales en muchos ni\u00f1os y ni\u00f1as, que no saben desenvolverse en un grupo de gente. Se sienten d\u00e9biles y con un mont\u00f3n de \u00a0miedos\u00bb.<\/p>\n<p style=\"text-align: justify;\">La conclusi\u00f3n, aseguran, es preocupante: tal vez estemos criando la generaci\u00f3n m\u00e1s fr\u00e1gil e insegura de la historia\u00bb, lo que para Gregorio Luri, fil\u00f3sofo y pedagogo, deber\u00eda hacernos pensar que, ante todo, los ni\u00f1os necesitan unos padres relajados. \u00abEs un derecho de la infancia\u00bb, asegura.<\/p>\n<h2 style=\"text-align: justify;\">Por d\u00f3nde empiezo<\/h2>\n<p style=\"text-align: justify;\">A pesar de la alarma, el panorama tiene soluci\u00f3n. El camino a seguir se llama underparenting, o, en otras palabras, hacerles menos caso a los hijos. \u00bfY c\u00f3mo se hace eso? La experta propone en el libro algunas claves para poder empezar,que comienzan, otra vez, con la mochila. \u00abUsted no ha de cargar por sistema con sus cosas. Parece una nimiedad, pero que carguen ellos con su mochila es una forma efectiva de educar la responsabilidad\u00bb.<\/p>\n<p style=\"text-align: justify;\">Tambi\u00e9n sugiere que no se les permita a los ni\u00f1os interrumpir las conversaciones, y que no les preguntemos sistem\u00e1ticamente todo (desde qu\u00e9 quiere comer hasta qu\u00e9 medicamento prefiere tomarse para la fiebre). La l\u00ednea a seguir se define como \u00absana desatenci\u00f3n\u00bb, sin anticipar todo tipo de contratiempos ni pasarse el d\u00eda alrededor de los ni\u00f1os para intervenir a la m\u00ednima de cambio. En la lista de recomendaciones se incluyen otras muy curiosas y concretas, como la de no hablar en plural o no pasarse el d\u00eda colgando fotos de los hijos en las redes sociales. \u00abEsta avalancha, no solo esta consiguiendo matar la espontaneidad infantil, sino tambi\u00e9n crear peque\u00f1os narcisos\u00bb.<\/p>\n<p style=\"text-align: justify;\">Otro aspecto importante es el de la educaci\u00f3n. Aqu\u00ed la experta es clara: \u00abla educaci\u00f3n no consiste solamente en adquirir t\u00edtulos (). Que su hijo o hija sean capaces de dar las gracias y de encajar una frustraci\u00f3n es tambi\u00e9n parte fundamental de su formaci\u00f3n\u00bb. Es importante, adem\u00e1s, no interferir demasiado en las decisiones del colegio e intentar que el ni\u00f1o aprenda a asumir sus propios errores.<\/p>\n<h2 style=\"text-align: justify;\">Rel\u00e1jense, sin miedo<\/h2>\n<p style=\"text-align: justify;\">Pero \u00bfqu\u00e9 es lo que nos impide soltar a nuestros hijos de la mano? \u00bfpor qu\u00e9 los sobreprotegemos hasta rozar muchas veces el rid\u00edculo? Pues algo tan humano como el miedo. \u00abMiedo a equivocarnos -explica la autora-. A decirles \u00abno\u00bb. A traumatizarlos. A o darles todo lo que consideramos que se merecen. A no conseguir que sean felices. A que sufran. Incluso a no conseguir esos hijos perfectos que parece que hoy todos hemos de tener\u00bb. La receta para superarlo es relajarse, y disfrutar de ser padres, para que tambi\u00e9n ellos disfruten de ser hijos. \u00abMi consejo es que sean afectuosos con sus hijos, que est\u00e9n con ellos cuando lo necesiten pero no encima de ellos todo el d\u00eda. Que no se pongan nerviosos porque el hijo del vecino est\u00e9 aprendiendo chino y, seg\u00fan sus padres, sea una criatura rayana a la perfecci\u00f3n\u00bb. Hay que decir no, exigirles que colaboren y tambi\u00e9n \u00abdecirles que les queremos, pero que ello no equivale a que tengan una serie de derechos adquiridos, ni sobre ustedes ni sobre el resto del mundo\u00bb.<\/p>\n<p style=\"text-align: justify;\"><span class=\"authors\"><span class=\"author\"><span class=\"profile\">Marta Otero<\/span><\/span><\/span><\/p>\n<p><a href=\"http:\/\/www.lavozdegalicia.es\/noticia\/extravozok\/2016\/03\/17\/bien-hijos-dejelos-paz\/00031458215861364177852.htm\">http:\/\/www.lavozdegalicia.es\/noticia\/extravozok\/2016\/03\/17\/bien-hijos-dejelos-paz\/00031458215861364177852.htm<\/a><\/p>\n<\/div>\n<\/div>\n<\/div>\n<\/div>\n<\/div>\n","protected":false},"excerpt":{"rendered":"<p>Los expertos alertan: los ni\u00f1os de hoy son v\u00edctimas de una nueva epidemia de sobreprotecci\u00f3n&#8230;<\/p>\n","protected":false},"author":1,"featured_media":7941,"comment_status":"closed","ping_status":"closed","sticky":false,"template":"","format":"standard","meta":{"_coblocks_attr":"","_coblocks_dimensions":"","_coblocks_responsive_height":"","_coblocks_accordion_ie_support":"","jetpack_post_was_ever_published":false,"_jetpack_newsletter_access":"","_jetpack_dont_email_post_to_subs":false,"_jetpack_newsletter_tier_id":0,"_jetpack_memberships_contains_paywalled_content":false,"_jetpack_memberships_contains_paid_content":false,"footnotes":"","jetpack_publicize_message":"","jetpack_publicize_feature_enabled":true,"jetpack_social_post_already_shared":false,"jetpack_social_options":{"image_generator_settings":{"template":"highway","default_image_id":0,"enabled":false},"version":2}},"categories":[186,9,44,15],"tags":[848,2415,1856],"class_list":["post-7940","post","type-post","status-publish","format-standard","has-post-thumbnail","hentry","category-instituciones","category-medio-ambiente","category-noticias-de-hoy","category-ultimas-noticias","tag-familia","tag-mayordomos","tag-proteccion"],"jetpack_publicize_connections":[],"jetpack_featured_media_url":"https:\/\/i0.wp.com\/miradordeatarfe.es\/wp-content\/uploads\/2016\/03\/efe_20160110_161149519.jpg?fit=980%2C550&ssl=1","jetpack_likes_enabled":true,"jetpack_sharing_enabled":true,"_links":{"self":[{"href":"https:\/\/miradordeatarfe.es\/index.php?rest_route=\/wp\/v2\/posts\/7940","targetHints":{"allow":["GET"]}}],"collection":[{"href":"https:\/\/miradordeatarfe.es\/index.php?rest_route=\/wp\/v2\/posts"}],"about":[{"href":"https:\/\/miradordeatarfe.es\/index.php?rest_route=\/wp\/v2\/types\/post"}],"author":[{"embeddable":true,"href":"https:\/\/miradordeatarfe.es\/index.php?rest_route=\/wp\/v2\/users\/1"}],"replies":[{"embeddable":true,"href":"https:\/\/miradordeatarfe.es\/index.php?rest_route=%2Fwp%2Fv2%2Fcomments&post=7940"}],"version-history":[{"count":2,"href":"https:\/\/miradordeatarfe.es\/index.php?rest_route=\/wp\/v2\/posts\/7940\/revisions"}],"predecessor-version":[{"id":7943,"href":"https:\/\/miradordeatarfe.es\/index.php?rest_route=\/wp\/v2\/posts\/7940\/revisions\/7943"}],"wp:featuredmedia":[{"embeddable":true,"href":"https:\/\/miradordeatarfe.es\/index.php?rest_route=\/wp\/v2\/media\/7941"}],"wp:attachment":[{"href":"https:\/\/miradordeatarfe.es\/index.php?rest_route=%2Fwp%2Fv2%2Fmedia&parent=7940"}],"wp:term":[{"taxonomy":"category","embeddable":true,"href":"https:\/\/miradordeatarfe.es\/index.php?rest_route=%2Fwp%2Fv2%2Fcategories&post=7940"},{"taxonomy":"post_tag","embeddable":true,"href":"https:\/\/miradordeatarfe.es\/index.php?rest_route=%2Fwp%2Fv2%2Ftags&post=7940"}],"curies":[{"name":"wp","href":"https:\/\/api.w.org\/{rel}","templated":true}]}}