{"id":79404,"date":"2025-10-16T11:14:25","date_gmt":"2025-10-16T09:14:25","guid":{"rendered":"https:\/\/miradordeatarfe.es\/?p=79404"},"modified":"2025-10-15T11:01:51","modified_gmt":"2025-10-15T09:01:51","slug":"el-hartazgo-de-cada-dia-por-francisco-l-rajoy-varela","status":"publish","type":"post","link":"https:\/\/miradordeatarfe.es\/?p=79404","title":{"rendered":"\u00abEL HARTAZGO DE CADA D\u00cdA\u00bb  Por Francisco L. Rajoy Varela"},"content":{"rendered":"<h3 style=\"text-align: justify;\">Habitualmente, la rutina diaria de cada individuo y por regla general, consiste en levantarse para afrontar una nueva jornada dedicada al trabajo u otras actividades.<\/h3>\n<p style=\"text-align: justify;\">La liturgia es siempre la misma, ducharse o asearse y despu\u00e9s desayunar. Al mismo tiempo que preparamos el desayuno y de forma automatizada, conectamos la radio o la televisi\u00f3n, evidentemente esta acci\u00f3n no es una norma general de todos los individuos, siempre suele haber excepciones que no siguen las mismas pautas de actuaci\u00f3n.Y a partir de ese instante en que conectamos la televisi\u00f3n o la radio, y salvo que sintonicemos un canal o un dial que contenga un programa de entretenimiento o musical, se produce un fen\u00f3meno que es el origen de la reflexi\u00f3n de este art\u00edculo.<\/p>\n<p style=\"text-align: justify;\">Ese acto personal e \u00edntimo que deber\u00eda ser desayunar en silencio y reflexionar en c\u00f3mo afrontar una nueva jornada con la mejor predisposici\u00f3n de \u00e1nimo, queda absolutamente contaminado, perturbado por una catarata salvaje de noticias apocal\u00edpticas, de tragedias sin fin en las que se tiene la sensaci\u00f3n de que el fin de este planeta es cuesti\u00f3n de horas o minutos.<\/p>\n<p style=\"text-align: justify;\">Las cadenas de televisi\u00f3n o de radio rivalizan por conseguir un mayor \u00edndice de audiencia pero no por algo que nos motive a la esperanza o la ilusi\u00f3n de que a pesar de todo, la vida tiene su sentido. Al contrario, cuanto m\u00e1s tr\u00e1gico, m\u00e1s macabro, mejor. Un negocio obsceno de chantaje y manipulaci\u00f3n emocional. Una forma de sic\u00f3tica maldad, de perversidad enfermiza organizada por esos lobbys o grupos de presi\u00f3n que buscan influir en la toma de decisiones p\u00fablicas y privadas a favor de intereses espec\u00edficos de un sector o grupo social o pol\u00edtico determinados.<\/p>\n<p style=\"text-align: justify;\">Aunque esta es la triste realidad, no es menos cierto que una buena parte de la cuota de responsabilidad de aceptar esta situaci\u00f3n la tiene la ciudadan\u00eda entrando al trapo de este juego<br \/>\nobsceno. \u00bfRealmente es la gente consciente de este juego cuya finalidad es manipular tus ideas y tus sentimientos teni\u00e9ndote atemorizado emocionalmente y anular tu libertad llev\u00e1ndote al precipicio que ellos quieren y lograr el objetivo de despe\u00f1arte? Insisto, \u00bfse es consciente de esta perversa manipulaci\u00f3n a la que se somete a diario al ciudadano de a pie? Francamente, no.<\/p>\n<p style=\"text-align: justify;\">Es m\u00e1s c\u00f3modo, m\u00e1s f\u00e1cil, dejarse arrastrar por el r\u00edo y ya se ver\u00e1 donde nos arrastra la corriente. Dec\u00eda Blaise Pascal sobre la soledad, \u201ctodos los problemas de la humanidad provienen de la incapacidad del hombre para permanecer solo y en silencio en una habitaci\u00f3n\u201d. Esta idea sugiere que la infelicidad humana se debe a nuestra necesidad de distracci\u00f3n para evitar enfrentarnos a nosotros mismos, a nuestros pensamientos y a nuestros sentimientos.<\/p>\n<p style=\"text-align: justify;\">Es muy posible que si supi\u00e9semos estar solos, ojo que no es lo mismo estar que saber estar a todos los niveles, afrontar\u00edamos la vida de muy distinta manera. Pero no sabemos estarlo, necesitamos ruido, necesitamos estar rodeados de personas aunque no nos aporten nada positivo. Tenemos miedo a enfrentarnos a nuestros demonios internos en vez de convivir con ellos y por mucho que intentemos espantarlos siempre nos acompa\u00f1ar\u00e1n.<\/p>\n<p style=\"text-align: justify;\">Esto genera una incomodidad que tratamos de llenarla de cualquier manera y no de la mejor forma posible y el mejor ejemplo lo tenemos en la exposici\u00f3n de nuestra desnudez y nuestro vac\u00edo emocional en las redes (anti)sociales. Necesitamos conocernos a nosotros mismos y mimarnos y para ello se requieren una buena dosis de soledad y silencio.<\/p>\n<p style=\"text-align: justify;\">No es extra\u00f1o que cada d\u00eda aumenten los casos de problemas mentales, construimos castillos en el aire y luego pasan los sic\u00f3logos y los siquiatras a cobrarnos el alquiler. La ra\u00edz y la soluci\u00f3n de nuestros problemas est\u00e1n dentro de nosotros. Se trata de ser coherentes con nuestros ideales y nuestros sentimientos, en tener la fortaleza espiritual y mental en no dejarnos<br \/>\narrastrar y doblegar por nadie y ante nadie.Asumamos pues nuestra cuota de responsabilidad y no culpemos a los dem\u00e1s de nuestros errores.<\/p>\n<p style=\"text-align: justify;\">Si realmente se quiere una sociedad m\u00e1s justa e igualitaria, empecemos por nosotros mismos cambiando nuestros planteamientos de forma de vivir. Mientras no sea as\u00ed no podremos generar una aut\u00e9ntica conciencia colectiva, \u00bfque es ut\u00f3pico? Lo es mientras no estemos dispuestos aluchar por conseguir el objetivo.<\/p>\n<p>FOTO: https:\/\/sentidoradio.com\/blog\/tendencias-en-comunicacion-politica-2023\/<\/p>\n","protected":false},"excerpt":{"rendered":"<p>Habitualmente, la rutina diaria de cada individuo y por regla general, consiste en levantarse para&#8230;<\/p>\n","protected":false},"author":1,"featured_media":79405,"comment_status":"closed","ping_status":"closed","sticky":false,"template":"","format":"standard","meta":{"_coblocks_attr":"","_coblocks_dimensions":"","_coblocks_responsive_height":"","_coblocks_accordion_ie_support":"","jetpack_post_was_ever_published":false,"_jetpack_newsletter_access":"","_jetpack_dont_email_post_to_subs":false,"_jetpack_newsletter_tier_id":0,"_jetpack_memberships_contains_paywalled_content":false,"_jetpack_memberships_contains_paid_content":false,"footnotes":"","jetpack_publicize_message":"","jetpack_publicize_feature_enabled":true,"jetpack_social_post_already_shared":true,"jetpack_social_options":{"image_generator_settings":{"template":"highway","default_image_id":0,"enabled":false},"version":2}},"categories":[1161,7167,44,10],"tags":[],"class_list":["post-79404","post","type-post","status-publish","format-standard","has-post-thumbnail","hentry","category-ciudadania","category-opinion-de-fco-luis-rajoy","category-noticias-de-hoy","category-salud"],"jetpack_publicize_connections":[],"jetpack_featured_media_url":"https:\/\/i0.wp.com\/miradordeatarfe.es\/wp-content\/uploads\/2025\/10\/tendencias-de-comunicacion-politica-2023.jpg.webp?fit=650%2C450&ssl=1","jetpack_likes_enabled":true,"jetpack_sharing_enabled":true,"_links":{"self":[{"href":"https:\/\/miradordeatarfe.es\/index.php?rest_route=\/wp\/v2\/posts\/79404","targetHints":{"allow":["GET"]}}],"collection":[{"href":"https:\/\/miradordeatarfe.es\/index.php?rest_route=\/wp\/v2\/posts"}],"about":[{"href":"https:\/\/miradordeatarfe.es\/index.php?rest_route=\/wp\/v2\/types\/post"}],"author":[{"embeddable":true,"href":"https:\/\/miradordeatarfe.es\/index.php?rest_route=\/wp\/v2\/users\/1"}],"replies":[{"embeddable":true,"href":"https:\/\/miradordeatarfe.es\/index.php?rest_route=%2Fwp%2Fv2%2Fcomments&post=79404"}],"version-history":[{"count":1,"href":"https:\/\/miradordeatarfe.es\/index.php?rest_route=\/wp\/v2\/posts\/79404\/revisions"}],"predecessor-version":[{"id":79406,"href":"https:\/\/miradordeatarfe.es\/index.php?rest_route=\/wp\/v2\/posts\/79404\/revisions\/79406"}],"wp:featuredmedia":[{"embeddable":true,"href":"https:\/\/miradordeatarfe.es\/index.php?rest_route=\/wp\/v2\/media\/79405"}],"wp:attachment":[{"href":"https:\/\/miradordeatarfe.es\/index.php?rest_route=%2Fwp%2Fv2%2Fmedia&parent=79404"}],"wp:term":[{"taxonomy":"category","embeddable":true,"href":"https:\/\/miradordeatarfe.es\/index.php?rest_route=%2Fwp%2Fv2%2Fcategories&post=79404"},{"taxonomy":"post_tag","embeddable":true,"href":"https:\/\/miradordeatarfe.es\/index.php?rest_route=%2Fwp%2Fv2%2Ftags&post=79404"}],"curies":[{"name":"wp","href":"https:\/\/api.w.org\/{rel}","templated":true}]}}