{"id":79407,"date":"2025-10-16T10:45:03","date_gmt":"2025-10-16T08:45:03","guid":{"rendered":"https:\/\/miradordeatarfe.es\/?p=79407"},"modified":"2025-10-15T10:45:29","modified_gmt":"2025-10-15T08:45:29","slug":"xxii-carrera-popular-nocturna-de-atarfe","status":"publish","type":"post","link":"https:\/\/miradordeatarfe.es\/?p=79407","title":{"rendered":"XXII Carrera Popular Nocturna de Atarfe"},"content":{"rendered":"<h3 class=\"ff5\" style=\"text-align: justify;\"><span class=\"a\">El Club de Atletismo y Monta\u00f1a de Atarfe organiza el pr\u00f3ximo d\u00eda 24 <\/span><span class=\"a\">de Octubre de 2025 la\u00a0 <\/span><span class=\"a\">XXII Carrera Popular Nocturna de Atarfe<\/span><\/h3>\n<div class=\"ff5\" style=\"text-align: justify;\"><span class=\"a\">En esta Carrera pueden participar en su categor\u00eda absoluta toda aquella persona que <\/span><span class=\"a\">tenga<strong> cumplidos 15 a\u00f1os en la <\/strong><\/span><span class=\"a\"><strong>fecha<\/strong>, sin distinci\u00f3n de condici\u00f3n, sexo <\/span><span class=\"a\">o nacionalidad.<\/span><span class=\"a\">\u00a0<\/span><\/div>\n<div class=\"ff6\" style=\"text-align: justify;\">\u00a0<\/div>\n<div class=\"ff5\" style=\"text-align: justify;\"><span class=\"a\">\u00a0<\/span><span class=\"a\">La prueba tendr\u00e1 como lugar de <em>salida y llegada el Coliseo Ciudad <\/em><\/span><span class=\"a\"><em>Atarf<\/em>e y transcurrir\u00e1 por un circuito urbano aproximado de<strong> 9.000 <\/strong><\/span><span class=\"a\"><strong>metro<\/strong>s, pretendiendo que sea una carrera abierta y participativa. <\/span><span class=\"a\">El circuito estar\u00e1 completamente cerrado al tr\u00e1fico y los \u00fanicos <\/span><span class=\"a\">veh\u00edculos que podr\u00e1n seguir la prueba ser\u00e1n los designados por la <\/span><span class=\"a\">Organizaci\u00f3n<\/span><\/div>\n<div style=\"text-align: justify;\">\u00a0<\/div>\n<div class=\"ff5\" style=\"text-align: justify;\"><span class=\"a\">Dicha prueba se celebrar\u00e1<strong> el viernes 24 de Octubre de 2025 a partir <\/strong><\/span><span class=\"a\"><strong>de las 22:00 horas<\/strong>. El tiempo m\u00e1<span class=\"l6\">ximo para la realizaci\u00f3n de la misma <\/span><\/span><span class=\"a\">ser\u00e1 de<em> 1 hora y 30 minutos<\/em>, cerr\u00e1ndose la meta a las 23:30 horas. <\/span><\/div>\n<div style=\"text-align: justify;\">\u00a0<\/div>\n<div class=\"ff5\" style=\"text-align: justify;\"><span class=\"a\">La categor\u00eda SUB10 recorrer\u00e1 2 km en el entorno del Coliseo y su <\/span><span class=\"a\">salida ser\u00e1 a las 21:15 <\/span><\/div>\n<div style=\"text-align: justify;\">\u00a0<\/div>\n<div class=\"ff5\" style=\"text-align: justify;\"><span class=\"a\">La categor\u00eda SUB12-14 recorrer\u00e1 3,2 km en el entorno del Coliseo y <\/span><span class=\"a\">su salida ser\u00e1 a las 21:30 <\/span><\/div>\n<div class=\"ff6\" style=\"text-align: justify;\">\u00a0<\/div>\n<div class=\"ff5\" style=\"text-align: justify;\"><span class=\"a\">\u00a0<\/span><span class=\"a\">Las inscripciones se har\u00e1n a trav\u00e9s de la p\u00e1gina web de <\/span><span class=\"a\"><a class=\"ll\" href=\"http:\/\/www.dorsalchip.es\/\" target=\"_blank\" rel=\"Scribd nofollow noopener\">www.Dorsalchip.es<\/a><\/span><span class=\"a\">.<\/span><span class=\"a\">\u00a0<\/span><span class=\"a\">Las inscripciones se podr\u00e1n realizar<strong> <em>hasta el lunes 20 de Octubre de <\/em><\/strong><\/span><strong><span class=\"a\"><em>2025 a las 23:00h<\/em>.<\/span><\/strong><span class=\"a\">\u00a0<\/span><span class=\"a\">La cuota de la inscripci\u00f3n de cada participante ser\u00e1 de <strong>10 Euros.<\/strong><\/span><\/div>\n<div>\n<div class=\"text_layer\" style=\"text-align: justify;\">\n<div class=\"ie_fix\">\n<div class=\"ff5\">\n<p><span class=\"a\">Para retirar el dorsal ser\u00e1 imprescindible acreditarse con DNI o similar. <\/span><span class=\"a\">Cuando la pers<span class=\"l6\">ona que recoja el dorsal no sea el titular inscrito, deber\u00e1 <\/span><\/span><span class=\"a\">presentar autorizaci\u00f3n expresa del mismo y fotocopia de su DNI o <\/span><span class=\"a\"><span class=\"a\">similar.<\/span><\/span><\/p>\n<div>\u00a0<\/div>\n<div class=\"ff5\"><span class=\"a\">Los dorsales se podr\u00e1n recoger anticipadamente en la Piscina del <\/span><span class=\"a\">Polideportiv<span class=\"l6\">o de Atarfe los d\u00edas 23 de Octubre en horario de tarde y el <\/span><\/span><span class=\"a\">d\u00eda 24 de Octubre en horario de ma\u00f1ana. La recogida de dorsales previa a la <\/span><span class=\"a\">prueba en el Co<span class=\"l6\">liseo Ciudad de Atarfe comenzar\u00e1 a las 19:00 horas.<\/span><\/span><\/div>\n<div class=\"ff3\"><span class=\"a\">\u00a0<\/span><\/div>\n<div class=\"ff5\"><span class=\"a\">No se entregar\u00e1n dorsales en condiciones que no sean las descritas <\/span><span class=\"a\">anteriormente. <\/span><\/div>\n<\/div>\n<\/div>\n<\/div>\n<div class=\"ie_fix\">\n<div class=\"text_layer\">\n<div class=\"ie_fix\">\n<div class=\"ff5\" style=\"text-align: justify;\"><span class=\"a\">Las categor\u00edas de esta prueba ser\u00e1n:<\/span><span class=\"a\">\u00a0<\/span><\/div>\n<div class=\"ff8\"><span class=\"a\">\u00a0<\/span><\/div>\n<ul style=\"list-style-type: circle;\">\n<li class=\"ff5\"><span class=\"a\">Categor\u00eda Absoluta<\/span><\/li>\n<li class=\"ff5\"><span class=\"a\">Categor\u00eda Local<\/span><\/li>\n<li class=\"ff5\"><span class=\"a\">Categor\u00eda SUB 10<\/span><\/li>\n<li class=\"ff5\"><span class=\"a\">C<\/span><span class=\"a\">ategor\u00edas SUB12-14 <\/span><\/li>\n<li class=\"ff5\"><span class=\"a\"><span class=\"a\">Ser\u00e1n considerados corredores locales, los residentes en Atarfe que <span class=\"a\">aparezcan inscritos en el padr\u00f3n de habitantes de la localidad.<span class=\"a\">\u00a0<\/span><\/span><\/span><\/span><\/li>\n<\/ul>\n<\/div>\n<\/div>\n<\/div>\n<div class=\"image_layer\">\n<div class=\"ie_fix\">\n<h3 class=\"ff6\"><span class=\"a\">PREMIOS<\/span><\/h3>\n<ul>\n<li class=\"ff5\"><span class=\"a\">Categor\u00eda Absoluta: Medalla y jam\u00f3n para los tres primeros <\/span><span class=\"a\">clasificados Masculino y Femenin<span class=\"l6\">o<\/span><\/span><\/li>\n<li class=\"ff5\"><span class=\"a\">Categor\u00eda <span class=\"l\">Local: Medalla y jam\u00f3n para los<\/span><span class=\"a\">\u00a0tres primeros <span class=\"l\">clasificados Masculino y Femenino<\/span><\/span><\/span><\/li>\n<li class=\"ff5\"><span class=\"a\">Categor\u00eda <span class=\"l\">SUB10: Medalla para los tres primeros clasificados <\/span><span class=\"a\">Masculino y Femenino<\/span><\/span><\/li>\n<li class=\"ff5\"><span class=\"a\">Categor\u00eda SUB12-14: Medalla para los tres primeros <span class=\"a\">clasificados Masculino y Femenin<span class=\"l6\">o <\/span><\/span><\/span><\/li>\n<\/ul>\n<div class=\"ff6\"><span class=\"a\">Los Premios no son acumulables, prevaleciendo la <\/span><span class=\"a\">categor\u00eda general <span class=\"l7\">sobre <span class=\"l6\">la categor\u00eda local.\u00a0<\/span><\/span><\/span><\/div>\n<div class=\"ff5\"><span class=\"a\">Sorteo de 30 Jamone<span class=\"l6\">s entre todos los participantes<\/span><\/span><\/div>\n<div>\u00a0<\/div>\n<\/div>\n<\/div>\n<div><img data-recalc-dims=\"1\" loading=\"lazy\" decoding=\"async\" class=\"alignnone wp-image-79409 \" src=\"https:\/\/i0.wp.com\/miradordeatarfe.es\/wp-content\/uploads\/2025\/10\/CARTEL-NOCTURNA-2025_1.jpg?resize=607%2C879&#038;ssl=1\" alt=\"\" width=\"607\" height=\"879\" srcset=\"https:\/\/i0.wp.com\/miradordeatarfe.es\/wp-content\/uploads\/2025\/10\/CARTEL-NOCTURNA-2025_1.jpg?w=442&amp;ssl=1 442w, https:\/\/i0.wp.com\/miradordeatarfe.es\/wp-content\/uploads\/2025\/10\/CARTEL-NOCTURNA-2025_1.jpg?resize=207%2C300&amp;ssl=1 207w\" sizes=\"auto, (max-width: 607px) 100vw, 607px\" \/><\/div>\n<\/div>\n","protected":false},"excerpt":{"rendered":"<p>El Club de Atletismo y Monta\u00f1a de Atarfe organiza el pr\u00f3ximo d\u00eda 24 de Octubre&#8230;<\/p>\n","protected":false},"author":1,"featured_media":79408,"comment_status":"closed","ping_status":"closed","sticky":false,"template":"","format":"standard","meta":{"_coblocks_attr":"","_coblocks_dimensions":"","_coblocks_responsive_height":"","_coblocks_accordion_ie_support":"","jetpack_post_was_ever_published":false,"_jetpack_newsletter_access":"","_jetpack_dont_email_post_to_subs":false,"_jetpack_newsletter_tier_id":0,"_jetpack_memberships_contains_paywalled_content":false,"_jetpack_memberships_contains_paid_content":false,"footnotes":"","jetpack_publicize_message":"","jetpack_publicize_feature_enabled":true,"jetpack_social_post_already_shared":true,"jetpack_social_options":{"image_generator_settings":{"template":"highway","default_image_id":0,"enabled":false},"version":2}},"categories":[1161,182,186,44],"tags":[],"class_list":["post-79407","post","type-post","status-publish","format-standard","has-post-thumbnail","hentry","category-ciudadania","category-deportes","category-instituciones","category-noticias-de-hoy"],"jetpack_publicize_connections":[],"jetpack_featured_media_url":"https:\/\/i0.wp.com\/miradordeatarfe.es\/wp-content\/uploads\/2025\/10\/Screenshot-2025-10-14-at-13-26-48-CxM-Sierra-Elvira-XXI-Carrera-Popular-Nocturna-de-Atarfe.png?fit=328%2C166&ssl=1","jetpack_likes_enabled":true,"jetpack_sharing_enabled":true,"_links":{"self":[{"href":"https:\/\/miradordeatarfe.es\/index.php?rest_route=\/wp\/v2\/posts\/79407","targetHints":{"allow":["GET"]}}],"collection":[{"href":"https:\/\/miradordeatarfe.es\/index.php?rest_route=\/wp\/v2\/posts"}],"about":[{"href":"https:\/\/miradordeatarfe.es\/index.php?rest_route=\/wp\/v2\/types\/post"}],"author":[{"embeddable":true,"href":"https:\/\/miradordeatarfe.es\/index.php?rest_route=\/wp\/v2\/users\/1"}],"replies":[{"embeddable":true,"href":"https:\/\/miradordeatarfe.es\/index.php?rest_route=%2Fwp%2Fv2%2Fcomments&post=79407"}],"version-history":[{"count":2,"href":"https:\/\/miradordeatarfe.es\/index.php?rest_route=\/wp\/v2\/posts\/79407\/revisions"}],"predecessor-version":[{"id":79445,"href":"https:\/\/miradordeatarfe.es\/index.php?rest_route=\/wp\/v2\/posts\/79407\/revisions\/79445"}],"wp:featuredmedia":[{"embeddable":true,"href":"https:\/\/miradordeatarfe.es\/index.php?rest_route=\/wp\/v2\/media\/79408"}],"wp:attachment":[{"href":"https:\/\/miradordeatarfe.es\/index.php?rest_route=%2Fwp%2Fv2%2Fmedia&parent=79407"}],"wp:term":[{"taxonomy":"category","embeddable":true,"href":"https:\/\/miradordeatarfe.es\/index.php?rest_route=%2Fwp%2Fv2%2Fcategories&post=79407"},{"taxonomy":"post_tag","embeddable":true,"href":"https:\/\/miradordeatarfe.es\/index.php?rest_route=%2Fwp%2Fv2%2Ftags&post=79407"}],"curies":[{"name":"wp","href":"https:\/\/api.w.org\/{rel}","templated":true}]}}