{"id":79423,"date":"2025-10-17T08:27:46","date_gmt":"2025-10-17T06:27:46","guid":{"rendered":"https:\/\/miradordeatarfe.es\/?p=79423"},"modified":"2025-10-15T18:39:11","modified_gmt":"2025-10-15T16:39:11","slug":"amos-oz-es-un-orgullo-que-algunos-israelies-me-llamen-traidor-por-oponerme-a-la-ocupacion","status":"publish","type":"post","link":"https:\/\/miradordeatarfe.es\/?p=79423","title":{"rendered":"Amos Oz: \u00abEs un orgullo que algunos israel\u00edes me llamen traidor por oponerme a la ocupaci\u00f3n\u00bb"},"content":{"rendered":"<h3 style=\"text-align: justify;\">El escritor israel\u00ed, que publica en Espa\u00f1a \u00abJudas\u00bb, su \u00faltima novela, charla con ABC en su casa de Tel Aviv. \u00abRecibo amenazas de muerte, pero no me ir\u00e9\u00bb, asegura con firmeza.<\/h3>\n<p style=\"text-align: justify;\">Suena y suena el tel\u00e9fono en casa de Amos Oz (Jerusal\u00e9n, 1939), pero ninguna llamada es de Oslo. Esa llamada fue finalmente a Bielorrusia, a la escritora Svetlana Alexi\u00e9vich. \u00abYo ya tengo suficientes premios para el resto de mi vida, si nunca recibo el Premio Nobel seguir\u00e9 siendo un hombre satisfecho\u00bb, confiesa el autor israel\u00ed m\u00e1s internacional, eterno candidato al preciado galard\u00f3n, que estos d\u00edas tiene un ojo puesto en la presentaci\u00f3n de \u00abJudas\u00bb (Siruela), su \u00faltima novela, en Espa\u00f1a y el otro en la escalada de tensi\u00f3n entre israel\u00edes y palestinos de los \u00faltimos d\u00edas.<br \/>\nCompartir un rato con Oz supone tener acceso directo a la historia viva de Israel, al pasado y al presente de un pa\u00eds \u00abque ahora mismo no me gusta nada\u00bb, lamenta el novelista, que debido a sus opiniones cr\u00edticas con los sectores m\u00e1s conservadores que dirigen ahora Israel recibe \u00abamenazas de muerte e insultos\u00bb. Abierto defensor de la soluci\u00f3n de los dos estados, Oz censura la construcci\u00f3n de asentamientos y alerta del riesgo de la llegada al poder de los fundamentalistas de cualquier religi\u00f3n, incluida la jud\u00eda. Literatura y pol\u00edtica se mezclan en cada minuto de la conversaci\u00f3n en el duod\u00e9cimo piso del apartamento en el que vive en Tel Aviv.<\/p>\n<p style=\"text-align: justify;\"><em>\u2013\u00bfC\u00f3mo influye el clima de permanente inestabilidad que hay en el pa\u00eds en su trabajo?<\/em><\/p>\n<p style=\"text-align: justify;\">\u2013Yo soy un ciudadano israel\u00ed de 76 a\u00f1os, que equivale a vivir 200 o 300 en otros pa\u00edses como Estados Unidos, por ejemplo. He visto mucha historia, nac\u00ed antes de la formaci\u00f3n del estado de Israel y he pasado por todos los altibajos del conflicto. Tengo claro que todos los conflictos llegan a su fin y este tambi\u00e9n lo har\u00e1. Aqu\u00ed no estamos en un choque entre buenos y malos, blanco y negro como ocurr\u00eda en Europa cuando se luchaba contra el fascismo o en Sur\u00e1frica contra el apartheid, lo que tenemos aqu\u00ed es una tragedia porque se enfrentan dos pueblos con derechos. Los palestinos no tienen otro pa\u00eds y los jud\u00edos israel\u00edes tampoco. Es una tragedia de verdad.<\/p>\n<p style=\"text-align: justify;\">\u2013<em>\u00bfQu\u00e9 propone?<\/em><\/p>\n<p style=\"text-align: justify;\">\u2013Dos estados, seguir el ejemplo de pa\u00edses como Checoslovaquia. Dividir esta casa en dos apartamentos y vivir como vecinos, no hay otra soluci\u00f3n posible. Los fan\u00e1ticos de ambos lados tratan de convertirlo en un asunto religioso, pero es una cuesti\u00f3n de tierra.<\/p>\n<p style=\"text-align: justify;\">\u2013<em>En sus libros Jerusal\u00e9n suele ser el centro de las historias, pero usted ha decidido vivir en Tel Aviv, \u00bfcu\u00e1les son los motivos?<\/em><\/p>\n<p style=\"text-align: justify;\">\u2013Nac\u00ed en Jerusal\u00e9n y pas\u00e9 all\u00ed el tiempo suficiente. Ahora necesito verla desde la distancia. Es una ciudad que atrae a fan\u00e1ticos cristianos, musulmanes, jud\u00edos\u2026 Haciendo un s\u00edmil cinematogr\u00e1fico, Tel Aviv es una pel\u00edcula de Fellini y Jerusal\u00e9n de Bergman. Pero Jerusal\u00e9n no es Israel, es otro planeta. Hace seis meses fui por \u00faltima vez a pasear por la Ciudad Vieja y es un lugar infeliz para todos. Yo no creo en los lugares sagrados, en las piedras&#8230; Me indigna la gente capaz de matar por unas piedras. De verdad, no me importar\u00eda que se llevaran todos los lugares santos a Escandinavia durante cien a\u00f1os y, despu\u00e9s, cuando la gente se relaje, que los traigan de vuelta.<\/p>\n<p style=\"text-align: justify;\"><em>\u2013Leer su obra es repasar la historia de la creaci\u00f3n del estado de Israel. \u00bfQu\u00e9 le parece el resultado en el siglo XXI?<\/em><\/p>\n<p style=\"text-align: justify;\">\u2013Ahora Israel no me gusta nada, pero s\u00ed me gusta la sociedad israel\u00ed porque est\u00e1 viva. Es un pa\u00eds que por un lado me fascina y por otro me enfada, pero nunca podr\u00eda dejarlo.<\/p>\n<p style=\"text-align: justify;\"><em>\u2013Un sector amplio de la sociedad israel\u00ed le ve a usted y a aquellos intelectuales que critican la ocupaci\u00f3n como traidores, como el Judas que protagoniza su \u00faltima novela. \u00bfSe siente un traidor?<\/em><\/p>\n<p style=\"text-align: justify;\">\u2013A Lincoln le catalogaron de traidor tras abolir la esclavitud; a De Gaulle por el di\u00e1logo en Argelia que puso fin a la colonizaci\u00f3n; a Gorbachov por emprender reformas en la Uni\u00f3n Sovi\u00e9tica; a Sadat por firmar la paz con Israel; a Rabin y Peres por sentarse con Arafat&#8230; Lo considero un club de traidores lleno de honor. Que haya israel\u00edes que me consideren traidor por oponerme a la ocupaci\u00f3n es un honor, una condecoraci\u00f3n que luzco con orgullo.<\/p>\n<p style=\"text-align: justify;\"><em>\u2013\u00bfHa pensado alguna vez en hacer las maletas como lo han hechos otros artistas o historiadores?<\/em><\/p>\n<p style=\"text-align: justify;\">\u2013Nunca. Recibo amenazas de muerte por mis opiniones, me insultan\u2026 pero no me ir\u00e9. Tambi\u00e9n debo decir que nadie me censura, soy libre para expresar mis opiniones y al mismo tiempo que denuncio la ocupaci\u00f3n soy un defensor f\u00e9rreo del derecho de Israel a existir.<\/p>\n<p style=\"text-align: justify;\">\u2013<em>Desde Europa y Estados Unidos cobran fuerza las llamadas al boicot a Israel como forma de lucha pac\u00edfica contra la ocupaci\u00f3n. \u00bfQu\u00e9 le parece la campa\u00f1a del BDS (siglas que responden a boicot, desinversi\u00f3n y sanciones)?<\/em><\/p>\n<p style=\"text-align: justify;\">\u2013En muchas escuelas de Israel no ense\u00f1an mis libros porque me consideran \u00abenemigo del pueblo\u00bb y en Europa me puedo encontrar ahora con que me boicotean por el hecho de ser israel\u00ed. Hay que boicotear los productos de los asentamientos, no todo lo que venga de este pa\u00eds. No estoy de acuerdo con el BDS.<\/p>\n<p style=\"text-align: justify;\">\u2013<em>Hablemos del Judas de su \u00faltima novela, un Judas que no tiene nada que ver con el que los cristianos tienen en su mente\u2026<\/em><\/p>\n<p style=\"text-align: justify;\">\u2013En Israel no se ense\u00f1a el Nuevo Testamento, as\u00ed que cuando ten\u00eda 16 a\u00f1os me compr\u00e9 uno para poder leer los evangelios y, desde entonces, ten\u00eda ganas de escribir sobre Judas y su estereotipo de traidor. Para los cristianos Judas simboliza a los jud\u00edos, as\u00ed nos ven millones de personas, como los traidores que vendimos a Jes\u00fas.<\/p>\n<p style=\"text-align: justify;\">Shmuel Ash, el personaje central de mi novela, no lo ve as\u00ed y habla de un Judas que conoc\u00eda bien a Jes\u00fas y que estaba seguro de que pod\u00eda salvar el mundo. Por eso prepar\u00f3 la crucifixi\u00f3n, porque quer\u00eda verle salvarse en la cruz para dar inicio de esa forma al reino de los cielos y que todos lo vieran. Judas era el \u00fanico de los disc\u00edpulos que ven\u00eda de una familia pudiente, no ten\u00eda necesidad de vender a su maestro por treinta monedas de plata, tampoco me cuadra que tuviera que besarle para identificarle porque Jes\u00fas era lo suficientemente famoso aquellos d\u00edas. Nunca he aceptado esa historia de que ha sido el Chern\u00f3bil del antisemitismo cristiano, pero he de confesar que no me encontraba en Jerusal\u00e9n el d\u00eda de la crucifixi\u00f3n, ten\u00eda hora con el dentista [risas].<\/p>\n<p style=\"text-align: justify;\"><em>\u2013Y Jes\u00fas, \u00bfc\u00f3mo presenta en la novela al Jes\u00fas al que Judas sigue con esa devoci\u00f3n?<\/em><\/p>\n<p style=\"text-align: justify;\">\u2013Puede resultar provocativo para jud\u00edos y cristianos, pero Jes\u00fas vivi\u00f3 y muri\u00f3 como un jud\u00edo. Nunca pens\u00f3 en crear una nueva religi\u00f3n, solo pretend\u00eda mejorar el juda\u00edsmo, por eso iba a las sinagogas y, como buen jud\u00edo, montaba esc\u00e1ndalos ante lo que ve\u00eda y no le gustaba. Judas es realmente el primer cristiano.<\/p>\n<p style=\"text-align: justify;\"><em>\u2013Despu\u00e9s de varios ensayos regresa a la novela. \u00bfPor qu\u00e9 ha decidido cambiar de formato para escribir sus reflexiones sobre Judas?<\/em><\/p>\n<p style=\"text-align: justify;\">\u2013Cuando escucho varias voces internas diferentes escribo una novela, pero cuando estoy seguro del todo, me inclino por el ensayo, como cuando tengo que criticar la pol\u00edtica de nuestro Gobierno. En este caso de Judas, como le he dicho antes, no estaba presente en el momento de la crucifixi\u00f3n.<\/p>\n<p style=\"text-align: justify;\"><strong>MIKEL AYESTARAN &#8211; Enviado Especial a Tel Aviv<\/strong><\/p>\n","protected":false},"excerpt":{"rendered":"<p>El escritor israel\u00ed, que publica en Espa\u00f1a \u00abJudas\u00bb, su \u00faltima novela, charla con ABC en&#8230;<\/p>\n","protected":false},"author":1,"featured_media":79424,"comment_status":"closed","ping_status":"closed","sticky":false,"template":"","format":"standard","meta":{"_coblocks_attr":"","_coblocks_dimensions":"","_coblocks_responsive_height":"","_coblocks_accordion_ie_support":"","jetpack_post_was_ever_published":false,"_jetpack_newsletter_access":"","_jetpack_dont_email_post_to_subs":false,"_jetpack_newsletter_tier_id":0,"_jetpack_memberships_contains_paywalled_content":false,"_jetpack_memberships_contains_paid_content":false,"footnotes":"","jetpack_publicize_message":"","jetpack_publicize_feature_enabled":true,"jetpack_social_post_already_shared":true,"jetpack_social_options":{"image_generator_settings":{"template":"highway","default_image_id":0,"enabled":false},"version":2}},"categories":[1161,44,10806,7671],"tags":[],"class_list":["post-79423","post","type-post","status-publish","format-standard","has-post-thumbnail","hentry","category-ciudadania","category-noticias-de-hoy","category-palestina","category-politica"],"jetpack_publicize_connections":[],"jetpack_featured_media_url":"https:\/\/i0.wp.com\/miradordeatarfe.es\/wp-content\/uploads\/2025\/10\/1501778388-U51626281653smy-268x188%40diario_abc.webp?fit=268%2C188&ssl=1","jetpack_likes_enabled":true,"jetpack_sharing_enabled":true,"_links":{"self":[{"href":"https:\/\/miradordeatarfe.es\/index.php?rest_route=\/wp\/v2\/posts\/79423","targetHints":{"allow":["GET"]}}],"collection":[{"href":"https:\/\/miradordeatarfe.es\/index.php?rest_route=\/wp\/v2\/posts"}],"about":[{"href":"https:\/\/miradordeatarfe.es\/index.php?rest_route=\/wp\/v2\/types\/post"}],"author":[{"embeddable":true,"href":"https:\/\/miradordeatarfe.es\/index.php?rest_route=\/wp\/v2\/users\/1"}],"replies":[{"embeddable":true,"href":"https:\/\/miradordeatarfe.es\/index.php?rest_route=%2Fwp%2Fv2%2Fcomments&post=79423"}],"version-history":[{"count":1,"href":"https:\/\/miradordeatarfe.es\/index.php?rest_route=\/wp\/v2\/posts\/79423\/revisions"}],"predecessor-version":[{"id":79425,"href":"https:\/\/miradordeatarfe.es\/index.php?rest_route=\/wp\/v2\/posts\/79423\/revisions\/79425"}],"wp:featuredmedia":[{"embeddable":true,"href":"https:\/\/miradordeatarfe.es\/index.php?rest_route=\/wp\/v2\/media\/79424"}],"wp:attachment":[{"href":"https:\/\/miradordeatarfe.es\/index.php?rest_route=%2Fwp%2Fv2%2Fmedia&parent=79423"}],"wp:term":[{"taxonomy":"category","embeddable":true,"href":"https:\/\/miradordeatarfe.es\/index.php?rest_route=%2Fwp%2Fv2%2Fcategories&post=79423"},{"taxonomy":"post_tag","embeddable":true,"href":"https:\/\/miradordeatarfe.es\/index.php?rest_route=%2Fwp%2Fv2%2Ftags&post=79423"}],"curies":[{"name":"wp","href":"https:\/\/api.w.org\/{rel}","templated":true}]}}