{"id":7944,"date":"2016-04-03T06:47:02","date_gmt":"2016-04-03T06:47:02","guid":{"rendered":"http:\/\/miradordeatarfe.es\/?p=7944"},"modified":"2016-03-31T14:51:04","modified_gmt":"2016-03-31T14:51:04","slug":"sierra-nevada-y-el-calentamiento-global","status":"publish","type":"post","link":"https:\/\/miradordeatarfe.es\/?p=7944","title":{"rendered":"SIERRA NEVADA Y EL CALENTAMIENTO GLOBAL"},"content":{"rendered":"<p style=\"text-align: justify;\">La capa de hielo subterr\u00e1nea de Sierra Nevada est\u00e1 a punto de desaparecer por el calentamiento. <strong>I<\/strong>nvestigadores espa\u00f1oles muestran que las temperaturas del subsuelo en el pico Veleta son positivas, lo que impide el mantenimiento del <em>permafrost<\/em>, una capa helada permanente<\/p>\n<p class=\"pg-headline\" style=\"text-align: justify;\"><!--more-->Debido al calentamiento global, las temperaturas han aumentado en la zona m\u00e1s de 1\u00baC desde el siglo XIX, lo que ha provocado la desaparici\u00f3n de los glaciares y estos hielos perpetuos.<\/p>\n<div id=\"edi-body\" class=\"mce-body mce no-sticky-adv-socios\">\n<p class=\"mce\" style=\"text-align: justify;\">Los hielos perpetuos est\u00e1n desapareciendo de los picos m\u00e1s altos de Sierra Nevada. As\u00ed lo desvela un estudio cuyos resultados demuestran que, por primera vez durante la \u00faltima d\u00e9cada, el suelo del Picacho de Veleta no\u00a0ha llegado a helarse en todo el a\u00f1o.<\/p>\n<p class=\"mce\" style=\"text-align: justify;\">En las monta\u00f1as de la Pen\u00ednsula Ib\u00e9rica las temperaturas han aumentado m\u00e1s de 1\u00baC desde el siglo XIX. Este aumento de temperatura se debe tanto al calentamiento global, como al final de la <a class=\"mce\" href=\"https:\/\/es.wikipedia.org\/wiki\/Peque%C3%B1a_Edad_de_Hielo\" target=\"_blank\"> Peque\u00f1a Edad de Hielo<\/a>, un per\u00edodo fr\u00edo que abarc\u00f3 desde comienzos del siglo XIV hasta mediados del XIX y que provoc\u00f3 la formaci\u00f3n de glaciares en Sierra Nevada y los Pirineos.<\/p>\n<div class=\"no-adv-socios\" style=\"text-align: justify;\">\n<div id=\"singleton\">\n<div id=\"SC_InPage.Layer.0.07518463151158938.singleton\"><\/div>\n<\/div>\n<\/div>\n<p class=\"mce\" style=\"text-align: justify;\">La\u00a0subida de temperatura ha provocado diversos cambios en los ecosistemas de la alta monta\u00f1a peninsular, como el crecimiento de las especies vegetales a mayores alturas, o la desaparici\u00f3n de los glaciares, aunque a\u00fan se manten\u00eda hielo perpetuo bajo el subsuelo de las monta\u00f1as, conocido como <em class=\"mce\"> permafrost<\/em>.<\/p>\n<p class=\"mce\" style=\"text-align: justify;\">Sin embargo, seg\u00fan un nuevo estudio llevado a cabo por un equipo de investigadores de varias instituciones espa\u00f1olas, bajo el subsuelo de Sierra Nevada \u00abno se han detectado temperaturas negativas permanentes\u00bb. Los datos t\u00e9rmicos del sustrato del Picacho del Veleta est\u00e1n alejados del punto de congelaci\u00f3n, con lo que los investigadores concluyen que \u00aben Sierra Nevada no hay condiciones de <em class=\"mce\"> permafrost<\/em>, salvo en enclaves aislados de topograf\u00eda favorable, tal y como sucede en el resto de las m\u00e1s altas cumbres peninsulares, como en Pirineos y, probablemente, Picos de Europa\u00bb.<\/p>\n<div class=\"inset cf width643\" style=\"text-align: justify;\">\n<div class=\"media-holder\">\n<div class=\"mg \"><img data-recalc-dims=\"1\" loading=\"lazy\" decoding=\"async\" src=\"https:\/\/i0.wp.com\/images.eldiario.es\/sociedad\/Solo-Corral-Veleta-mantienen-permafrost_EDIIMA20160322_0650_18.jpg?resize=640%2C316\" alt=\"Solo algunas zonas como el Corral del Veleta mantienen permafrost\" width=\"640\" height=\"316\" \/><\/div>\n<div class=\"caption-inside\">\n<p>Solo algunas zonas, como el Corral del Veleta, mantienen permafrost <span class=\"font\">EFE<\/span><\/p>\n<\/div>\n<\/div>\n<\/div>\n<p class=\"mce\" style=\"text-align: justify;\">Las medidas se han tomado gracias a una perforaci\u00f3n realizada en el a\u00f1o 2000 en la base del pico Veleta. Esta perforaci\u00f3n tiene 114,5 metros de profundidad y en los primeros 60 metros se instalaron 11 sensores t\u00e9rmicos situados a diferentes profundidades, que han servido a los investigadores para estudiar las variaciones de temperatura del subsuelo de la monta\u00f1a m\u00e1s alta de la Espa\u00f1a peninsular.<\/p>\n<p class=\"mce\" style=\"text-align: justify;\">Los datos recopilados durante estos a\u00f1os, y que han sido <a class=\"mce\" href=\"http:\/\/www.sciencedirect.com\/science\/article\/pii\/S0048969716301498\" target=\"_blank\"> publicados en la revista Science of the Total Environment<\/a>, muestran que entre 2003 y 2013 \u00ablas temperaturas medias anuales del sustrato del picacho del Veleta oscilaron entre los 3,25 \u00baC, a los 0,6 metros de profundidad, y los 2,47 \u00baC en la cota de los 60 metros\u00bb.<\/p>\n<h3 style=\"text-align: justify;\">A\u00fan quedan hielos en el corral del Veleta<\/h3>\n<p class=\"mce\" style=\"text-align: justify;\">Pese a que la investigaci\u00f3n revela que en los picos m\u00e1s altos de Sierra Nevada no existen condiciones para mantener hielos perpetuos, a\u00fan hay algunas excepciones. En particular, en un enclave situado en la cara norte del Veleta, llamado el Corral del Veleta, donde se formaron glaciares durante la Peque\u00f1a Edad de Hielo. Seg\u00fan los investigadores, algunos restos de hielo a\u00fan perduran en el subsuelo bajo ciertos paquetes de rocas, pero cada vez se encuentran a mayor profundidad.<\/p>\n<p class=\"mce\" style=\"text-align: justify;\">Los cient\u00edficos pretenden seguir analizando la evoluci\u00f3n de las temperaturas del subsuelo a profundidades superiores\u00a0a los 60 metros, ya que \u00abcabe preguntarse qu\u00e9 comportamiento t\u00e9rmico debe caracterizar la cota de 300 metros, coincidente con la base del Corral del Veleta, donde a\u00fan persisten cuerpos helados en profundidad\u00bb, aseguran en un informe.<\/p>\n<p class=\"mce\" style=\"text-align: justify;\">Sin embargo, los investigadores advierten de que lo m\u00e1s probable es que las condiciones t\u00e9rmicas a esas profundidades tambi\u00e9n est\u00e9n \u00ablejanas al punto de congelaci\u00f3n\u00bb, lo que impedir\u00eda la existencia de <em class=\"mce\"> permafrost<\/em>.<\/p>\n<\/div>\n","protected":false},"excerpt":{"rendered":"<p>La capa de hielo subterr\u00e1nea de Sierra Nevada est\u00e1 a punto de desaparecer por el&#8230;<\/p>\n","protected":false},"author":1,"featured_media":7945,"comment_status":"closed","ping_status":"closed","sticky":false,"template":"","format":"standard","meta":{"_coblocks_attr":"","_coblocks_dimensions":"","_coblocks_responsive_height":"","_coblocks_accordion_ie_support":"","jetpack_post_was_ever_published":false,"_jetpack_newsletter_access":"","_jetpack_dont_email_post_to_subs":false,"_jetpack_newsletter_tier_id":0,"_jetpack_memberships_contains_paywalled_content":false,"_jetpack_memberships_contains_paid_content":false,"footnotes":"","jetpack_publicize_message":"","jetpack_publicize_feature_enabled":true,"jetpack_social_post_already_shared":false,"jetpack_social_options":{"image_generator_settings":{"template":"highway","default_image_id":0,"enabled":false},"version":2}},"categories":[44,15],"tags":[2416,407,1559],"class_list":["post-7944","post","type-post","status-publish","format-standard","has-post-thumbnail","hentry","category-noticias-de-hoy","category-ultimas-noticias","tag-calentamiento-global","tag-investigacion","tag-sierra-nevada"],"jetpack_publicize_connections":[],"jetpack_featured_media_url":"https:\/\/i0.wp.com\/miradordeatarfe.es\/wp-content\/uploads\/2016\/03\/Sierra-Nevada-perdiendo-hielos-perpetuos_EDIIMA20160322_0645_18.jpg?fit=643%2C362&ssl=1","jetpack_likes_enabled":true,"jetpack_sharing_enabled":true,"_links":{"self":[{"href":"https:\/\/miradordeatarfe.es\/index.php?rest_route=\/wp\/v2\/posts\/7944","targetHints":{"allow":["GET"]}}],"collection":[{"href":"https:\/\/miradordeatarfe.es\/index.php?rest_route=\/wp\/v2\/posts"}],"about":[{"href":"https:\/\/miradordeatarfe.es\/index.php?rest_route=\/wp\/v2\/types\/post"}],"author":[{"embeddable":true,"href":"https:\/\/miradordeatarfe.es\/index.php?rest_route=\/wp\/v2\/users\/1"}],"replies":[{"embeddable":true,"href":"https:\/\/miradordeatarfe.es\/index.php?rest_route=%2Fwp%2Fv2%2Fcomments&post=7944"}],"version-history":[{"count":1,"href":"https:\/\/miradordeatarfe.es\/index.php?rest_route=\/wp\/v2\/posts\/7944\/revisions"}],"predecessor-version":[{"id":7946,"href":"https:\/\/miradordeatarfe.es\/index.php?rest_route=\/wp\/v2\/posts\/7944\/revisions\/7946"}],"wp:featuredmedia":[{"embeddable":true,"href":"https:\/\/miradordeatarfe.es\/index.php?rest_route=\/wp\/v2\/media\/7945"}],"wp:attachment":[{"href":"https:\/\/miradordeatarfe.es\/index.php?rest_route=%2Fwp%2Fv2%2Fmedia&parent=7944"}],"wp:term":[{"taxonomy":"category","embeddable":true,"href":"https:\/\/miradordeatarfe.es\/index.php?rest_route=%2Fwp%2Fv2%2Fcategories&post=7944"},{"taxonomy":"post_tag","embeddable":true,"href":"https:\/\/miradordeatarfe.es\/index.php?rest_route=%2Fwp%2Fv2%2Ftags&post=7944"}],"curies":[{"name":"wp","href":"https:\/\/api.w.org\/{rel}","templated":true}]}}