{"id":79442,"date":"2025-10-15T11:10:47","date_gmt":"2025-10-15T09:10:47","guid":{"rendered":"https:\/\/miradordeatarfe.es\/?p=79442"},"modified":"2025-10-16T10:10:12","modified_gmt":"2025-10-16T08:10:12","slug":"enrique-desde-su-libertad-por-juan-de-dios-villanueva-roa","status":"publish","type":"post","link":"https:\/\/miradordeatarfe.es\/?p=79442","title":{"rendered":"\u00abEnrique desde su libertad\u00bb por Juan de Dios Villanueva Roa"},"content":{"rendered":"<h3>Enrique es libre, vive en un pa\u00eds, naci\u00f3n, estado libre en el que cada cual puede pensar como quiera; \u00e9l respeta a todos desde su pensamiento y con su voto. Es defensor de la libertad y de que cada cual viva desde la igualdad.<\/h3>\n<p>Lleva toda su vida en su lucha, desde la paz y el respeto hacia los dem\u00e1s. Piensa que lo ocurrido en Gaza es un genocidio. Podr\u00eda pensar otra cosa y tambi\u00e9n podr\u00eda manifestarlo, pero ese es su pensamiento, y desde su reino, su castillo, su casa lo manifiesta a los cuatro vientos con el silencio del ondear de una bandera. Pero en este pa\u00eds, estado, naci\u00f3n hay quien no piensa, quien no desea que Enrique manifieste desde el ondear de una bandera colgada en la fachada de su casa esa libertad de pensamiento, pensamiento compartido con cientos de millones de ciudadanos, sin indicaciones, sin \u00f3rdenes dadas por ning\u00fan mandante.<\/p>\n<p>Y esas criaturas han prendido fuego a la bandera de Enrique.<\/p>\n<p>Tras hacerlo, o antes, han pintado las siglas de un partido, partido en el que supongo ellos creen firmemente, con toda la fuerza y raz\u00f3n que ellos llevan dentro y que manifiestan por fuera, mancill\u00e1ndolo. Lo han hecho a escondidas, de noche, amparados por la oscuridad y vigilados por la luna de cazadores que esa noche brillaba sobre los cielos de todos, tambi\u00e9n de ellos, tambi\u00e9n de Enrique. Podr\u00edan haber ocasionado una desgracia con el fuego, pero su capacidad no los llev\u00f3 a pensar eso, o les dio igual. Qu\u00e9 pensar\u00e1n sus padres, madres, hermanos y hermanas; qu\u00e9 pensar\u00e1n sus maestras y maestros y vecinos y parejas, si ya las tienen, de ir a una propiedad particular, prender fuego, hacer pintadas y salir corriendo, \u00bfpara eso se han gastado el dinero en educaci\u00f3n, o no?<\/p>\n<p>FOTO:\u00a0<\/p>\n<p>https:\/\/www.elindependientedegranada.es\/ciudadania\/atacan-vivienda-que-tenia-bandera-palestina-que-queman-dejan-pintadas-favor-vox<\/p>\n","protected":false},"excerpt":{"rendered":"<p>Enrique es libre, vive en un pa\u00eds, naci\u00f3n, estado libre en el que cada cual&#8230;<\/p>\n","protected":false},"author":1,"featured_media":79443,"comment_status":"closed","ping_status":"closed","sticky":false,"template":"","format":"standard","meta":{"_coblocks_attr":"","_coblocks_dimensions":"","_coblocks_responsive_height":"","_coblocks_accordion_ie_support":"","jetpack_post_was_ever_published":false,"_jetpack_newsletter_access":"","_jetpack_dont_email_post_to_subs":false,"_jetpack_newsletter_tier_id":0,"_jetpack_memberships_contains_paywalled_content":false,"_jetpack_memberships_contains_paid_content":false,"footnotes":"","jetpack_publicize_message":"","jetpack_publicize_feature_enabled":true,"jetpack_social_post_already_shared":true,"jetpack_social_options":{"image_generator_settings":{"template":"highway","default_image_id":0,"enabled":false},"version":2}},"categories":[1161,9772,44,10806,7671],"tags":[],"class_list":["post-79442","post","type-post","status-publish","format-standard","has-post-thumbnail","hentry","category-ciudadania","category-opinion-de-juan-de-dios-villanueva","category-noticias-de-hoy","category-palestina","category-politica"],"jetpack_publicize_connections":[],"jetpack_featured_media_url":"https:\/\/i0.wp.com\/miradordeatarfe.es\/wp-content\/uploads\/2025\/10\/ataque.jpg?fit=650%2C477&ssl=1","jetpack_likes_enabled":true,"jetpack_sharing_enabled":true,"_links":{"self":[{"href":"https:\/\/miradordeatarfe.es\/index.php?rest_route=\/wp\/v2\/posts\/79442","targetHints":{"allow":["GET"]}}],"collection":[{"href":"https:\/\/miradordeatarfe.es\/index.php?rest_route=\/wp\/v2\/posts"}],"about":[{"href":"https:\/\/miradordeatarfe.es\/index.php?rest_route=\/wp\/v2\/types\/post"}],"author":[{"embeddable":true,"href":"https:\/\/miradordeatarfe.es\/index.php?rest_route=\/wp\/v2\/users\/1"}],"replies":[{"embeddable":true,"href":"https:\/\/miradordeatarfe.es\/index.php?rest_route=%2Fwp%2Fv2%2Fcomments&post=79442"}],"version-history":[{"count":1,"href":"https:\/\/miradordeatarfe.es\/index.php?rest_route=\/wp\/v2\/posts\/79442\/revisions"}],"predecessor-version":[{"id":79444,"href":"https:\/\/miradordeatarfe.es\/index.php?rest_route=\/wp\/v2\/posts\/79442\/revisions\/79444"}],"wp:featuredmedia":[{"embeddable":true,"href":"https:\/\/miradordeatarfe.es\/index.php?rest_route=\/wp\/v2\/media\/79443"}],"wp:attachment":[{"href":"https:\/\/miradordeatarfe.es\/index.php?rest_route=%2Fwp%2Fv2%2Fmedia&parent=79442"}],"wp:term":[{"taxonomy":"category","embeddable":true,"href":"https:\/\/miradordeatarfe.es\/index.php?rest_route=%2Fwp%2Fv2%2Fcategories&post=79442"},{"taxonomy":"post_tag","embeddable":true,"href":"https:\/\/miradordeatarfe.es\/index.php?rest_route=%2Fwp%2Fv2%2Ftags&post=79442"}],"curies":[{"name":"wp","href":"https:\/\/api.w.org\/{rel}","templated":true}]}}