{"id":79449,"date":"2025-10-19T11:00:07","date_gmt":"2025-10-19T09:00:07","guid":{"rendered":"https:\/\/miradordeatarfe.es\/?p=79449"},"modified":"2025-10-15T18:02:40","modified_gmt":"2025-10-15T16:02:40","slug":"atarfe-charlaatarfe-la-coeducacion-llave-de-aprendizaje-hacia-una-vida-libre-de-violencia-contra-las-mujeres","status":"publish","type":"post","link":"https:\/\/miradordeatarfe.es\/?p=79449","title":{"rendered":"ATARFE:  \u00abLa Coeducaci\u00f3n: Llave de aprendizaje hacia una vida libre de violencia contra las mujeres\u00bb\u00a0"},"content":{"rendered":"<h3>La <strong>educaci\u00f3n para la igualdad<\/strong> es el cuarto de los Objetivos de Desarrollo Sostenible de las Naciones Unidas.<\/h3>\n<p>En \u00e9l se contempla \u201cgarantizar una educaci\u00f3n inclusiva, equitativa y de calidad y promover oportunidades de aprendizaje durante toda la vida para todos\u201d. Dentro del mismo se incluye el acceso igualitario de hombres y mujeres a una formaci\u00f3n de calidad, pero tambi\u00e9n garantizar la educaci\u00f3n a personas vulnerables, como ni\u00f1os en situaci\u00f3n de exclusi\u00f3n social, personas con alguna discapacidad o pueblos ind\u00edgenas.<\/p>\n<p>Es una cuesti\u00f3n fundamental en el plano educativo para <strong>evitar que se produzcan situaciones de discriminaci\u00f3n o inequidad<\/strong> por raz\u00f3n de sexo, cultura o condici\u00f3n social. Para que exista una pr\u00e1ctica de educaci\u00f3n en igualdad han de existir los siguientes aspectos:<\/p>\n<ul>\n<li>El alumnado, profesorado y, en general, el propio modelo educativo o curr\u00edculo escolar, debe <strong>ser parte<\/strong> en su conjunto de la educaci\u00f3n en igualdad.<\/li>\n<li>Se requiere la inclusi\u00f3n de la educaci\u00f3n en valores como <strong>la tolerancia, la igualdad, el di\u00e1logo y la resoluci\u00f3n pr\u00e1ctica de conflictos<\/strong>, poniendo el foco tambi\u00e9n en otros espacios y agentes sociales sobre los que se ha de actuar m\u00e1s all\u00e1 del centro de ense\u00f1anza.<\/li>\n<li>El objetivo principal est\u00e1 orientado a <strong>transformar las relaciones entre hombres y mujeres<\/strong>.<\/li>\n<li>Educar con una base clara en <strong>afrontar los conflictos de forma pac\u00edfica y dialogante<\/strong>.<\/li>\n<\/ul>\n<p>La educaci\u00f3n para la igualdad <strong>se debe implementar por parte de diferentes actores sociales<\/strong>, tales como gobiernos, instituciones, escuelas o centros de estudio, clubes deportivos, docentes, padres, familiares o alumnos.<\/p>\n<p><strong>&#x1f4c5; Lunes, 27 de octubre<\/strong><br \/>\n<strong>&#x1f555; 18:00h.<\/strong><br \/>\n<strong>&#x1f4cd; Centro C\u00edvico<\/strong><\/p>\n<p>La educaci\u00f3n en igualdad es el primer paso hacia una sociedad m\u00e1s justa y libre de violencia.En esta charla contaremos con dos expertas en la materia:<\/p>\n<p><strong>\u00a0Marian Moreno<\/strong>, Asesora de Coeducaci\u00f3n del Instituto Asturiano de la Mujer.<\/p>\n<p><strong>Carmen Ruiz<\/strong> <strong>Repullo<\/strong>, Profesora de Sociolog\u00eda de la Universidad de Granada.<\/p>\n<p>&#x1f396; Ambas \u00abPremio Menina\u00bb por su labor en la lucha contra la violencia de g\u00e9nero y la promoci\u00f3n de la igualdad.<\/p>\n<p>Un espacio de reflexi\u00f3n y aprendizaje para familias, docentes y toda la ciudadan\u00eda comprometida con la igualdad.\u00a0<\/p>\n<p>Organizan: \u00c1reas de Participaci\u00f3n Ciudadana, Educaci\u00f3n e Igualdad del Ayuntamiento de Atarfe.<\/p>\n<p><img data-recalc-dims=\"1\" loading=\"lazy\" decoding=\"async\" class=\"alignnone wp-image-79450 size-full\" src=\"https:\/\/i0.wp.com\/miradordeatarfe.es\/wp-content\/uploads\/2025\/10\/Imagen-de-WhatsApp-2025-10-15-a-las-13.34.38_4bb5ca35.jpg?resize=640%2C800&#038;ssl=1\" alt=\"\" width=\"640\" height=\"800\" srcset=\"https:\/\/i0.wp.com\/miradordeatarfe.es\/wp-content\/uploads\/2025\/10\/Imagen-de-WhatsApp-2025-10-15-a-las-13.34.38_4bb5ca35.jpg?w=1080&amp;ssl=1 1080w, https:\/\/i0.wp.com\/miradordeatarfe.es\/wp-content\/uploads\/2025\/10\/Imagen-de-WhatsApp-2025-10-15-a-las-13.34.38_4bb5ca35.jpg?resize=240%2C300&amp;ssl=1 240w, https:\/\/i0.wp.com\/miradordeatarfe.es\/wp-content\/uploads\/2025\/10\/Imagen-de-WhatsApp-2025-10-15-a-las-13.34.38_4bb5ca35.jpg?resize=819%2C1024&amp;ssl=1 819w, https:\/\/i0.wp.com\/miradordeatarfe.es\/wp-content\/uploads\/2025\/10\/Imagen-de-WhatsApp-2025-10-15-a-las-13.34.38_4bb5ca35.jpg?resize=768%2C960&amp;ssl=1 768w, https:\/\/i0.wp.com\/miradordeatarfe.es\/wp-content\/uploads\/2025\/10\/Imagen-de-WhatsApp-2025-10-15-a-las-13.34.38_4bb5ca35.jpg?resize=1024%2C1280&amp;ssl=1 1024w\" sizes=\"auto, (max-width: 640px) 100vw, 640px\" \/><\/p>\n","protected":false},"excerpt":{"rendered":"<p>La educaci\u00f3n para la igualdad es el cuarto de los Objetivos de Desarrollo Sostenible de&#8230;<\/p>\n","protected":false},"author":1,"featured_media":79451,"comment_status":"closed","ping_status":"closed","sticky":false,"template":"","format":"standard","meta":{"_coblocks_attr":"","_coblocks_dimensions":"","_coblocks_responsive_height":"","_coblocks_accordion_ie_support":"","jetpack_post_was_ever_published":false,"_jetpack_newsletter_access":"","_jetpack_dont_email_post_to_subs":false,"_jetpack_newsletter_tier_id":0,"_jetpack_memberships_contains_paywalled_content":false,"_jetpack_memberships_contains_paid_content":false,"footnotes":"","jetpack_publicize_message":"","jetpack_publicize_feature_enabled":true,"jetpack_social_post_already_shared":true,"jetpack_social_options":{"image_generator_settings":{"template":"highway","default_image_id":0,"enabled":false},"version":2}},"categories":[2,187,186,44],"tags":[],"class_list":["post-79449","post","type-post","status-publish","format-standard","has-post-thumbnail","hentry","category-atarfe","category-centros-educativos","category-instituciones","category-noticias-de-hoy"],"jetpack_publicize_connections":[],"jetpack_featured_media_url":"https:\/\/i0.wp.com\/miradordeatarfe.es\/wp-content\/uploads\/2025\/10\/f.elconfidencial.com_original_2ec_ae0_20c_2ecae020cfea08e0869d6c852c15e0b8.jpg?fit=1200%2C675&ssl=1","jetpack_likes_enabled":true,"jetpack_sharing_enabled":true,"_links":{"self":[{"href":"https:\/\/miradordeatarfe.es\/index.php?rest_route=\/wp\/v2\/posts\/79449","targetHints":{"allow":["GET"]}}],"collection":[{"href":"https:\/\/miradordeatarfe.es\/index.php?rest_route=\/wp\/v2\/posts"}],"about":[{"href":"https:\/\/miradordeatarfe.es\/index.php?rest_route=\/wp\/v2\/types\/post"}],"author":[{"embeddable":true,"href":"https:\/\/miradordeatarfe.es\/index.php?rest_route=\/wp\/v2\/users\/1"}],"replies":[{"embeddable":true,"href":"https:\/\/miradordeatarfe.es\/index.php?rest_route=%2Fwp%2Fv2%2Fcomments&post=79449"}],"version-history":[{"count":2,"href":"https:\/\/miradordeatarfe.es\/index.php?rest_route=\/wp\/v2\/posts\/79449\/revisions"}],"predecessor-version":[{"id":79453,"href":"https:\/\/miradordeatarfe.es\/index.php?rest_route=\/wp\/v2\/posts\/79449\/revisions\/79453"}],"wp:featuredmedia":[{"embeddable":true,"href":"https:\/\/miradordeatarfe.es\/index.php?rest_route=\/wp\/v2\/media\/79451"}],"wp:attachment":[{"href":"https:\/\/miradordeatarfe.es\/index.php?rest_route=%2Fwp%2Fv2%2Fmedia&parent=79449"}],"wp:term":[{"taxonomy":"category","embeddable":true,"href":"https:\/\/miradordeatarfe.es\/index.php?rest_route=%2Fwp%2Fv2%2Fcategories&post=79449"},{"taxonomy":"post_tag","embeddable":true,"href":"https:\/\/miradordeatarfe.es\/index.php?rest_route=%2Fwp%2Fv2%2Ftags&post=79449"}],"curies":[{"name":"wp","href":"https:\/\/api.w.org\/{rel}","templated":true}]}}