{"id":79458,"date":"2025-10-19T11:23:11","date_gmt":"2025-10-19T09:23:11","guid":{"rendered":"https:\/\/miradordeatarfe.es\/?p=79458"},"modified":"2025-10-15T18:02:30","modified_gmt":"2025-10-15T16:02:30","slug":"atarfe-charla-coloquio-con-miguel-rios","status":"publish","type":"post","link":"https:\/\/miradordeatarfe.es\/?p=79458","title":{"rendered":"ATARFE: Charla-Coloquio con Miguel R\u00edos"},"content":{"rendered":"<div class=\"elementor-column elementor-col-50 elementor-top-column elementor-element elementor-element-460eca25\" data-id=\"460eca25\" data-element_type=\"column\">\n<div class=\"elementor-widget-wrap elementor-element-populated\">\n<div class=\"elementor-element elementor-element-5c47b368 elementor-widget elementor-widget-theme-post-content\" data-id=\"5c47b368\" data-element_type=\"widget\" data-widget_type=\"theme-post-content.default\">\n<div class=\"elementor-widget-container\">\n<h3>La Fundaci\u00f3n Miguel R\u00edos invita al p\u00fablico a participar en una <strong>charla-coloquio con Miguel R\u00edos<\/strong>, que tendr\u00e1 lugar el pr\u00f3ximo <strong>mi\u00e9rcoles 22 de octubre a las 18:30 horas<\/strong> en el <strong>Centro Cultural Medina Elvira (Atarfe)<\/strong>.<\/h3>\n<p>En este encuentro, Miguel R\u00edos conversar\u00e1 sobre su trayectoria profesional, su visi\u00f3n de la m\u00fasica y la labor solidaria que impulsa la Fundaci\u00f3n Miguel R\u00edos, compartiendo reflexiones sobre los valores que han acompa\u00f1ado su carrera y su compromiso con la cultura y la sociedad.<mark class=\"has-inline-color has-vivid-red-color\"><\/mark><\/p>\n<\/div>\n<\/div>\n<\/div>\n<\/div>\n<p class=\"zfr3Q CDt4Ke \" dir=\"ltr\"><span class=\"C9DxTc \">Un encuentro \u00fanico con una de las grandes voces de la historia de la m\u00fasica espa\u00f1ola.<\/span><\/p>\n<p class=\"zfr3Q CDt4Ke \" dir=\"ltr\"><strong><span class=\"C9DxTc \">&#x1f4c5; <\/span><span class=\"C9DxTc \">Mi\u00e9rcoles, 22 de octubre<\/span><\/strong><\/p>\n<p class=\"zfr3Q CDt4Ke \" dir=\"ltr\"><strong><span class=\"C9DxTc \">&#x1f560; 18:30 h<\/span><\/strong><\/p>\n<p class=\"zfr3Q CDt4Ke \" dir=\"ltr\"><strong><span class=\"C9DxTc \">&#x1f4cd; Centro Cultural Medina Elvira<\/span><\/strong><\/p>\n<p class=\"zfr3Q CDt4Ke \" dir=\"ltr\"><span class=\"C9DxTc \">El m\u00edtico <strong>Miguel R\u00edos<\/strong> participar\u00e1 en una charla-coloquio junto al periodista <strong>Agust\u00edn Mart\u00ednez,<\/strong> donde compartir\u00e1n reflexiones sobre la m\u00fasica, la vida y la solidaridad a trav\u00e9s de la Fundaci\u00f3n Miguel R\u00edos.<\/span><\/p>\n<p>El objetivo de la Fundaci\u00f3n MIGUEL RIOS es dar continuidad a la labor cultural y social de la destacada personalidad Miguel R\u00edos, con el fin de continuar promoviendo y transmitiendo sus valores a largo plazo.\u00a0Su contribuci\u00f3n a que el rock forme parte de nuestra cultura y nuestra memoria sentimental. Miguel Rios es la mejor voz de nuestro rock; Sus temas forman parte de la memoria colectiva; 60 a\u00f1os de larga y exitosa carrera; Invent\u00f3 giras y grab\u00f3 discos en directo cuando no exist\u00edan medios; Impulsor de la cultura y el rock en espa\u00f1ol aqu\u00ed y en Hispanoam\u00e9rica; Tiene el cari\u00f1o del p\u00fablico por su singularidad y carisma.<\/p>\n<p>Sus compa\u00f1eros lo consideran un \u201cmaestro\u201d, que se ha esforzado en dignificar el oficio de la m\u00fasica.<\/p>\n<p>Por lo tanto, nace con un doble inter\u00e9s de partida: cultural y social. De ah\u00ed el sobrenombre de \u00abPor el Rock y la Solidaridad\u00bb<\/p>\n<p class=\"zfr3Q CDt4Ke \" dir=\"ltr\"><span class=\"C9DxTc \">&#x1f39f;&#xfe0f; Consigue tu invitaci\u00f3n gratuita en &#x1f449; <\/span><a class=\"XqQF9c\" href=\"https:\/\/www.giglon.com\/todos?idEvent=participa-atarfe-charla-coloquio-entre-miguel-rios-y-agustin-martinez\" target=\"_blank\" rel=\"noopener\"><span class=\"C9DxTc aw5Odc \">https:\/\/www.giglon.com\/todos?idEvent=participa-atarfe-charla-coloquio-entre-miguel-rios-y-agustin-martinez<\/span><\/a><\/p>\n<p>La invitaci\u00f3n tambi\u00e9n est\u00e1 disponible desde hoy en la <strong>taquilla del Centro Cultural Medina Elvira<\/strong>.<\/p>\n<p class=\"zfr3Q CDt4Ke \" dir=\"ltr\">Organizan las Concejal\u00edas de Participaci\u00f3n Ciudadana y Cultura del Ayuntamiento de Atarfe, con la colaboraci\u00f3n de la Fundaci\u00f3n Miguel R\u00edos.<\/p>\n<p dir=\"ltr\"><img data-recalc-dims=\"1\" loading=\"lazy\" decoding=\"async\" class=\"alignnone wp-image-79460 size-full\" src=\"https:\/\/i0.wp.com\/miradordeatarfe.es\/wp-content\/uploads\/2025\/10\/unnamed-3.jpg?resize=640%2C800&#038;ssl=1\" alt=\"\" width=\"640\" height=\"800\" srcset=\"https:\/\/i0.wp.com\/miradordeatarfe.es\/wp-content\/uploads\/2025\/10\/unnamed-3.jpg?w=1080&amp;ssl=1 1080w, https:\/\/i0.wp.com\/miradordeatarfe.es\/wp-content\/uploads\/2025\/10\/unnamed-3.jpg?resize=240%2C300&amp;ssl=1 240w, https:\/\/i0.wp.com\/miradordeatarfe.es\/wp-content\/uploads\/2025\/10\/unnamed-3.jpg?resize=819%2C1024&amp;ssl=1 819w, https:\/\/i0.wp.com\/miradordeatarfe.es\/wp-content\/uploads\/2025\/10\/unnamed-3.jpg?resize=768%2C960&amp;ssl=1 768w, https:\/\/i0.wp.com\/miradordeatarfe.es\/wp-content\/uploads\/2025\/10\/unnamed-3.jpg?resize=1024%2C1280&amp;ssl=1 1024w\" sizes=\"auto, (max-width: 640px) 100vw, 640px\" \/><\/p>\n","protected":false},"excerpt":{"rendered":"<p>La Fundaci\u00f3n Miguel R\u00edos invita al p\u00fablico a participar en una charla-coloquio con Miguel R\u00edos,&#8230;<\/p>\n","protected":false},"author":1,"featured_media":79459,"comment_status":"closed","ping_status":"closed","sticky":false,"template":"","format":"standard","meta":{"_coblocks_attr":"","_coblocks_dimensions":"","_coblocks_responsive_height":"","_coblocks_accordion_ie_support":"","jetpack_post_was_ever_published":false,"_jetpack_newsletter_access":"","_jetpack_dont_email_post_to_subs":false,"_jetpack_newsletter_tier_id":0,"_jetpack_memberships_contains_paywalled_content":false,"_jetpack_memberships_contains_paid_content":false,"footnotes":"","jetpack_publicize_message":"","jetpack_publicize_feature_enabled":true,"jetpack_social_post_already_shared":true,"jetpack_social_options":{"image_generator_settings":{"template":"highway","default_image_id":0,"enabled":false},"version":2}},"categories":[12,1161,186,44,10801],"tags":[],"class_list":["post-79458","post","type-post","status-publish","format-standard","has-post-thumbnail","hentry","category-cultura","category-ciudadania","category-instituciones","category-noticias-de-hoy","category-participa-atarfe"],"jetpack_publicize_connections":[],"jetpack_featured_media_url":"https:\/\/i0.wp.com\/miradordeatarfe.es\/wp-content\/uploads\/2025\/10\/03-Fundacion-miguel-rios_Concierto-O-Grove-1-on.jpg?fit=1024%2C625&ssl=1","jetpack_likes_enabled":true,"jetpack_sharing_enabled":true,"_links":{"self":[{"href":"https:\/\/miradordeatarfe.es\/index.php?rest_route=\/wp\/v2\/posts\/79458","targetHints":{"allow":["GET"]}}],"collection":[{"href":"https:\/\/miradordeatarfe.es\/index.php?rest_route=\/wp\/v2\/posts"}],"about":[{"href":"https:\/\/miradordeatarfe.es\/index.php?rest_route=\/wp\/v2\/types\/post"}],"author":[{"embeddable":true,"href":"https:\/\/miradordeatarfe.es\/index.php?rest_route=\/wp\/v2\/users\/1"}],"replies":[{"embeddable":true,"href":"https:\/\/miradordeatarfe.es\/index.php?rest_route=%2Fwp%2Fv2%2Fcomments&post=79458"}],"version-history":[{"count":1,"href":"https:\/\/miradordeatarfe.es\/index.php?rest_route=\/wp\/v2\/posts\/79458\/revisions"}],"predecessor-version":[{"id":79461,"href":"https:\/\/miradordeatarfe.es\/index.php?rest_route=\/wp\/v2\/posts\/79458\/revisions\/79461"}],"wp:featuredmedia":[{"embeddable":true,"href":"https:\/\/miradordeatarfe.es\/index.php?rest_route=\/wp\/v2\/media\/79459"}],"wp:attachment":[{"href":"https:\/\/miradordeatarfe.es\/index.php?rest_route=%2Fwp%2Fv2%2Fmedia&parent=79458"}],"wp:term":[{"taxonomy":"category","embeddable":true,"href":"https:\/\/miradordeatarfe.es\/index.php?rest_route=%2Fwp%2Fv2%2Fcategories&post=79458"},{"taxonomy":"post_tag","embeddable":true,"href":"https:\/\/miradordeatarfe.es\/index.php?rest_route=%2Fwp%2Fv2%2Ftags&post=79458"}],"curies":[{"name":"wp","href":"https:\/\/api.w.org\/{rel}","templated":true}]}}