{"id":79462,"date":"2025-10-21T11:30:12","date_gmt":"2025-10-21T09:30:12","guid":{"rendered":"https:\/\/miradordeatarfe.es\/?p=79462"},"modified":"2025-10-20T12:12:21","modified_gmt":"2025-10-20T10:12:21","slug":"la-historia-cobra-vida-en-atarfe-ruta-de-las-trincheras-teatralizada","status":"publish","type":"post","link":"https:\/\/miradordeatarfe.es\/?p=79462","title":{"rendered":"La historia cobra vida en Atarfe: \u00a1Ruta de las Trincheras Teatralizada!\u00a0"},"content":{"rendered":"<div class=\"oKdM2c ZZyype Kzv0Me\">\n<div id=\"h.1856b8219102afb4_6\" class=\"hJDwNd-AhqUyc-OwsYgb Ft7HRd-AhqUyc-OwsYgb jXK9ad D2fZ2 zu5uec OjCsFc dmUFtb\">\n<div class=\"jXK9ad-SmKAyb\">\n<div class=\"tyJCtd mGzaTb Depvyb baZpAe\">\n<h3 class=\"CjVfdc\"><span class=\"C9DxTc \">El <\/span><span class=\"C9DxTc \">s\u00e1bado 25 de octubre<\/span><span class=\"C9DxTc \">, dentro de nuestras <\/span><span class=\"C9DxTc \">rutas culturales<\/span><span class=\"C9DxTc \">, llega una propuesta diferente:<\/span><span class=\"C9DxTc \">\u00a0<span class=\"C9DxTc \">La Ruta de las Trincheras de Atarfe\u2026 \u00a1TEATRALIZADA!<\/span><\/span><\/h3>\n<\/div>\n<\/div>\n<\/div>\n<\/div>\n<div class=\"oKdM2c ZZyype\">\n<div id=\"h.1856b8219102afb4_8\" class=\"hJDwNd-AhqUyc-OwsYgb Ft7HRd-AhqUyc-OwsYgb jXK9ad D2fZ2 zu5uec wHaque g5GTcb\">\n<div class=\"jXK9ad-SmKAyb\">\n<div class=\"tyJCtd mGzaTb Depvyb baZpAe\">\n<p class=\"zfr3Q CDt4Ke \" dir=\"ltr\"><span class=\"C9DxTc \">Revive la historia desde dentro: escenas, personajes y emociones que te transportar\u00e1n a los tiempos de la Guerra Civil en un recorrido lleno de memoria y arte.visitar en esta ocasi\u00f3n una posici\u00f3n del bando nacional situada en los Llanos de Silva, una zona amesetada junto al R\u00edo Colomera, y que pertenece al t\u00e9rmino municipal de Atarfe. Nos encontramos en primera l\u00ednea de frente, pues a s\u00f3lo 600 metros ya tenemos posiciones republicanas. De hecho gran parte de esta meseta de los Llanos de Silva fue tierra de nadie.Recuperar la historia del olvido y ponerla al servicio de las generaciones presentes y futuras es un trabajo arduo que precisa de mucho estudio y, por encima de todo, de tiempo.<\/span><\/p>\n<p class=\"zfr3Q CDt4Ke \" dir=\"ltr\"><span class=\"C9DxTc \">&#x1f558; <\/span><strong><span class=\"C9DxTc \">Salida:<\/span><span class=\"C9DxTc \"> 9:00 h en autob\u00fas desde el Centro Cultural Medina Elvira (con destino al Pantano de Cubillas)<\/span><span class=\"C9DxTc \"><br \/>\n<\/span><span class=\"C9DxTc \">&#x1f550; <\/span><span class=\"C9DxTc \">Regreso:<\/span><span class=\"C9DxTc \"> 13:00 h<\/span><span class=\"C9DxTc \"><br \/>\n<\/span><span class=\"C9DxTc \">&#x1f4cd; <\/span><span class=\"C9DxTc \">Inscripciones \u00a1YA!:<\/span><span class=\"C9DxTc \"> en el Centro Cultural Medina Elvira<\/span><span class=\"C9DxTc \"><br \/>\n<\/span><span class=\"C9DxTc \">&#x26a0;&#xfe0f; <\/span><span class=\"C9DxTc \">Plazas limitadas<\/span><\/strong><\/p>\n<p class=\"zfr3Q CDt4Ke \" dir=\"ltr\"><span class=\"C9DxTc \">Una forma distinta de conocer nuestro pasado\u2026 y emocionarte con \u00e9l<\/span><\/p>\n<p dir=\"ltr\"><img data-recalc-dims=\"1\" loading=\"lazy\" decoding=\"async\" class=\"alignnone wp-image-79463 size-full\" src=\"https:\/\/i0.wp.com\/miradordeatarfe.es\/wp-content\/uploads\/2025\/10\/viznar.jpg?resize=640%2C800&#038;ssl=1\" alt=\"\" width=\"640\" height=\"800\" srcset=\"https:\/\/i0.wp.com\/miradordeatarfe.es\/wp-content\/uploads\/2025\/10\/viznar.jpg?w=1080&amp;ssl=1 1080w, https:\/\/i0.wp.com\/miradordeatarfe.es\/wp-content\/uploads\/2025\/10\/viznar.jpg?resize=240%2C300&amp;ssl=1 240w, https:\/\/i0.wp.com\/miradordeatarfe.es\/wp-content\/uploads\/2025\/10\/viznar.jpg?resize=819%2C1024&amp;ssl=1 819w, https:\/\/i0.wp.com\/miradordeatarfe.es\/wp-content\/uploads\/2025\/10\/viznar.jpg?resize=768%2C960&amp;ssl=1 768w, https:\/\/i0.wp.com\/miradordeatarfe.es\/wp-content\/uploads\/2025\/10\/viznar.jpg?resize=1024%2C1280&amp;ssl=1 1024w\" sizes=\"auto, (max-width: 640px) 100vw, 640px\" \/><\/p>\n<\/div>\n<\/div>\n<\/div>\n<\/div>\n","protected":false},"excerpt":{"rendered":"<p>El s\u00e1bado 25 de octubre, dentro de nuestras rutas culturales, llega una propuesta diferente:\u00a0La Ruta&#8230;<\/p>\n","protected":false},"author":1,"featured_media":79464,"comment_status":"closed","ping_status":"closed","sticky":false,"template":"","format":"standard","meta":{"_coblocks_attr":"","_coblocks_dimensions":"","_coblocks_responsive_height":"","_coblocks_accordion_ie_support":"","jetpack_post_was_ever_published":false,"_jetpack_newsletter_access":"","_jetpack_dont_email_post_to_subs":false,"_jetpack_newsletter_tier_id":0,"_jetpack_memberships_contains_paywalled_content":false,"_jetpack_memberships_contains_paid_content":false,"footnotes":"","jetpack_publicize_message":"","jetpack_publicize_feature_enabled":true,"jetpack_social_post_already_shared":true,"jetpack_social_options":{"image_generator_settings":{"template":"highway","default_image_id":0,"enabled":false},"version":2}},"categories":[12,186,44,7671],"tags":[],"class_list":["post-79462","post","type-post","status-publish","format-standard","has-post-thumbnail","hentry","category-cultura","category-instituciones","category-noticias-de-hoy","category-politica"],"jetpack_publicize_connections":[],"jetpack_featured_media_url":"https:\/\/i0.wp.com\/miradordeatarfe.es\/wp-content\/uploads\/2025\/10\/13102018-DSC_2572-2048x1356-1.jpg?fit=2048%2C1356&ssl=1","jetpack_likes_enabled":true,"jetpack_sharing_enabled":true,"_links":{"self":[{"href":"https:\/\/miradordeatarfe.es\/index.php?rest_route=\/wp\/v2\/posts\/79462","targetHints":{"allow":["GET"]}}],"collection":[{"href":"https:\/\/miradordeatarfe.es\/index.php?rest_route=\/wp\/v2\/posts"}],"about":[{"href":"https:\/\/miradordeatarfe.es\/index.php?rest_route=\/wp\/v2\/types\/post"}],"author":[{"embeddable":true,"href":"https:\/\/miradordeatarfe.es\/index.php?rest_route=\/wp\/v2\/users\/1"}],"replies":[{"embeddable":true,"href":"https:\/\/miradordeatarfe.es\/index.php?rest_route=%2Fwp%2Fv2%2Fcomments&post=79462"}],"version-history":[{"count":1,"href":"https:\/\/miradordeatarfe.es\/index.php?rest_route=\/wp\/v2\/posts\/79462\/revisions"}],"predecessor-version":[{"id":79465,"href":"https:\/\/miradordeatarfe.es\/index.php?rest_route=\/wp\/v2\/posts\/79462\/revisions\/79465"}],"wp:featuredmedia":[{"embeddable":true,"href":"https:\/\/miradordeatarfe.es\/index.php?rest_route=\/wp\/v2\/media\/79464"}],"wp:attachment":[{"href":"https:\/\/miradordeatarfe.es\/index.php?rest_route=%2Fwp%2Fv2%2Fmedia&parent=79462"}],"wp:term":[{"taxonomy":"category","embeddable":true,"href":"https:\/\/miradordeatarfe.es\/index.php?rest_route=%2Fwp%2Fv2%2Fcategories&post=79462"},{"taxonomy":"post_tag","embeddable":true,"href":"https:\/\/miradordeatarfe.es\/index.php?rest_route=%2Fwp%2Fv2%2Ftags&post=79462"}],"curies":[{"name":"wp","href":"https:\/\/api.w.org\/{rel}","templated":true}]}}