{"id":79466,"date":"2025-10-16T10:28:45","date_gmt":"2025-10-16T08:28:45","guid":{"rendered":"https:\/\/miradordeatarfe.es\/?p=79466"},"modified":"2025-10-15T18:38:08","modified_gmt":"2025-10-15T16:38:08","slug":"los-jovenes-encabezan-una-manifestacion-con-mas-de-3-000-asistentes-por-la-libertad-de-palestina","status":"publish","type":"post","link":"https:\/\/miradordeatarfe.es\/?p=79466","title":{"rendered":"Los j\u00f3venes encabezan una manifestaci\u00f3n con m\u00e1s de 3.000 asistentes por la libertad de Palestina"},"content":{"rendered":"<div class=\"v-a v-a--d v-a--d-b v-a--p-b\">\n<div class=\"v-a-info-c \">\n<h3 class=\"v-a-sub-t \" style=\"text-align: justify;\">Durante el recorrido, los participantes en la marcha se han parado frente a varios reconocidos negocios a los que han acusado a gritos de financiar el genocidio<\/h3>\n<\/div>\n<\/div>\n<div class=\"v-d v-d--ab-c v-d--b\" style=\"text-align: justify;\" data-mrf-recirculation=\"Links articulo\">\n<div class=\"v-mdl-ath \" data-mrf-recirculation=\"Autor\">\n<div class=\"v-mdl-ath__c v-mdl-ath__c--1\">\n<div class=\"v-mdl-ath__inf\">\n<p class=\"v-mdl-ath__p v-mdl-ath__p--3\">Casi dos horas se ha alargado la manifestaci\u00f3n a favor de Palestina que se ha desarrollado este mi\u00e9rcoles por el Centro de la ciudad. Pasadas <span class=\"paywall pw-open\">las doce, los manifestantes part\u00edan del Triunfo con pancartas a favor de Palestina y contra el genocidio y banderas de Palestina ondeando. <\/span><\/p>\n<\/div>\n<\/div>\n<\/div>\n<\/div>\n<div class=\"paywall\" style=\"text-align: justify;\" data-mrf-recirculation=\"Link art\u00edculos\">\n<p class=\"v-p\">Los j\u00f3venes han sido inmensa mayor\u00eda en una protesta con m\u00e1s de 3.000 asientes, seg\u00fan fuentes policiales, que ha atravesado la ciudad al grito de \u00abIsrael genocida\u00bb, \u00abno es terrorismo, es resistencia\u00bb o \u00abPalestina vencer\u00e1\u00bb. Los manifestantes han reclamado una \u00abpaz real\u00bb y han vertido cr\u00edticas al Gobierno de Pedro S\u00e1nchez, al que le han reclamado sanciones m\u00e1s contundentes, o contra la presidenta de la Comunidad de Madrid, Isabel D\u00edaz Ayuso.<\/p>\n<p class=\"v-p\">Durante el recorrido, los participantes en la marcha se han parado frente a varios reconocidos negocios a los que han acusado a gritos de financiar el genocidio en Palestina. Una cafeter\u00eda de una cadena internacional ha optado por bajar la persiana antes de que los manifestantes pasaran y la Polic\u00eda ha velado en todo momento por una tranquilidad que nunca se ha perdido.<\/p>\n<div class=\"v-c-cmp v-c-cmp--s\">\n<div class=\"v-cmp-m \">\n<div class=\"v-a v-a--cmp-m v-a--cmp-m-g\">\n<div class=\"v-a-img-c \">\n<figure class=\"v-a-fig\"><a class=\"v-a-link\" title=\"\" href=\"https:\/\/www.ideal.es\/granada\/imagenes-manifestacion-granada-palestina-20251015143657-ga.html\" data-voc-vtm-id=\"in-text-traffic\" aria-label=\"Imagen\" data-mrf-link=\"https:\/\/www.ideal.es\/granada\/imagenes-manifestacion-granada-palestina-20251015143657-ga.html\"> <img data-recalc-dims=\"1\" loading=\"lazy\" decoding=\"async\" class=\"v-a-img\" src=\"https:\/\/i0.wp.com\/s3.ppllstatics.com\/ideal\/www\/multimedia\/2025\/10\/15\/WhatsApp%20Image%202025-10-15%20at%2014.31.33%20%281%29-U2201726388783XXE-U23033829612202jC-650x455%40Ideal.jpeg?resize=640%2C448&#038;ssl=1\" alt=\"\" width=\"640\" height=\"448\" data-voc-vtm-id=\"in-text-traffic\" \/><\/a><\/figure>\n<\/div>\n<\/div>\n<\/div>\n<\/div>\n<\/div>\n<div class=\"v-c-cmp v-c-cmp--s\" style=\"text-align: justify;\">\n<div class=\"v-cmp-m \">\n<div class=\"v-a v-a--cmp-m v-a--cmp-m-g\">\n<div class=\"v-a-img-c \">\n<figure class=\"v-a-fig\"><figcaption class=\"v-fc\"><span class=\"v-fc__p\">Pepe Mar\u00edn <\/span><\/figcaption><\/figure>\n<\/div>\n<\/div>\n<\/div>\n<\/div>\n<p class=\"v-p\" style=\"text-align: justify;\">A lo largo del avance de la protesta cada se han ido sumando m\u00e1s manifestantes que han insistido en reclamar una paz \u00abjusta\u00bb parla los palestinos y han emitido mensajes en contra del sionismo.<\/p>\n<p class=\"v-p\" style=\"text-align: justify;\">Sindicatos y asociaciones de estudiantes han encabezado la mayor parte de las pancartas, muchos de ellos ataviados con el reconocible pa\u00f1uelo llamado com\u00fanmente palestino.<\/p>\n<p class=\"v-p\" style=\"text-align: justify;\">Por todo el pa\u00eds se han repetido manifestaciones de este tipo que coinciden con la convocatoria de huelga general para hoy 15 de octubre.<\/p>\n<div class=\"v-c-cmp v-c-cmp--t1 v-bdr-t-b\">\n<div class=\"v-cmp-exp\">\n<div class=\"v-a v-a--cmp-exp v-a--p-t\">\n<div class=\"v-a-info-c \">\n<h3 class=\"v-a-t\" style=\"text-align: justify;\">Unos 200 universitarios se encierran en Filosof\u00eda y Bellas Artes como se\u00f1al de apoyo a Palestina<\/h3>\n<p class=\"v-p\" style=\"text-align: justify;\">Los universitarios han sido protagonistas de la jornada de paro convocada este mi\u00e9rcoles para pedir la libertad para Palestina y que se frene el genocidio. La Universidad de Granada ha afirmado que el d\u00eda ha transcurrido sin incidentes, aunque s\u00ed ha confirmado que se han producido encierros de alumnos en algunas facultades. En concreto, los encierros comenzaron anoche con un centenar de personas en Filosof\u00eda y Letras y un grupo similar en Bellas Artes. Aunque el acto de protesta ha transcurrido con normalidad. Esta ma\u00f1ana, antes de la manifestaci\u00f3n general, otros dos centenares de j\u00f3venes han protestado tambi\u00e9n en la puerta del Hospital Real. En la facultad de Pol\u00edticas tambi\u00e9n hab\u00eda pancartas colgadas en el hall animando a la manifestaci\u00f3n.<\/p>\n<div class=\"v-mdl-ath__inf\">\n<p class=\"v-mdl-ath__p v-mdl-ath__p--2\" style=\"text-align: justify;\"><strong><a href=\"https:\/\/www.ideal.es\/autor\/rebeca-alcantara-2427.html\" data-mrf-link=\"https:\/\/www.ideal.es\/autor\/rebeca-alcantara-2427.html\">Rebeca Alc\u00e1ntara<\/a><\/strong><\/p>\n<p>FOTO: <span class=\"v-fc__t\">Los manifestantes, entres los que hay un gran n\u00famero de j\u00f3venes estudiantes, claman por la libertad del pueblo palestino y exigen \u00abuna paz real\u00bb.<\/span> <span class=\"v-fc__p\">Pepe Mar\u00edn<\/span><\/p>\n<p>https:\/\/www.ideal.es\/granada\/cientos-granadinos-claman-libertad-palestina-fin-genocidio-20251015124139-nt.html<\/p>\n<\/div>\n<\/div>\n<\/div>\n<\/div>\n<\/div>\n","protected":false},"excerpt":{"rendered":"<p>Durante el recorrido, los participantes en la marcha se han parado frente a varios reconocidos&#8230;<\/p>\n","protected":false},"author":1,"featured_media":79467,"comment_status":"closed","ping_status":"closed","sticky":false,"template":"","format":"standard","meta":{"_coblocks_attr":"","_coblocks_dimensions":"","_coblocks_responsive_height":"","_coblocks_accordion_ie_support":"","jetpack_post_was_ever_published":false,"_jetpack_newsletter_access":"","_jetpack_dont_email_post_to_subs":false,"_jetpack_newsletter_tier_id":0,"_jetpack_memberships_contains_paywalled_content":false,"_jetpack_memberships_contains_paid_content":false,"footnotes":"","jetpack_publicize_message":"","jetpack_publicize_feature_enabled":true,"jetpack_social_post_already_shared":true,"jetpack_social_options":{"image_generator_settings":{"template":"highway","default_image_id":0,"enabled":false},"version":2}},"categories":[10781,44,10806],"tags":[],"class_list":["post-79466","post","type-post","status-publish","format-standard","has-post-thumbnail","hentry","category-granada","category-noticias-de-hoy","category-palestina"],"jetpack_publicize_connections":[],"jetpack_featured_media_url":"https:\/\/i0.wp.com\/miradordeatarfe.es\/wp-content\/uploads\/2025\/10\/WhatsApp-Image-2025-10-15-at-14.31.52.webp?fit=1600%2C1066&ssl=1","jetpack_likes_enabled":true,"jetpack_sharing_enabled":true,"_links":{"self":[{"href":"https:\/\/miradordeatarfe.es\/index.php?rest_route=\/wp\/v2\/posts\/79466","targetHints":{"allow":["GET"]}}],"collection":[{"href":"https:\/\/miradordeatarfe.es\/index.php?rest_route=\/wp\/v2\/posts"}],"about":[{"href":"https:\/\/miradordeatarfe.es\/index.php?rest_route=\/wp\/v2\/types\/post"}],"author":[{"embeddable":true,"href":"https:\/\/miradordeatarfe.es\/index.php?rest_route=\/wp\/v2\/users\/1"}],"replies":[{"embeddable":true,"href":"https:\/\/miradordeatarfe.es\/index.php?rest_route=%2Fwp%2Fv2%2Fcomments&post=79466"}],"version-history":[{"count":2,"href":"https:\/\/miradordeatarfe.es\/index.php?rest_route=\/wp\/v2\/posts\/79466\/revisions"}],"predecessor-version":[{"id":79469,"href":"https:\/\/miradordeatarfe.es\/index.php?rest_route=\/wp\/v2\/posts\/79466\/revisions\/79469"}],"wp:featuredmedia":[{"embeddable":true,"href":"https:\/\/miradordeatarfe.es\/index.php?rest_route=\/wp\/v2\/media\/79467"}],"wp:attachment":[{"href":"https:\/\/miradordeatarfe.es\/index.php?rest_route=%2Fwp%2Fv2%2Fmedia&parent=79466"}],"wp:term":[{"taxonomy":"category","embeddable":true,"href":"https:\/\/miradordeatarfe.es\/index.php?rest_route=%2Fwp%2Fv2%2Fcategories&post=79466"},{"taxonomy":"post_tag","embeddable":true,"href":"https:\/\/miradordeatarfe.es\/index.php?rest_route=%2Fwp%2Fv2%2Ftags&post=79466"}],"curies":[{"name":"wp","href":"https:\/\/api.w.org\/{rel}","templated":true}]}}