{"id":79474,"date":"2025-10-18T08:49:03","date_gmt":"2025-10-18T06:49:03","guid":{"rendered":"https:\/\/miradordeatarfe.es\/?p=79474"},"modified":"2025-10-18T20:33:46","modified_gmt":"2025-10-18T18:33:46","slug":"sin-justicia-no-habra-paz","status":"publish","type":"post","link":"https:\/\/miradordeatarfe.es\/?p=79474","title":{"rendered":"Sin justicia no habr\u00e1 paz"},"content":{"rendered":"<div class=\"image-module desktop:max-w-660 mx-auto mb-7 desktop:mb-14\">\n<div class=\"main-image image mb-5 relative\">\n<div class=\"flex flex-col items-start justify-center desktop:bottom-3 w-full py-3 pr-3\" style=\"text-align: justify;\">Que las bombas hayan dejado de caer sobre Gaza es sin duda una buena noticia. Quienes llevan ya dos a\u00f1os viviendo el horror, el genocidio en primera persona, celebran este alto el fuego acordado por todas las facciones de la resistencia como una oportunidad m\u00e1s para para seguir viviendo, sin perder de vista lo sucedido y los retos que el pueblo palestino tiene ahora por delante. Otra cosa es el parip\u00e9 que Donald Trump, art\u00edfice del acuerdo, y la camarilla de l\u00edderes internacionales que acudieron a su besamanos en Egipto para rubricarlo, se arroguen el \u00e9xito.\u00a0<\/div>\n<\/div>\n<\/div>\n<div id=\"body-modules\" class=\"body-modules w-full opinion first-letter:text-x5l first-letter:leading-none first-letter:mr-3 first-letter:float-left desktop:first-letter:text-x5l4\" data-original-first-letter-text-size=\"text-x5l:text-x5l4\">\n<p class=\"paragraph text-xl pb-7 w-full text-pretty [&amp;_a]:text-link-normal dark:[&amp;_a]:text-link-dark [&amp;_a]:decoration-1 [&amp;_a:hover]:underline [&amp;_a:hover]:text-link-hover [&amp;_a:hover]:decoration-2 [&amp;_b_a]:text-link-normal dark:[&amp;_b_a]:text-link-dark [&amp;_b_a]:decoration-1 [&amp;_b_a:hover]:underline [&amp;_b_a:hover]:text-link-hover desktop:leading-relaxed break-words font-serif\" style=\"text-align: justify;\" data-original-text-size=\"text-xl\">Trump quer\u00eda la medalla de gran pacificador, a pesar de haber sido el principal c\u00f3mplice del genocidio, y el mejor amigo de Israel, como dijo Netanyahu. \u00abComienza la era de oro para Israel y Oriente Pr\u00f3ximo\u00bb, dijo en el parlamento israel\u00ed antes de dirigirse a Egipto como anfitri\u00f3n del acuerdo. Una declaraci\u00f3n para amortiguar el fracaso israel\u00ed y promocionar la imagen del amigo norteamericano como el \u00fanico garante de su estabilidad y supremac\u00eda en la regi\u00f3n. Si Israel ha firmado este acuerdo es porque sab\u00eda que no iba a vencer, aunque arrasase Gaza por completo. Este alto el fuego no es ni mucho menos una victoria de Israel, que nunca logr\u00f3 sus objetivos de acabar con la resistencia y liberar por su cuenta a sus rehenes. As\u00ed lo est\u00e1n diciendo abiertamente algunas voces desde el mismo gobierno, aunque el plan de Netanyahu sea venderlo como una victoria.<\/p>\n<p class=\"paragraph text-xl pb-7 w-full text-pretty [&amp;_a]:text-link-normal dark:[&amp;_a]:text-link-dark [&amp;_a]:decoration-1 [&amp;_a:hover]:underline [&amp;_a:hover]:text-link-hover [&amp;_a:hover]:decoration-2 [&amp;_b_a]:text-link-normal dark:[&amp;_b_a]:text-link-dark [&amp;_b_a]:decoration-1 [&amp;_b_a:hover]:underline [&amp;_b_a:hover]:text-link-hover desktop:leading-relaxed break-words font-serif\" style=\"text-align: justify;\" data-original-text-size=\"text-xl\">El plan firmado est\u00e1 plagado de ambig\u00fcedades que, lejos de poner fin al conflicto, augura una nueva era de tensiones en la que, eso s\u00ed, la causa palestina est\u00e1 m\u00e1s apoyada y legitimada, y la imagen y la estabilidad de Israel m\u00e1s maltrecha que nunca. La resistencia palestina celebra la firma del acuerdo porque pone fin al genocidio y demuestra que Israel no ha conseguido sus objetivos. Pero sabe que tan solo es un par\u00e9ntesis en una carrera de fondo que no est\u00e1 dispuesta a abandonar. La prosperidad econ\u00f3mica de Israel, su seguridad y su credibilidad est\u00e1n peor que nunca, y las cr\u00edticas internas a Netanyahu por haber herido as\u00ed su proyecto colonial para salvar su puesto, no han dejado de crecer, al tiempo que sus aliados lo ven cada vez m\u00e1s como un amigo t\u00f3xico al que mejor no arrimarse demasiado.<\/p>\n<div class=\"related-intext bg-warm-gray-100 px-5 -mx-5 py-5 mb-10 desktop:bg-lightmode desktop:border-t-2 desktop:border-b-2 desktop:border-warm-gray-300 desktop:dark:border-cold-gray-500 desktop:mx-0 desktop:px-1 desktop:mt-6 desktop:mb-12 dark:bg-cold-gray-700 dark:desktop:bg-darkmode\" style=\"text-align: justify;\">\n<div class=\"pb-2 text-xl4 font-serif\">\n<article class=\"flex result-page listing-item\">\n<div class=\"article-details mr-3 desktop:mr-4\">\n<h3 class=\"title mb-2 text-balance desktop:text-pretty leading-tight hover:underline decoration-1 text-lg desktop:text-xl2\"><a class=\"page-link dark:text-cold-gray-100 text-lg desktop:text-xl2 font-serif font-medium\" title=\"Ver m\u00e1s informaci\u00f3n de La reconstrucci\u00f3n de Gaza costar\u00e1 al menos 70.000 millones de d\u00f3lares tras dos a\u00f1os de genocidio\" href=\"https:\/\/www.publico.es\/internacional\/reconstruccion-gaza-costara-70-000-millones-dolares-dos-anos-genocidio.html\">La reconstrucci\u00f3n de Gaza costar\u00e1 al menos 70.000 millones de d\u00f3lares tras dos a\u00f1os de genocidio<\/a><\/h3>\n<p class=\"font-sans text-base text-black text-balance dark:text-cold-gray-300\">A pesar de ello, Israel est\u00e1 tratando de venderlo como un \u00e9xito, a la vez que sus propagandistas tratan de instalar una realidad alternativa que esconda su fracaso. \u00abLas fuerzas del caos que han plagado la regi\u00f3n est\u00e1n totalmente derrotadas\u00bb, dijo Trump usando un lenguaje cuasi b\u00edblico, como toda la ret\u00f3rica que envuelve esta guerra santa del supremacismo occidental en Oriente Medio. Y aunque se celebre el alto el fuego, el plan expansionista, colonizador y genocida de Israel sigue intacto, apoyado por acci\u00f3n u omisi\u00f3n por los mismos que anteayer posaban sonrientes para la foto en Sharm el Sheij.<\/p>\n<\/div>\n<\/article>\n<\/div>\n<\/div>\n<p class=\"paragraph text-xl pb-7 w-full text-pretty [&amp;_a]:text-link-normal dark:[&amp;_a]:text-link-dark [&amp;_a]:decoration-1 [&amp;_a:hover]:underline [&amp;_a:hover]:text-link-hover [&amp;_a:hover]:decoration-2 [&amp;_b_a]:text-link-normal dark:[&amp;_b_a]:text-link-dark [&amp;_b_a]:decoration-1 [&amp;_b_a:hover]:underline [&amp;_b_a:hover]:text-link-hover desktop:leading-relaxed break-words font-serif\" style=\"text-align: justify;\" data-original-text-size=\"text-xl\">La paz que tratan de vender es un simple alto el fuego, pero no el fin del conflicto. Para el pueblo colonizado, para las v\u00edctimas del genocidio y del apartheid, la paz es la justicia, y todav\u00eda queda mucho camino para llegar a ella. Y en ese sendero, quienes posaban en la foto no son m\u00e1s que escollos y c\u00f3mplices del victimario, por mucha ret\u00f3rica cr\u00edtica que hayan usado para esquivar las protestas y la indignaci\u00f3n de sus ciudadanos, horrorizados ante la inacci\u00f3n de sus gobiernos y la impunidad permitida a Israel. Por eso, que hoy hablen de paz y se atribuyan el m\u00e9rito, es tan obsceno como hip\u00f3crita, y el mundo tiene memoria sobre el papel que cada uno de ellos ha ejercido durante todo este tiempo.<\/p>\n<p class=\"paragraph text-xl pb-7 w-full text-pretty [&amp;_a]:text-link-normal dark:[&amp;_a]:text-link-dark [&amp;_a]:decoration-1 [&amp;_a:hover]:underline [&amp;_a:hover]:text-link-hover [&amp;_a:hover]:decoration-2 [&amp;_b_a]:text-link-normal dark:[&amp;_b_a]:text-link-dark [&amp;_b_a]:decoration-1 [&amp;_b_a:hover]:underline [&amp;_b_a:hover]:text-link-hover desktop:leading-relaxed break-words font-serif\" style=\"text-align: justify;\" data-original-text-size=\"text-xl\">La paz nunca puede significar volver a lo anterior, a la normalidad de una ocupaci\u00f3n y a la constante violaci\u00f3n de la legalidad internacional y los derechos humanos. La paz no es que no lluevan bombas. La paz nunca puede significar volver a la jaula. La paz exige justicia y reparaci\u00f3n, y en Palestina todav\u00eda est\u00e1n muy lejos de ella porque quienes hoy se felicitan por el acuerdo no tienen ninguna intenci\u00f3n de facilitarla mientras mantengan al r\u00e9gimen israel\u00ed a cualquier precio. La paz ser\u00eda ver sentados en el Tribunal de la Haya a los responsables del genocidio. Ser\u00eda ver entre rejas a los pol\u00edticos y militares que lo han promovido y celebrado. Ser\u00eda romper toda relaci\u00f3n con esta colonia y facilitar que los palestinos de la di\u00e1spora puedan regresar a su pa\u00eds, tal y como establece la legalidad internacional. La paz implica un compromiso que ninguno de los figurantes de la foto de Egipto est\u00e1 dispuesto a asumir.<\/p>\n<p data-original-text-size=\"text-xl\">Por <a class=\"font-bold\" href=\"https:\/\/www.publico.es\/author\/miquel-ramos\">Miquel Ramos<\/a><\/p>\n<p data-original-text-size=\"text-xl\"><span class=\"image-description\" title=\"Trump firma la paz de la guerra de gaza en Sharm el Sheij(Egipto)\">FOTO: Trump firma la paz de la guerra de gaza en Sharm el Sheij (Egipto)<strong class=\"author ml-1.5\" title=\"Suzanne Plunkett\/DPA v\u00eda Europa Press\">Suzanne Plunkett\/DPA v\u00eda Europa Press<\/strong><\/span><\/p>\n<div id=\"main-content\" class=\"desktop:flex desktop:justify-between\">\n<div class=\"desktop:max-w-[670px] desktop:w-full desktop:min-h-[1400px]\">\n<div id=\"sub-before-text\" class=\"[&amp;_&gt;_*]:mb-7\">https:\/\/www.publico.es\/opinion\/columnas\/justicia-habra-paz.html?utm_medium=newsletter&amp;utm_campaign=captacion&amp;utm_content=hoy&amp;segment=registrados&amp;tpcc=nl_hoy0525&amp;pnespid=B_cy70Je7C4Kkl.Jtp_OC1xXvhY_2e97oQ5UG7wbPcrKgZ53zmRAXkvm7cdQn9Mfa5mk1Qi4<\/div>\n<div class=\"desktop:ml-[64px]\">\n<div class=\"mb-5 relative\">\n<div class=\"bg-warm-gray-100 dark:bg-cold-gray-700\/50 flex gap-4 w-full\">\n<div class=\"pl-3 py-3\">\u00a0<\/div>\n<div class=\"flex flex-col items-start justify-center desktop:bottom-3 w-full py-3 pr-3\">\n<p class=\"mb-1 text-xl desktop:text-xl4 leading-tight text-pretty\">\u00a0<\/p>\n<\/div>\n<\/div>\n<\/div>\n<\/div>\n<\/div>\n<\/div>\n<\/div>\n","protected":false},"excerpt":{"rendered":"<p>Que las bombas hayan dejado de caer sobre Gaza es sin duda una buena noticia&#8230;.<\/p>\n","protected":false},"author":1,"featured_media":79475,"comment_status":"closed","ping_status":"closed","sticky":false,"template":"","format":"standard","meta":{"_coblocks_attr":"","_coblocks_dimensions":"","_coblocks_responsive_height":"","_coblocks_accordion_ie_support":"","jetpack_post_was_ever_published":false,"_jetpack_newsletter_access":"","_jetpack_dont_email_post_to_subs":false,"_jetpack_newsletter_tier_id":0,"_jetpack_memberships_contains_paywalled_content":false,"_jetpack_memberships_contains_paid_content":false,"footnotes":"","jetpack_publicize_message":"","jetpack_publicize_feature_enabled":true,"jetpack_social_post_already_shared":true,"jetpack_social_options":{"image_generator_settings":{"template":"highway","default_image_id":0,"enabled":false},"version":2}},"categories":[1161,44,10806],"tags":[],"class_list":["post-79474","post","type-post","status-publish","format-standard","has-post-thumbnail","hentry","category-ciudadania","category-noticias-de-hoy","category-palestina"],"jetpack_publicize_connections":[],"jetpack_featured_media_url":"https:\/\/i0.wp.com\/miradordeatarfe.es\/wp-content\/uploads\/2025\/10\/68ee355e8d49a.jpeg?fit=990%2C557&ssl=1","jetpack_likes_enabled":true,"jetpack_sharing_enabled":true,"_links":{"self":[{"href":"https:\/\/miradordeatarfe.es\/index.php?rest_route=\/wp\/v2\/posts\/79474","targetHints":{"allow":["GET"]}}],"collection":[{"href":"https:\/\/miradordeatarfe.es\/index.php?rest_route=\/wp\/v2\/posts"}],"about":[{"href":"https:\/\/miradordeatarfe.es\/index.php?rest_route=\/wp\/v2\/types\/post"}],"author":[{"embeddable":true,"href":"https:\/\/miradordeatarfe.es\/index.php?rest_route=\/wp\/v2\/users\/1"}],"replies":[{"embeddable":true,"href":"https:\/\/miradordeatarfe.es\/index.php?rest_route=%2Fwp%2Fv2%2Fcomments&post=79474"}],"version-history":[{"count":1,"href":"https:\/\/miradordeatarfe.es\/index.php?rest_route=\/wp\/v2\/posts\/79474\/revisions"}],"predecessor-version":[{"id":79476,"href":"https:\/\/miradordeatarfe.es\/index.php?rest_route=\/wp\/v2\/posts\/79474\/revisions\/79476"}],"wp:featuredmedia":[{"embeddable":true,"href":"https:\/\/miradordeatarfe.es\/index.php?rest_route=\/wp\/v2\/media\/79475"}],"wp:attachment":[{"href":"https:\/\/miradordeatarfe.es\/index.php?rest_route=%2Fwp%2Fv2%2Fmedia&parent=79474"}],"wp:term":[{"taxonomy":"category","embeddable":true,"href":"https:\/\/miradordeatarfe.es\/index.php?rest_route=%2Fwp%2Fv2%2Fcategories&post=79474"},{"taxonomy":"post_tag","embeddable":true,"href":"https:\/\/miradordeatarfe.es\/index.php?rest_route=%2Fwp%2Fv2%2Ftags&post=79474"}],"curies":[{"name":"wp","href":"https:\/\/api.w.org\/{rel}","templated":true}]}}