{"id":7949,"date":"2016-04-04T07:20:09","date_gmt":"2016-04-04T07:20:09","guid":{"rendered":"http:\/\/miradordeatarfe.es\/?p=7949"},"modified":"2016-04-04T07:42:03","modified_gmt":"2016-04-04T07:42:03","slug":"desarrollan-un-generador-para-destruir-tumores-sin-quimioterapia","status":"publish","type":"post","link":"https:\/\/miradordeatarfe.es\/?p=7949","title":{"rendered":"Desarrollan un generador para destruir tumores sin quimioterapia"},"content":{"rendered":"<div>Con este sistema se podr\u00e1n destruir tumores s\u00f3lidos de un modo m\u00e1s r\u00e1pido y menos t\u00f3xico e invasivo que con el actual tratamiento qu\u00edmico.<\/div>\n<p><!--more--><\/p>\n<div style=\"text-align: justify;\">Un generador de pulsos de alta tensi\u00f3n para destruir tumores sin tener que utilizar la quimioterapia ha sido desarrollado por investigadores de las universidades espa\u00f1olas de Zaragoza y Pompeu Fabra (Barcelona).<\/div>\n<div style=\"text-align: justify;\"><\/div>\n<div style=\"text-align: justify;\">Con este sistema de electroporaci\u00f3n irreversible se podr\u00e1n destruir tumores s\u00f3lidos de un modo m\u00e1s r\u00e1pido, menos t\u00f3xico e invasivo que la quimioterapia y la radioterapia, seg\u00fan explic\u00f3 hoy un comunicado de la Universidad de Zaragoza. Este fen\u00f3meno consiste en la muerte de las c\u00e9lulas al ser estas incapaces de reparar los da\u00f1os que los campos el\u00e9ctricos elevados provocan en su pared celular.<\/div>\n<div style=\"text-align: justify;\"><\/div>\n<div style=\"text-align: justify;\">La electroporaci\u00f3n irreversible presenta importantes beneficios para el paciente frente a otros tratamientos m\u00e1s agresivos, ya que ni es t\u00e9rmico ni utiliza f\u00e1rmacos, aunque tambi\u00e9n podr\u00eda aplicarse en combinaci\u00f3n con las terapias m\u00e9dicas habituales para lograr una efectividad mayor y mejorar los tiempos de recuperaci\u00f3n. Esta nueva tecnolog\u00eda de aplicaci\u00f3n biom\u00e9dica ha sido publicada en su \u00faltimo n\u00famero por la revista cient\u00edfica IEEE Journal of Emerging and Selected Topics in Power Electronics.<\/div>\n<div style=\"text-align: justify;\"><\/div>\n<div style=\"text-align: justify;\">La patente ha despertado el inter\u00e9s de varias empresas, lo que permitir\u00e1 avanzar en la electroporaci\u00f3n irreversible como herramienta eficaz en la lucha contra el c\u00e1ncer. Por el momento, destac\u00f3 el centro universitario, el generador, que puede aplicar tensiones de hasta 12 kilovoltios pico a pico y corrientes de hasta 400 amperios, ha sido probado con \u00e9xito en estudios \u00abin vivo\u00bb y ha demostrado su capacidad para destruir grandes vol\u00famenes de tejido.<\/div>\n<div style=\"text-align: justify;\"><\/div>\n<div style=\"text-align: justify;\">Oscar Luc\u00eda, investigador del Grupo de Electr\u00f3nica de Potencia y Microelectr\u00f3nica, explic\u00f3 que, comprado con la quimioterapia, este sistema es \u00abm\u00e1s localizado y menos lesivo, porque no implica calentamiento t\u00e9rmico a diferencia de la radioterapia o de la radiofrecuencia\u00bb y, por tanto, la recuperaci\u00f3n es m\u00e1s r\u00e1pida y con menos secuelas.<br \/>\n<br style=\"text-align: justify;\" \/><\/div>\n<p style=\"text-align: justify;\">Fuente: Emol.com &#8211; <a href=\"http:\/\/www.emol.com\/noticias\/Tecnologia\/2016\/03\/03\/791191\/Desarrollan-un-generador-para-destruir-tumores-sin-quimioterapia.html\">http:\/\/www.emol.com\/noticias\/Tecnologia\/2016\/03\/03\/791191\/Desarrollan-un-generador-para-destruir-tumores-sin-quimioterapia.html<\/a><\/p>\n","protected":false},"excerpt":{"rendered":"<p>Con este sistema se podr\u00e1n destruir tumores s\u00f3lidos de un modo m\u00e1s r\u00e1pido y menos&#8230;<\/p>\n","protected":false},"author":1,"featured_media":7950,"comment_status":"closed","ping_status":"closed","sticky":false,"template":"","format":"standard","meta":{"_coblocks_attr":"","_coblocks_dimensions":"","_coblocks_responsive_height":"","_coblocks_accordion_ie_support":"","jetpack_post_was_ever_published":false,"_jetpack_newsletter_access":"","_jetpack_dont_email_post_to_subs":false,"_jetpack_newsletter_tier_id":0,"_jetpack_memberships_contains_paywalled_content":false,"_jetpack_memberships_contains_paid_content":false,"footnotes":"","jetpack_publicize_message":"","jetpack_publicize_feature_enabled":true,"jetpack_social_post_already_shared":false,"jetpack_social_options":{"image_generator_settings":{"template":"highway","default_image_id":0,"enabled":false},"version":2}},"categories":[44,15,10],"tags":[277,53,2417,2418],"class_list":["post-7949","post","type-post","status-publish","format-standard","has-post-thumbnail","hentry","category-noticias-de-hoy","category-ultimas-noticias","category-salud","tag-cancer","tag-ciencia","tag-quimioterapia","tag-tumores"],"jetpack_publicize_connections":[],"jetpack_featured_media_url":"https:\/\/i0.wp.com\/miradordeatarfe.es\/wp-content\/uploads\/2016\/03\/file_20160303131542_300x200.png?fit=300%2C200&ssl=1","jetpack_likes_enabled":true,"jetpack_sharing_enabled":true,"_links":{"self":[{"href":"https:\/\/miradordeatarfe.es\/index.php?rest_route=\/wp\/v2\/posts\/7949","targetHints":{"allow":["GET"]}}],"collection":[{"href":"https:\/\/miradordeatarfe.es\/index.php?rest_route=\/wp\/v2\/posts"}],"about":[{"href":"https:\/\/miradordeatarfe.es\/index.php?rest_route=\/wp\/v2\/types\/post"}],"author":[{"embeddable":true,"href":"https:\/\/miradordeatarfe.es\/index.php?rest_route=\/wp\/v2\/users\/1"}],"replies":[{"embeddable":true,"href":"https:\/\/miradordeatarfe.es\/index.php?rest_route=%2Fwp%2Fv2%2Fcomments&post=7949"}],"version-history":[{"count":1,"href":"https:\/\/miradordeatarfe.es\/index.php?rest_route=\/wp\/v2\/posts\/7949\/revisions"}],"predecessor-version":[{"id":7951,"href":"https:\/\/miradordeatarfe.es\/index.php?rest_route=\/wp\/v2\/posts\/7949\/revisions\/7951"}],"wp:featuredmedia":[{"embeddable":true,"href":"https:\/\/miradordeatarfe.es\/index.php?rest_route=\/wp\/v2\/media\/7950"}],"wp:attachment":[{"href":"https:\/\/miradordeatarfe.es\/index.php?rest_route=%2Fwp%2Fv2%2Fmedia&parent=7949"}],"wp:term":[{"taxonomy":"category","embeddable":true,"href":"https:\/\/miradordeatarfe.es\/index.php?rest_route=%2Fwp%2Fv2%2Fcategories&post=7949"},{"taxonomy":"post_tag","embeddable":true,"href":"https:\/\/miradordeatarfe.es\/index.php?rest_route=%2Fwp%2Fv2%2Ftags&post=7949"}],"curies":[{"name":"wp","href":"https:\/\/api.w.org\/{rel}","templated":true}]}}