{"id":79507,"date":"2025-10-22T11:00:40","date_gmt":"2025-10-22T09:00:40","guid":{"rendered":"https:\/\/miradordeatarfe.es\/?p=79507"},"modified":"2025-10-20T17:23:41","modified_gmt":"2025-10-20T15:23:41","slug":"atarfe-taller-de-escritura-creativa-para-ninos-y-ninas-de-7-a-14-anos","status":"publish","type":"post","link":"https:\/\/miradordeatarfe.es\/?p=79507","title":{"rendered":"ATARFE: Ma\u00f1ana Taller de Escritura Creativa para ni\u00f1os y ni\u00f1as  de 7 a 14 a\u00f1os"},"content":{"rendered":"<h3 class=\"zfr3Q CDt4Ke \" dir=\"ltr\"><span class=\"C9DxTc \">Con motivo del <\/span><span class=\"C9DxTc \">D\u00eda de las Bibliotecas<\/span><span class=\"C9DxTc \">, llega una actividad muy especial para los m\u00e1s peque\u00f1os amantes de las historias.<\/span><\/h3>\n<p><b>El \u00ab<strong>Taller de Escritura Creativa<\/strong>\u00bb es un espacio din\u00e1micos y colaborativo dise\u00f1ado para desarrollar tus habilidades narrativas a trav\u00e9s de ejercicios pr\u00e1cticos y desafiantes.<\/b><\/p>\n<h3 class=\"zfr3Q CDt4Ke \" dir=\"ltr\"><span class=\"C9DxTc \">&#x1f5d3;&#xfe0f; <\/span><span class=\"C9DxTc \">Jueves, 23 de octubre<\/span><span class=\"C9DxTc \"><br \/>\n<\/span><span class=\"C9DxTc \">&#x1f554; <\/span><span class=\"C9DxTc \">De 17:00 a 18:30 h<\/span><\/h3>\n<h3 class=\"zfr3Q CDt4Ke \" dir=\"ltr\"><span class=\"C9DxTc \"><br \/>\n<\/span><span class=\"C9DxTc \">Dirigido a ni\u00f1os y ni\u00f1as de <\/span><span class=\"C9DxTc \">7 a 14 a\u00f1os<\/span><span class=\"C9DxTc \">.\u00a0<\/span><span class=\"C9DxTc \">P<\/span><span class=\"C9DxTc \">osibilidad de adaptaci\u00f3n para personas con diversidad funcional. <\/span><span class=\"C9DxTc \">\u00a0Si hay suficientes inscripciones, se abrir\u00e1 un <\/span><span class=\"C9DxTc \">segundo grupo (18:30 a 20:00 h)<\/span><span class=\"C9DxTc \"> dividido por edades (de 7 a 10 y de 11 a 14 a\u00f1os).<\/span><\/h3>\n<p class=\"zfr3Q CDt4Ke \" dir=\"ltr\"><span class=\"C9DxTc \">El taller estar\u00e1 impartido por <\/span><strong><span class=\"C9DxTc \">Valeria Kiselova Savrasova<\/span><\/strong><span class=\"C9DxTc \"><strong>,<\/strong> profesora y doctora en la Universidad de M\u00e1laga, autora de reconocidos libros infantiles.<\/span><\/p>\n<div class=\"author_bio\">\n<p>Licenciada en Ciencias Pol\u00edticas por la Universidad de Odesa y licenciada en Filolog\u00eda Hisp\u00e1nica por la Universidad de M\u00e1laga. M\u00e1ster en Profesorado en Educaci\u00f3n Secundaria Obligatoria y Bachillerato, Formaci\u00f3n profesional y Ense\u00f1anza de Idiomas por la Universidad de M\u00e1laga y M\u00e1ster en Traducci\u00f3n e Interpretaci\u00f3n para el Mundo Editorial por la Universidad de M\u00e1laga.<\/p>\n<p>Es autora de numerosos libros infantiles y creadora de material y libros para ni\u00f1os con necesidades educativas especiales.<\/p>\n<\/div>\n<p class=\"zfr3Q CDt4Ke \" dir=\"ltr\"><span class=\"C9DxTc \">&#x1f4cc; <\/span><strong><span class=\"C9DxTc \">Plazas limitadas (20)<\/span><span class=\"C9DxTc \"><br \/>\n<\/span><span class=\"C9DxTc \">&#x1f4da; <\/span><span class=\"C9DxTc \">Inscripciones<\/span><span class=\"C9DxTc \"> abiertas desde el <\/span><span class=\"C9DxTc \">8 de octubre<\/span><span class=\"C9DxTc \"> en la <\/span><span class=\"C9DxTc \">Biblioteca Mariana Pineda<\/span><span class=\"C9DxTc \"> y en el <\/span><span class=\"C9DxTc \">Centro Cultural Medina Elvira<\/span><span class=\"C9DxTc \">.<\/span><\/strong><\/p>\n<p class=\"zfr3Q CDt4Ke \" dir=\"ltr\"><span class=\"C9DxTc \">&#x1f4a1; Una oportunidad \u00fanica para descubrir el poder de la imaginaci\u00f3n y aprender a crear tus propias historias.<\/span><\/p>\n<p dir=\"ltr\"><img data-recalc-dims=\"1\" loading=\"lazy\" decoding=\"async\" class=\"alignnone wp-image-79508 size-full\" src=\"https:\/\/i0.wp.com\/miradordeatarfe.es\/wp-content\/uploads\/2025\/10\/TALLER.jpg?resize=640%2C800&#038;ssl=1\" alt=\"\" width=\"640\" height=\"800\" srcset=\"https:\/\/i0.wp.com\/miradordeatarfe.es\/wp-content\/uploads\/2025\/10\/TALLER.jpg?w=1080&amp;ssl=1 1080w, https:\/\/i0.wp.com\/miradordeatarfe.es\/wp-content\/uploads\/2025\/10\/TALLER.jpg?resize=240%2C300&amp;ssl=1 240w, https:\/\/i0.wp.com\/miradordeatarfe.es\/wp-content\/uploads\/2025\/10\/TALLER.jpg?resize=819%2C1024&amp;ssl=1 819w, https:\/\/i0.wp.com\/miradordeatarfe.es\/wp-content\/uploads\/2025\/10\/TALLER.jpg?resize=768%2C960&amp;ssl=1 768w, https:\/\/i0.wp.com\/miradordeatarfe.es\/wp-content\/uploads\/2025\/10\/TALLER.jpg?resize=1024%2C1280&amp;ssl=1 1024w\" sizes=\"auto, (max-width: 640px) 100vw, 640px\" \/><\/p>\n<p dir=\"ltr\">\u00a0<\/p>\n","protected":false},"excerpt":{"rendered":"<p>Con motivo del D\u00eda de las Bibliotecas, llega una actividad muy especial para los m\u00e1s&#8230;<\/p>\n","protected":false},"author":1,"featured_media":79509,"comment_status":"closed","ping_status":"closed","sticky":false,"template":"","format":"standard","meta":{"_coblocks_attr":"","_coblocks_dimensions":"","_coblocks_responsive_height":"","_coblocks_accordion_ie_support":"","jetpack_post_was_ever_published":false,"_jetpack_newsletter_access":"","_jetpack_dont_email_post_to_subs":false,"_jetpack_newsletter_tier_id":0,"_jetpack_memberships_contains_paywalled_content":false,"_jetpack_memberships_contains_paid_content":false,"footnotes":"","jetpack_publicize_message":"","jetpack_publicize_feature_enabled":true,"jetpack_social_post_already_shared":true,"jetpack_social_options":{"image_generator_settings":{"template":"highway","default_image_id":0,"enabled":false},"version":2}},"categories":[187,186,44],"tags":[],"class_list":["post-79507","post","type-post","status-publish","format-standard","has-post-thumbnail","hentry","category-centros-educativos","category-instituciones","category-noticias-de-hoy"],"jetpack_publicize_connections":[],"jetpack_featured_media_url":"https:\/\/i0.wp.com\/miradordeatarfe.es\/wp-content\/uploads\/2025\/10\/Nube-de-palabras-de-escritura-creativa-2-150x150-1.png?fit=150%2C150&ssl=1","jetpack_likes_enabled":true,"jetpack_sharing_enabled":true,"_links":{"self":[{"href":"https:\/\/miradordeatarfe.es\/index.php?rest_route=\/wp\/v2\/posts\/79507","targetHints":{"allow":["GET"]}}],"collection":[{"href":"https:\/\/miradordeatarfe.es\/index.php?rest_route=\/wp\/v2\/posts"}],"about":[{"href":"https:\/\/miradordeatarfe.es\/index.php?rest_route=\/wp\/v2\/types\/post"}],"author":[{"embeddable":true,"href":"https:\/\/miradordeatarfe.es\/index.php?rest_route=\/wp\/v2\/users\/1"}],"replies":[{"embeddable":true,"href":"https:\/\/miradordeatarfe.es\/index.php?rest_route=%2Fwp%2Fv2%2Fcomments&post=79507"}],"version-history":[{"count":2,"href":"https:\/\/miradordeatarfe.es\/index.php?rest_route=\/wp\/v2\/posts\/79507\/revisions"}],"predecessor-version":[{"id":79554,"href":"https:\/\/miradordeatarfe.es\/index.php?rest_route=\/wp\/v2\/posts\/79507\/revisions\/79554"}],"wp:featuredmedia":[{"embeddable":true,"href":"https:\/\/miradordeatarfe.es\/index.php?rest_route=\/wp\/v2\/media\/79509"}],"wp:attachment":[{"href":"https:\/\/miradordeatarfe.es\/index.php?rest_route=%2Fwp%2Fv2%2Fmedia&parent=79507"}],"wp:term":[{"taxonomy":"category","embeddable":true,"href":"https:\/\/miradordeatarfe.es\/index.php?rest_route=%2Fwp%2Fv2%2Fcategories&post=79507"},{"taxonomy":"post_tag","embeddable":true,"href":"https:\/\/miradordeatarfe.es\/index.php?rest_route=%2Fwp%2Fv2%2Ftags&post=79507"}],"curies":[{"name":"wp","href":"https:\/\/api.w.org\/{rel}","templated":true}]}}