{"id":79518,"date":"2025-10-20T11:48:32","date_gmt":"2025-10-20T09:48:32","guid":{"rendered":"https:\/\/miradordeatarfe.es\/?p=79518"},"modified":"2025-10-20T13:37:27","modified_gmt":"2025-10-20T11:37:27","slug":"atarfe-se-manifiesta-por-el-respeto-al-alto-el-fuego-en-gaza","status":"publish","type":"post","link":"https:\/\/miradordeatarfe.es\/?p=79518","title":{"rendered":"ATARFE SE MANIFIESTA POR EL RESPETO AL ALTO EL FUEGO EN GAZA."},"content":{"rendered":"<h3 style=\"text-align: justify;\">La movilizaci\u00f3n ciudadana \u201cAtarfe con Palestina\u201d no decae para pedir el cumplimiento del Alto el fuego en Palestina y la entrada de ayuda humanitaria tal como se estableci\u00f3 en el llamado Acuerdo de Paz.<\/h3>\n<p style=\"text-align: justify;\">Para ello se ha celebrado una manifestaci\u00f3n por el centro del pueblo, este domingo 19-10-25 que ha concluido en el Paseo de Santa Ana.<\/p>\n<p style=\"text-align: justify;\">Si hace una semana la poblaci\u00f3n mundial miraba con esperanza la posibilidad de un alto el fuego en Gaza y la entrada de ayuda humanitaria, la desconfianza es la que gana terreno despu\u00e9s de los sucesos de estos \u00faltimos d\u00edas tras el asesinato de personas palestinas y el nuevo bombardeo de Israel a pesar del Alto el fuego.<\/p>\n<p style=\"text-align: justify;\">La Asamblea de \u201cAtarfe con Palestina\u201d decidi\u00f3 seguir realizando acciones de apoyo al igual que en otros pueblos y ciudades, porque sigue siendo necesaria la presi\u00f3n ciudadana ante el Gobierno de Israel para detener el sufrimiento que est\u00e1 provocando en personas inocentes. Igualmente necesaria es la acci\u00f3n de la ONU para poner imparcialidad y justicia en este proceso que ha ignorado la perspectiva de las v\u00edctimas palestinas en la soluci\u00f3n definitiva del conflicto.<\/p>\n<p style=\"text-align: justify;\">Se organiz\u00f3 la manifestaci\u00f3n el pasado domingo desde el Centro cultural Medina Elvira, Avd. Diputaci\u00f3n, Calle Real y Paseo de Santa Ana, amenizada con banderas y consignas como \u201cViva Palestina libre\u201d con talleres de chapas, mural colectivo, lectura de poemas, canciones y manifiesto al final.<\/p>\n<p style=\"text-align: justify;\">Paralelamente se intentar\u00e1 llegar a la Comunidad Escolar del municipio para que la infancia y la juventud conozca este problema y descubra la importancia del di\u00e1logo para la resoluci\u00f3n de los conflictos internacionales.<\/p>\n<p style=\"text-align: justify;\">La Asamblea conclu\u00eda con la sensaci\u00f3n positiva de seguir convirtiendo Atarfe en un espacio de defensa de los Derechos Humanos, de compromiso ciudadano por la Paz y la dignidad de las personas.<\/p>\n<p><img data-recalc-dims=\"1\" loading=\"lazy\" decoding=\"async\" class=\"alignnone wp-image-79519 size-full\" src=\"https:\/\/i0.wp.com\/miradordeatarfe.es\/wp-content\/uploads\/2025\/10\/Manifestacion3.jpg?resize=640%2C480&#038;ssl=1\" alt=\"\" width=\"640\" height=\"480\" srcset=\"https:\/\/i0.wp.com\/miradordeatarfe.es\/wp-content\/uploads\/2025\/10\/Manifestacion3.jpg?w=1641&amp;ssl=1 1641w, https:\/\/i0.wp.com\/miradordeatarfe.es\/wp-content\/uploads\/2025\/10\/Manifestacion3.jpg?resize=300%2C225&amp;ssl=1 300w, https:\/\/i0.wp.com\/miradordeatarfe.es\/wp-content\/uploads\/2025\/10\/Manifestacion3.jpg?resize=1024%2C768&amp;ssl=1 1024w, https:\/\/i0.wp.com\/miradordeatarfe.es\/wp-content\/uploads\/2025\/10\/Manifestacion3.jpg?resize=768%2C576&amp;ssl=1 768w, https:\/\/i0.wp.com\/miradordeatarfe.es\/wp-content\/uploads\/2025\/10\/Manifestacion3.jpg?resize=1536%2C1152&amp;ssl=1 1536w, https:\/\/i0.wp.com\/miradordeatarfe.es\/wp-content\/uploads\/2025\/10\/Manifestacion3.jpg?resize=1320%2C990&amp;ssl=1 1320w\" sizes=\"auto, (max-width: 640px) 100vw, 640px\" \/><\/p>\n<p><img data-recalc-dims=\"1\" loading=\"lazy\" decoding=\"async\" class=\"alignnone wp-image-79521 size-full\" src=\"https:\/\/i0.wp.com\/miradordeatarfe.es\/wp-content\/uploads\/2025\/10\/Imagen-de-WhatsApp-2025-10-19-a-las-16.04.15_65f806b1.jpg?resize=640%2C482&#038;ssl=1\" alt=\"\" width=\"640\" height=\"482\" srcset=\"https:\/\/i0.wp.com\/miradordeatarfe.es\/wp-content\/uploads\/2025\/10\/Imagen-de-WhatsApp-2025-10-19-a-las-16.04.15_65f806b1.jpg?w=2040&amp;ssl=1 2040w, https:\/\/i0.wp.com\/miradordeatarfe.es\/wp-content\/uploads\/2025\/10\/Imagen-de-WhatsApp-2025-10-19-a-las-16.04.15_65f806b1.jpg?resize=300%2C226&amp;ssl=1 300w, https:\/\/i0.wp.com\/miradordeatarfe.es\/wp-content\/uploads\/2025\/10\/Imagen-de-WhatsApp-2025-10-19-a-las-16.04.15_65f806b1.jpg?resize=1024%2C771&amp;ssl=1 1024w, https:\/\/i0.wp.com\/miradordeatarfe.es\/wp-content\/uploads\/2025\/10\/Imagen-de-WhatsApp-2025-10-19-a-las-16.04.15_65f806b1.jpg?resize=768%2C578&amp;ssl=1 768w, https:\/\/i0.wp.com\/miradordeatarfe.es\/wp-content\/uploads\/2025\/10\/Imagen-de-WhatsApp-2025-10-19-a-las-16.04.15_65f806b1.jpg?resize=1536%2C1157&amp;ssl=1 1536w, https:\/\/i0.wp.com\/miradordeatarfe.es\/wp-content\/uploads\/2025\/10\/Imagen-de-WhatsApp-2025-10-19-a-las-16.04.15_65f806b1.jpg?resize=1320%2C994&amp;ssl=1 1320w, https:\/\/i0.wp.com\/miradordeatarfe.es\/wp-content\/uploads\/2025\/10\/Imagen-de-WhatsApp-2025-10-19-a-las-16.04.15_65f806b1.jpg?w=1920&amp;ssl=1 1920w\" sizes=\"auto, (max-width: 640px) 100vw, 640px\" \/><\/p>\n<h1 id=\"article-title\" class=\"font-serif text-center italic text-xxl desktop:text-xxxl8 leading-tight mb-7 desktop:mb-10\" data-original-text-size=\"text-xxl:text-xxxl8\">https:\/\/www.facebook.com\/share\/r\/17WefYdkCN\/<\/h1>\n<p>&nbsp;<\/p>\n","protected":false},"excerpt":{"rendered":"<p>La movilizaci\u00f3n ciudadana \u201cAtarfe con Palestina\u201d no decae para pedir el cumplimiento del Alto el&#8230;<\/p>\n","protected":false},"author":1,"featured_media":79522,"comment_status":"closed","ping_status":"closed","sticky":false,"template":"","format":"standard","meta":{"_coblocks_attr":"","_coblocks_dimensions":"","_coblocks_responsive_height":"","_coblocks_accordion_ie_support":"","jetpack_post_was_ever_published":false,"_jetpack_newsletter_access":"","_jetpack_dont_email_post_to_subs":false,"_jetpack_newsletter_tier_id":0,"_jetpack_memberships_contains_paywalled_content":false,"_jetpack_memberships_contains_paid_content":false,"footnotes":"","jetpack_publicize_message":"","jetpack_publicize_feature_enabled":true,"jetpack_social_post_already_shared":true,"jetpack_social_options":{"image_generator_settings":{"template":"highway","default_image_id":0,"enabled":false},"version":2}},"categories":[2,1161,44,10806],"tags":[],"class_list":["post-79518","post","type-post","status-publish","format-standard","has-post-thumbnail","hentry","category-atarfe","category-ciudadania","category-noticias-de-hoy","category-palestina"],"jetpack_publicize_connections":[],"jetpack_featured_media_url":"https:\/\/i0.wp.com\/miradordeatarfe.es\/wp-content\/uploads\/2025\/10\/Manifestacion1.jpg?fit=580%2C408&ssl=1","jetpack_likes_enabled":true,"jetpack_sharing_enabled":true,"_links":{"self":[{"href":"https:\/\/miradordeatarfe.es\/index.php?rest_route=\/wp\/v2\/posts\/79518","targetHints":{"allow":["GET"]}}],"collection":[{"href":"https:\/\/miradordeatarfe.es\/index.php?rest_route=\/wp\/v2\/posts"}],"about":[{"href":"https:\/\/miradordeatarfe.es\/index.php?rest_route=\/wp\/v2\/types\/post"}],"author":[{"embeddable":true,"href":"https:\/\/miradordeatarfe.es\/index.php?rest_route=\/wp\/v2\/users\/1"}],"replies":[{"embeddable":true,"href":"https:\/\/miradordeatarfe.es\/index.php?rest_route=%2Fwp%2Fv2%2Fcomments&post=79518"}],"version-history":[{"count":3,"href":"https:\/\/miradordeatarfe.es\/index.php?rest_route=\/wp\/v2\/posts\/79518\/revisions"}],"predecessor-version":[{"id":79536,"href":"https:\/\/miradordeatarfe.es\/index.php?rest_route=\/wp\/v2\/posts\/79518\/revisions\/79536"}],"wp:featuredmedia":[{"embeddable":true,"href":"https:\/\/miradordeatarfe.es\/index.php?rest_route=\/wp\/v2\/media\/79522"}],"wp:attachment":[{"href":"https:\/\/miradordeatarfe.es\/index.php?rest_route=%2Fwp%2Fv2%2Fmedia&parent=79518"}],"wp:term":[{"taxonomy":"category","embeddable":true,"href":"https:\/\/miradordeatarfe.es\/index.php?rest_route=%2Fwp%2Fv2%2Fcategories&post=79518"},{"taxonomy":"post_tag","embeddable":true,"href":"https:\/\/miradordeatarfe.es\/index.php?rest_route=%2Fwp%2Fv2%2Ftags&post=79518"}],"curies":[{"name":"wp","href":"https:\/\/api.w.org\/{rel}","templated":true}]}}