{"id":7952,"date":"2016-04-03T08:01:24","date_gmt":"2016-04-03T08:01:24","guid":{"rendered":"http:\/\/miradordeatarfe.es\/?p=7952"},"modified":"2016-04-03T19:37:29","modified_gmt":"2016-04-03T19:37:29","slug":"a-ocho-meses-de-su-estreno-windows-10-ya-tiene-270-millones-de-usuarios","status":"publish","type":"post","link":"https:\/\/miradordeatarfe.es\/?p=7952","title":{"rendered":"A ocho meses de su estreno, Windows 10 ya tiene 270 millones de usuarios"},"content":{"rendered":"<div style=\"text-align: justify;\">Windows 10, la \u00faltima versi\u00f3n del sistema operativo de Microsoft, ya tiene m\u00e1s de 270 millones de usuarios, seg\u00fan inform\u00f3 la compa\u00f1\u00eda este mi\u00e9rcoles en su conferencia para desarrolladores, Build.<\/div>\n<p style=\"text-align: justify;\"><!--more--><\/p>\n<div style=\"text-align: justify;\"><\/div>\n<div style=\"text-align: justify;\">Ocho meses despu\u00e9s de su lanzamiento, Windows 10 \u00abfue activado y utilizado por m\u00e1s de 270 millones de personas\u00bb, indic\u00f3 Terry Myerson, vicepresidente a cargo de software y hardware, en el encuentro realizado en San Francisco, Estados Unidos. El CEO de Microsoft, Satya Nadella, asegur\u00f3 que ninguna versi\u00f3n anterior de Windows hab\u00eda sido adoptada por los usuarios tan r\u00e1pidamente y dijo que observ\u00f3 esta tendencia \u00abtanto entre los consumidores como entre las empresas\u00bb.<\/div>\n<div style=\"text-align: justify;\"><\/div>\n<div style=\"text-align: justify;\">Parte de esta r\u00e1pida adopci\u00f3n se puede explicar en el hecho de que, por primera vez, la actualizaci\u00f3n a Windows 10 fue gratuita para un porcentaje importante de los usuarios (aquellos que pasaron desde Windows 7, 8 y 8.1 a la nueva versi\u00f3n). Esa promoci\u00f3n se extender\u00e1 hasta mediados de este a\u00f1o. Microsoft se fij\u00f3 el objetivo de llegar a 1.000 millones de aparatos equipados de este software para 2018.<\/div>\n<div style=\"text-align: justify;\"><\/div>\n<div style=\"text-align: justify;\">\n<p>La compa\u00f1\u00eda tambi\u00e9n anunci\u00f3 una nueva actualizaci\u00f3n para Windows 10, conocida de forma interna como \u00abRedstone\u00bb y que fue anunciada como la \u00abEdici\u00f3n Aniversario\u00bb de la plataforma. La actualizaci\u00f3n ser\u00e1 liberado durante el invierno y reforzar\u00e1 el sistema de escritura a mano Windows Ink. Tambi\u00e9n llegar\u00e1 a la consola Xbox One, permitiendo usar el equipo para el desarrollo de videojuegos y sumando soporte para las \u00abaplicaciones universales\u00bb de Windows 10. AFP\/Emol mi\u00e9rcoles, 30 de marzo de 2016 16:29 Enviar Disminuye el tama\u00f1o de texto Aumenta el tama\u00f1o de texto<\/p>\n<p>Fuente: Emol.com &#8211; <a href=\"http:\/\/www.emol.com\/noticias\/Tecnologia\/2016\/03\/30\/795645\/A-ocho-meses-de-su-estreno-Windows-10-ya-tiene-270-millones-de-usuarios.html\">http:\/\/www.emol.com\/noticias\/Tecnologia\/2016\/03\/30\/795645\/A-ocho-meses-de-su-estreno-Windows-10-ya-tiene-270-millones-de-usuarios.html<\/a><\/p>\n<\/div>\n","protected":false},"excerpt":{"rendered":"<p>Windows 10, la \u00faltima versi\u00f3n del sistema operativo de Microsoft, ya tiene m\u00e1s de 270&#8230;<\/p>\n","protected":false},"author":1,"featured_media":7969,"comment_status":"closed","ping_status":"closed","sticky":false,"template":"","format":"standard","meta":{"_coblocks_attr":"","_coblocks_dimensions":"","_coblocks_responsive_height":"","_coblocks_accordion_ie_support":"","jetpack_post_was_ever_published":false,"_jetpack_newsletter_access":"","_jetpack_dont_email_post_to_subs":false,"_jetpack_newsletter_tier_id":0,"_jetpack_memberships_contains_paywalled_content":false,"_jetpack_memberships_contains_paid_content":false,"footnotes":"","jetpack_publicize_message":"","jetpack_publicize_feature_enabled":true,"jetpack_social_post_already_shared":false,"jetpack_social_options":{"image_generator_settings":{"template":"highway","default_image_id":0,"enabled":false},"version":2}},"categories":[44,15],"tags":[373,2419],"class_list":["post-7952","post","type-post","status-publish","format-standard","has-post-thumbnail","hentry","category-noticias-de-hoy","category-ultimas-noticias","tag-aniversario","tag-window"],"jetpack_publicize_connections":[],"jetpack_featured_media_url":"https:\/\/i0.wp.com\/miradordeatarfe.es\/wp-content\/uploads\/2016\/04\/%C3%ADndice-1.jpeg?fit=300%2C168&ssl=1","jetpack_likes_enabled":true,"jetpack_sharing_enabled":true,"_links":{"self":[{"href":"https:\/\/miradordeatarfe.es\/index.php?rest_route=\/wp\/v2\/posts\/7952","targetHints":{"allow":["GET"]}}],"collection":[{"href":"https:\/\/miradordeatarfe.es\/index.php?rest_route=\/wp\/v2\/posts"}],"about":[{"href":"https:\/\/miradordeatarfe.es\/index.php?rest_route=\/wp\/v2\/types\/post"}],"author":[{"embeddable":true,"href":"https:\/\/miradordeatarfe.es\/index.php?rest_route=\/wp\/v2\/users\/1"}],"replies":[{"embeddable":true,"href":"https:\/\/miradordeatarfe.es\/index.php?rest_route=%2Fwp%2Fv2%2Fcomments&post=7952"}],"version-history":[{"count":2,"href":"https:\/\/miradordeatarfe.es\/index.php?rest_route=\/wp\/v2\/posts\/7952\/revisions"}],"predecessor-version":[{"id":7954,"href":"https:\/\/miradordeatarfe.es\/index.php?rest_route=\/wp\/v2\/posts\/7952\/revisions\/7954"}],"wp:featuredmedia":[{"embeddable":true,"href":"https:\/\/miradordeatarfe.es\/index.php?rest_route=\/wp\/v2\/media\/7969"}],"wp:attachment":[{"href":"https:\/\/miradordeatarfe.es\/index.php?rest_route=%2Fwp%2Fv2%2Fmedia&parent=7952"}],"wp:term":[{"taxonomy":"category","embeddable":true,"href":"https:\/\/miradordeatarfe.es\/index.php?rest_route=%2Fwp%2Fv2%2Fcategories&post=7952"},{"taxonomy":"post_tag","embeddable":true,"href":"https:\/\/miradordeatarfe.es\/index.php?rest_route=%2Fwp%2Fv2%2Ftags&post=7952"}],"curies":[{"name":"wp","href":"https:\/\/api.w.org\/{rel}","templated":true}]}}