{"id":79527,"date":"2025-10-22T09:23:32","date_gmt":"2025-10-22T07:23:32","guid":{"rendered":"https:\/\/miradordeatarfe.es\/?p=79527"},"modified":"2025-10-22T13:27:24","modified_gmt":"2025-10-22T11:27:24","slug":"los-casos-de-alergia-se-disparan-en-espana-en-una-decada-este-es-el-coctel-de-factores-que-lo-explica-2","status":"publish","type":"post","link":"https:\/\/miradordeatarfe.es\/?p=79527","title":{"rendered":"Los casos de alergia se disparan en Espa\u00f1a en una d\u00e9cada: este es el c\u00f3ctel de factores que lo explica"},"content":{"rendered":"<h3 style=\"text-align: justify;\">Este a\u00f1o existen unas particularidades que han contribuido al incremento de incidencia de rinitis estacional. Sin embargo, cada a\u00f1o esta cifra aumenta, con un especial impacto en el entorno urbano.<\/h3>\n<div id=\"body-modules\" class=\"body-modules w-full\" style=\"text-align: justify;\">\n<p class=\"paragraph text-xl pb-7 w-full text-pretty [&amp;_a]:text-link-normal dark:[&amp;_a]:text-link-dark [&amp;_a]:decoration-1 [&amp;_a:hover]:underline [&amp;_a:hover]:text-link-hover [&amp;_a:hover]:decoration-2 [&amp;_b_a]:text-link-normal dark:[&amp;_b_a]:text-link-dark [&amp;_b_a]:decoration-1 [&amp;_b_a:hover]:underline [&amp;_b_a:hover]:text-link-hover desktop:leading-relaxed break-words font-serif\" data-original-text-size=\"text-xl\">\u00bfNariz taponada? \u00bfDolor de garganta? \u00bfOjos vidriosos? Quiz\u00e1s reconoces los <a title=\"Estornudos, nariz atascada, ojos rojos, s\u00edntomas de resfriado o rinitis al\u00e9rgica\" href=\"https:\/\/www.publico.es\/cp\/bienestar-es-vida\/estornudos-nariz-atascada-ojos-rojos-sintomas-resfriado-rinitis-alergica.html\">s\u00edntomas de la alergia estacional<\/a> porque la padeces desde hace varios a\u00f1os \u2013o desde siempre\u2013, pero quiz\u00e1s esta primavera te ha sorprendido porque nunca la hab\u00edas sufrido antes. <b>Cada a\u00f1o aumenta la incidencia, con personas que &#8216;debutan&#8217; (t\u00e9rmino m\u00e9dico) en estos episodios<\/b>. \u00bfLas razones? M\u00faltiples. La sequ\u00eda de oto\u00f1o no ayud\u00f3. <a title=\"Un bosque exuberante por la lluvia y un verano seco, un c\u00f3ctel explosivo para los incendios este verano\" href=\"https:\/\/www.publico.es\/sociedad\/m-ambiente\/bosque-exuberante-lluvia-verano-seco-coctel-explosivo-incendios-verano.html\">Las lluvias de los \u00faltimos meses<\/a>, aunque muy positivas en otros aspectos, no lo han sido en este caso. La <b>contaminaci\u00f3n atmosf\u00e9rica<\/b>, presente sobre todo en las ciudades, es tambi\u00e9n otro de los factores implicados.<\/p>\n<p class=\"paragraph text-xl pb-7 w-full text-pretty [&amp;_a]:text-link-normal dark:[&amp;_a]:text-link-dark [&amp;_a]:decoration-1 [&amp;_a:hover]:underline [&amp;_a:hover]:text-link-hover [&amp;_a:hover]:decoration-2 [&amp;_b_a]:text-link-normal dark:[&amp;_b_a]:text-link-dark [&amp;_b_a]:decoration-1 [&amp;_b_a:hover]:underline [&amp;_b_a:hover]:text-link-hover desktop:leading-relaxed break-words font-serif\" data-original-text-size=\"text-xl\">De acuerdo con los datos disponibles en el <b>Portal Estad\u00edstico del Ministerio de Sanidad<\/b>, los casos relacionados con alergias que llegaron a la <b>Atenci\u00f3n Primaria<\/b> en 2011 fueron menos de dos millones (concretamente, 1.954.209 casos). En el a\u00f1o 2023, esta cifra es superior a los 16 millones (exactamente, 16.046.519). En el caso concreto de la <b>rinitis al\u00e9rgica<\/b>, las cifras pasan de medio mill\u00f3n en el inicio de la serie (555.031 casos) a casi seis millones en la \u00faltima fecha (5.815.434).<\/p>\n<div>\n<div class=\"pb-ads pb-ads-intext relative w-full aspect-square justify-center mb-5 desktop:mb-7 desktop:bg-cold-gray-100\/30 desktop:dark:bg-cold-gray-700\/30 [&amp;_*]:z-20\">\n<div id=\"\" data-sc-container=\"smartIntxt\">\n<div class=\"sc_prebid__ava\" data-sc-wrapper-sticky=\"\">\n<div class=\"\" data-sc-sticky=\"\">\u00a0<\/div>\n<\/div>\n<\/div>\n<\/div>\n<\/div>\n<p class=\"paragraph text-xl pb-7 w-full text-pretty [&amp;_a]:text-link-normal dark:[&amp;_a]:text-link-dark [&amp;_a]:decoration-1 [&amp;_a:hover]:underline [&amp;_a:hover]:text-link-hover [&amp;_a:hover]:decoration-2 [&amp;_b_a]:text-link-normal dark:[&amp;_b_a]:text-link-dark [&amp;_b_a]:decoration-1 [&amp;_b_a:hover]:underline [&amp;_b_a:hover]:text-link-hover desktop:leading-relaxed break-words font-serif\" data-original-text-size=\"text-xl\">\u00abLa evidencia que tenemos es que la crisis clim\u00e1tica agrava la rinitis al\u00e9rgica\u00bb, afirma a <i>P\u00fablico<\/i>\u00a0<b>H\u00e9ctor Tejero<\/b>, director del <b>Observatorio de Salud y Cambio Clim\u00e1tico<\/b>, dependiente del Ministerio de Sanidad. \u00abLas altas temperaturas hacen que <a title=\"C\u00f3mo no confundir con covid-19 las alergias de oto\u00f1o e invierno\" href=\"https:\/\/www.publico.es\/opinion\/tribunas\/confundir-covid-19-alergias-otono-e-invierno.html\">las temporadas de polen<\/a> empiecen antes y sean m\u00e1s largas\u00bb, a\u00f1ade. En consecuencia, aumenta la cantidad de polen a la que los ciudadanos se exponen cada a\u00f1o.<\/p>\n<p class=\"quote relative px-2 py-5 mt-5 mb-12 text-center text-balance border-4 border-warm-gray-400 leading-snug dark:border-cold-gray-400 quote-alt font-sans font-bold text-warm-gray-400 dark:text-cold-gray-400 break-words text-xl4\" data-original-text-size=\"text-xl4\"><strong>H\u00e9ctor Tejero, director del Observatorio de Salud y Cambio Clim\u00e1tico: \u00abLas altas temperaturas hacen que las temporadas de polen empiecen antes y sean m\u00e1s largas\u00bb<\/strong><\/p>\n<p class=\"paragraph text-xl pb-7 w-full text-pretty [&amp;_a]:text-link-normal dark:[&amp;_a]:text-link-dark [&amp;_a]:decoration-1 [&amp;_a:hover]:underline [&amp;_a:hover]:text-link-hover [&amp;_a:hover]:decoration-2 [&amp;_b_a]:text-link-normal dark:[&amp;_b_a]:text-link-dark [&amp;_b_a]:decoration-1 [&amp;_b_a:hover]:underline [&amp;_b_a:hover]:text-link-hover desktop:leading-relaxed break-words font-serif\" data-original-text-size=\"text-xl\">Esto no afecta solo quienes tienen alergia, sino tambi\u00e9n a las personas \u00absensibilizadas\u00bb.\u00a0<b>Jordina Belmonte<\/b>, investigadora del Instituto de Ciencia y Tecnolog\u00eda Ambientales de la Universitat Aut\u00f2noma de Barcelona (<b>ICTA-UAB<\/b>), las define como aquella parte de la poblaci\u00f3n \u00aba cuyo cuerpo no le gustan <b>las prote\u00ednas polinizadoras<\/b>, pero que no reaccionan\u00bb. Sin embargo, los altos niveles de polen en el ambiente \u00abcausa reacciones al\u00e9rgicas por primera vez en estas personas, o como dicen los m\u00e9dicos, debutan en alergia\u00bb.<\/p>\n<p class=\"paragraph text-xl pb-7 w-full text-pretty [&amp;_a]:text-link-normal dark:[&amp;_a]:text-link-dark [&amp;_a]:decoration-1 [&amp;_a:hover]:underline [&amp;_a:hover]:text-link-hover [&amp;_a:hover]:decoration-2 [&amp;_b_a]:text-link-normal dark:[&amp;_b_a]:text-link-dark [&amp;_b_a]:decoration-1 [&amp;_b_a:hover]:underline [&amp;_b_a:hover]:text-link-hover desktop:leading-relaxed break-words font-serif\" data-original-text-size=\"text-xl\">La relaci\u00f3n de los altos termostatos con <a title=\"Alergia a los perros: \u00bfqu\u00e9 razas son hipoalerg\u00e9nicas?\" href=\"https:\/\/www.publico.es\/yo-animal\/alergia-a-los-perros-que-razas-son-hipoalergenicas\/\">un mayor impacto de la temporada de alergia<\/a> tiene dos v\u00edas explicativas. Por un lado, \u00abcada planta a su nivel, requiere de una temperatura determinada para empezar a florecer\u00bb, indica Belmonte. De modo que <b>cuanto antes lleguen los umbrales t\u00e9rmicos que requiere cada una, antes comienzan con la polinizaci\u00f3n<\/b>. Por otro lado, el exceso de calor genera un estr\u00e9s en estos seres vivos, el cual provoca que el polen incluya una mayor carga alerg\u00e9nica.<\/p>\n<h2 class=\"highlighted pt-5 pb-3 font-sans font-bold text-xl2 text-balance desktop:text-pretty leading-tight break-words\" data-original-text-size=\"text-xl2\">La contaminaci\u00f3n y las alergias en las ciudades<\/h2>\n<p class=\"paragraph text-xl pb-7 w-full text-pretty [&amp;_a]:text-link-normal dark:[&amp;_a]:text-link-dark [&amp;_a]:decoration-1 [&amp;_a:hover]:underline [&amp;_a:hover]:text-link-hover [&amp;_a:hover]:decoration-2 [&amp;_b_a]:text-link-normal dark:[&amp;_b_a]:text-link-dark [&amp;_b_a]:decoration-1 [&amp;_b_a:hover]:underline [&amp;_b_a:hover]:text-link-hover desktop:leading-relaxed break-words font-serif\" data-original-text-size=\"text-xl\">Dicho estr\u00e9s no es solo consecuencia de las altas temperaturas, sino tambi\u00e9n de la contaminaci\u00f3n. Tejero destaca que las <b>emisiones de CO2<\/b>, adem\u00e1s de aumentar el calor, contribuyen por s\u00ed mismas al <b>estr\u00e9s que sufren las plantas<\/b>. Coincide Belmonte, quien subraya que \u00ablas plantas que crecen en ambientes contaminados tienen m\u00e1s prote\u00ednas alerg\u00e9nicas\u00bb. Tambi\u00e9n las personas que viven en estos entornos sufren <b>una mayor irritaci\u00f3n<\/b> \u00abde la nariz y los ojos, por lo que su cuerpo es m\u00e1s reactivo\u00bb ante la exposici\u00f3n al polen, indica la investigadora.<\/p>\n<p class=\"quote relative px-2 py-5 mt-5 mb-12 text-center text-balance border-4 border-warm-gray-400 leading-snug dark:border-cold-gray-400 quote-alt font-sans font-bold text-warm-gray-400 dark:text-cold-gray-400 break-words text-xl4\" data-original-text-size=\"text-xl4\"><em>Jordina Belmonte, investigadora del ICTA-UAB: \u00abLas plantas que crecen en ambientes contaminados tienen m\u00e1s prote\u00ednas alerg\u00e9nicas\u00bb<\/em><\/p>\n<p class=\"paragraph text-xl pb-7 w-full text-pretty [&amp;_a]:text-link-normal dark:[&amp;_a]:text-link-dark [&amp;_a]:decoration-1 [&amp;_a:hover]:underline [&amp;_a:hover]:text-link-hover [&amp;_a:hover]:decoration-2 [&amp;_b_a]:text-link-normal dark:[&amp;_b_a]:text-link-dark [&amp;_b_a]:decoration-1 [&amp;_b_a:hover]:underline [&amp;_b_a:hover]:text-link-hover desktop:leading-relaxed break-words font-serif\" data-original-text-size=\"text-xl\">Las ciudades son los lugares que m\u00e1s contaminaci\u00f3n sufren y, por tanto, donde tienen lugar la mayor\u00eda de los casos de alergia. \u00ab<b>En Espa\u00f1a hay un 15% de alergias, pero en Madrid es del 30%<\/b>\u00ab, advierte Tejero. El director del Observatorio de Salud y Cambio Clim\u00e1tico indica que el tr\u00e1fico es uno de los principales factores implicados en esta contaminaci\u00f3n y, por tanto, en el aumento de la alergia estacional.<\/p>\n<h2 class=\"highlighted pt-5 pb-3 font-sans font-bold text-xl2 text-balance desktop:text-pretty leading-tight break-words\" data-original-text-size=\"text-xl2\">Un c\u00f3ctel de sequ\u00edas y lluvias poco favorecedor<\/h2>\n<p class=\"paragraph text-xl pb-7 w-full text-pretty [&amp;_a]:text-link-normal dark:[&amp;_a]:text-link-dark [&amp;_a]:decoration-1 [&amp;_a:hover]:underline [&amp;_a:hover]:text-link-hover [&amp;_a:hover]:decoration-2 [&amp;_b_a]:text-link-normal dark:[&amp;_b_a]:text-link-dark [&amp;_b_a]:decoration-1 [&amp;_b_a:hover]:underline [&amp;_b_a:hover]:text-link-hover desktop:leading-relaxed break-words font-serif\" data-original-text-size=\"text-xl\">Este a\u00f1o espec\u00edficamente hay m\u00e1s agentes implicados en la explosi\u00f3n de alergias. A la falta de lluvias que vivimos este \u00faltimo oto\u00f1o le han sucedido unas importantes jornadas de precipitaciones. Estas han sido celebradas por los climat\u00f3logos, como es el caso de<b> Daniel Arg\u00fceso<\/b>, profesor de F\u00edsica de la Tierra en la <b>Universitat de les Illes Balears<\/b>. En declaraciones a <i>P\u00fablico<\/i>, explica que han venido bien para garantizar el <a title=\"R\u00e9cord de agua almacenada en la cuenca del Tajo: sus embalses alcanzan niveles hist\u00f3ricos\" href=\"https:\/\/periodicoclm.publico.es\/articulo\/medio-ambiente\/record-agua-almacenada-cuenca-tajo-embalses-alcanzan-niveles-historicos\/20250521195241027232.html\" rel=\"nofollow noreferrer\">abastecimiento de los embalses <\/a>y equilibrar la necesidad de agua despu\u00e9s de su prolongada ausencia. Sin embargo, esta combinaci\u00f3n muestra su <i>cara B<\/i>\u00a0en cuanto a la proliferaci\u00f3n de las alergias.<\/p>\n<p class=\"quote relative px-2 py-5 mt-5 mb-12 text-center text-balance border-4 border-warm-gray-400 leading-snug dark:border-cold-gray-400 quote-alt font-sans font-bold text-warm-gray-400 dark:text-cold-gray-400 break-words text-xl4\" data-original-text-size=\"text-xl4\"><em>H\u00e9ctor Tejero, director del Observatorio de Salud y Cambio Clim\u00e1tico: \u00abLas temporadas de lluvias seguidas de altas temperaturas aumentan mucho m\u00e1s el polen\u00bb<\/em><\/p>\n<p class=\"paragraph text-xl pb-7 w-full text-pretty [&amp;_a]:text-link-normal dark:[&amp;_a]:text-link-dark [&amp;_a]:decoration-1 [&amp;_a:hover]:underline [&amp;_a:hover]:text-link-hover [&amp;_a:hover]:decoration-2 [&amp;_b_a]:text-link-normal dark:[&amp;_b_a]:text-link-dark [&amp;_b_a]:decoration-1 [&amp;_b_a:hover]:underline [&amp;_b_a:hover]:text-link-hover desktop:leading-relaxed break-words font-serif\" data-original-text-size=\"text-xl\">\u00abLas temporadas de lluvias seguidas de altas temperaturas aumentan mucho m\u00e1s el polen\u00bb, apunta Tejero. Por su parte,\u00a0Belmonte indica que las precipitaciones han contribuido a fortalecer la reproducci\u00f3n del \u00ab<b>pl\u00e1tano, la parietaria y las gram\u00edneas<\/b>\u00ab. Sin embargo, matiza que cuando las plantas \u00abse ven expuestas a mucha sequ\u00eda, tal vez porque se ven en riesgo de desaparecer, invierten mucha energ\u00eda en generar polen\u00bb. De este modo, \u00abtodo lo que poliniza en invierno,\u00a0como<b> los cipreses, los fresnos o el avellano<\/b>, han venido muy cargados\u00bb.<\/p>\n<p class=\"paragraph text-xl pb-7 w-full text-pretty [&amp;_a]:text-link-normal dark:[&amp;_a]:text-link-dark [&amp;_a]:decoration-1 [&amp;_a:hover]:underline [&amp;_a:hover]:text-link-hover [&amp;_a:hover]:decoration-2 [&amp;_b_a]:text-link-normal dark:[&amp;_b_a]:text-link-dark [&amp;_b_a]:decoration-1 [&amp;_b_a:hover]:underline [&amp;_b_a:hover]:text-link-hover desktop:leading-relaxed break-words font-serif\" data-original-text-size=\"text-xl\">Todo ello conlleva que tengamos \u00abun a\u00f1o excepcional con picos muy abundantes de polen\u00bb. De hecho, la SEAIC ya hab\u00eda previsto el pasado mes de marzo que <b>el polen llegar\u00eda m\u00e1s pronto y tambi\u00e9n que se mantendr\u00e1 m\u00e1s tiempo <\/b>en el ambiente durante esta primavera. Tejero pone de relieve que, a pesar de que esta explicaci\u00f3n es relativa a las condiciones espec\u00edficas de este a\u00f1o, se espera que en el medio plazo aumenten las temporadas de alergia. \u00abSe calcula que en Europa cada a\u00f1o esta \u00e9poca se adelanta un d\u00eda\u00bb, advierte.<\/p>\n<div>\u00a0<\/div>\n<div class=\"related-intext bg-warm-gray-100 px-5 -mx-5 py-5 mb-10 desktop:bg-lightmode desktop:border-t-2 desktop:border-b-2 desktop:border-warm-gray-300 desktop:dark:border-cold-gray-500 desktop:mx-0 desktop:px-1 desktop:mt-6 desktop:mb-12 dark:bg-cold-gray-700 dark:desktop:bg-darkmode\">\n<div class=\"pb-2 text-xl4 font-serif\">\n<article class=\"flex result-page listing-item\"><a class=\"page-link hidden desktop:block w-28 min-w-28 ml-auto desktop:w-48 desktop:min-w-48\" href=\"https:\/\/www.publico.es\/sociedad\/sanidad\/nivel-rojo-alergia-espana-polen.html\"><picture class=\"relative z-10 object-cover aspect-square desktop:aspect-interior\"><img data-recalc-dims=\"1\" loading=\"lazy\" decoding=\"async\" class=\"alignleft\" title=\"Dos personas utilizan mascarilla mientras pasean cerca de olivos en flor, en Ja\u00e9n, a 20 de mayo de 2025.\" src=\"https:\/\/i0.wp.com\/www.publico.es\/files\/image_horizontal_mobile\/uploads\/2025\/05\/28\/6836e7ad2b146.jpeg?resize=480%2C270&#038;ssl=1\" alt=\"Dos personas utilizan mascarilla mientras pasean cerca de olivos en flor, en Ja\u00e9n, a 20 de mayo de 2025.\" width=\"480\" height=\"270\" data-full-src=\"https:\/\/www.publico.es\/uploads\/2025\/05\/28\/6836e7ad2b146.jpeg\" \/><\/picture><\/a><strong>C\u00f3mo mitigar los efectos de la alergia estacional<\/strong><\/article>\n<\/div>\n<\/div>\n<p class=\"paragraph text-xl pb-7 w-full text-pretty [&amp;_a]:text-link-normal dark:[&amp;_a]:text-link-dark [&amp;_a]:decoration-1 [&amp;_a:hover]:underline [&amp;_a:hover]:text-link-hover [&amp;_a:hover]:decoration-2 [&amp;_b_a]:text-link-normal dark:[&amp;_b_a]:text-link-dark [&amp;_b_a]:decoration-1 [&amp;_b_a:hover]:underline [&amp;_b_a:hover]:text-link-hover desktop:leading-relaxed break-words font-serif\" data-original-text-size=\"text-xl\">Todo parece apuntar a que cada vez habr\u00e1 m\u00e1s personas al\u00e9rgicas, as\u00ed como que sufrir\u00e1n los efectos durante m\u00e1s tiempo a lo largo del a\u00f1o. Para paliar el impacto, Belmonte aboga por evitar determinadas rutas que puedan incluir \u00e1rboles o plantas que desprendan polen durante esta \u00e9poca. Y en caso de cruzarlas, recomienda<b> utilizar mascarillas y gafas de sol<\/b> para protegernos de la irritaci\u00f3n que puedan causar.<\/p>\n<p class=\"paragraph text-xl pb-7 w-full text-pretty [&amp;_a]:text-link-normal dark:[&amp;_a]:text-link-dark [&amp;_a]:decoration-1 [&amp;_a:hover]:underline [&amp;_a:hover]:text-link-hover [&amp;_a:hover]:decoration-2 [&amp;_b_a]:text-link-normal dark:[&amp;_b_a]:text-link-dark [&amp;_b_a]:decoration-1 [&amp;_b_a:hover]:underline [&amp;_b_a:hover]:text-link-hover desktop:leading-relaxed break-words font-serif\" data-original-text-size=\"text-xl\">Tejero tambi\u00e9n propone una serie de medidas que se pueden tomar en el \u00e1mbito pol\u00edtico, como <b>reducir el tr\u00e1fico o repensar el dise\u00f1o urban\u00edstico de las ciudades<\/b>, que tenga en cuenta los \u00e1rboles m\u00e1s propensos a provocar reacciones al\u00e9rgicas. Tambi\u00e9n defiende<b> adaptar los sistemas de Atenci\u00f3n Primaria<\/b> para que puedan responder de manera eficiente al incremento de pacientes en este campo. De todos modos, deja claros cu\u00e1les deben ser los objetivos en el largo plazo: \u00ab<b>Reducir la quema de combustibles f\u00f3siles y acabar con el cambio clim\u00e1tico<\/b>\u00ab.<\/p>\n<\/div>\n<p style=\"text-align: justify;\"><a title=\"Listado de noticias de Adhik Arrilucea\" href=\"https:\/\/www.publico.es\/author\/adhik-arrilucea\"><strong>Adhik Arrilucea <\/strong><\/a><span style=\"font-size: 10pt;\">Redactor de Medio Ambiente, Crisis Clim\u00e1tica y Animalismo en &#8216;P\u00fablico&#8217;. Graduado en Periodismo y Humanidades, menci\u00f3n en Ciencias Pol\u00edticas y m\u00e1ster en Teor\u00eda y Cr\u00edtica de la Cultura por la UC3M. Tiene experiencia en informaci\u00f3n cient\u00edfica e institucional, ha colaborado con diferentes medios y pasado por la redacci\u00f3n de la Agencia SINC<\/span><\/p>\n<p style=\"text-align: justify;\"><span class=\"image-description\" title=\"Una mujer se suena la nariz en el campo.\">FOTO: Una mujer se suena la nariz en el campo.<strong class=\"author ml-1.5\" title=\"AFP PHOTO \/ PHILIPPE HUGUEN\">AFP PHOTO \/ PHILIPPE HUGUEN<\/strong><\/span><\/p>\n<div id=\"sub-before-text\" class=\"[&amp;_&gt;_*]:mb-7\" style=\"text-align: justify;\">https:\/\/www.publico.es\/sociedad\/m-ambiente\/casos-alergia-disparan-espana-decada-coctel-factores-explica.html?utm_medium=newsletter&amp;utm_campaign=captacion&amp;utm_content=hoy&amp;segment=registrados&amp;tpcc=nl_hoy0525&amp;pnespid=WOI2qURK53wTnlfLt4vPFENKoh9j07Ys_g4SHbIBI8jK7ea7p.V8AhCwjbfi8B9jd99.qZm6<\/div>\n","protected":false},"excerpt":{"rendered":"<p>Este a\u00f1o existen unas particularidades que han contribuido al incremento de incidencia de rinitis estacional&#8230;.<\/p>\n","protected":false},"author":1,"featured_media":79528,"comment_status":"closed","ping_status":"closed","sticky":false,"template":"","format":"standard","meta":{"_coblocks_attr":"","_coblocks_dimensions":"","_coblocks_responsive_height":"","_coblocks_accordion_ie_support":"","jetpack_post_was_ever_published":false,"_jetpack_newsletter_access":"","_jetpack_dont_email_post_to_subs":false,"_jetpack_newsletter_tier_id":0,"_jetpack_memberships_contains_paywalled_content":false,"_jetpack_memberships_contains_paid_content":false,"footnotes":"","jetpack_publicize_message":"","jetpack_publicize_feature_enabled":true,"jetpack_social_post_already_shared":true,"jetpack_social_options":{"image_generator_settings":{"template":"highway","default_image_id":0,"enabled":false},"version":2}},"categories":[7725,1161,186,9,44],"tags":[],"class_list":["post-79527","post","type-post","status-publish","format-standard","has-post-thumbnail","hentry","category-atarfe-sostenible","category-ciudadania","category-instituciones","category-medio-ambiente","category-noticias-de-hoy"],"jetpack_publicize_connections":[],"jetpack_featured_media_url":"https:\/\/i0.wp.com\/miradordeatarfe.es\/wp-content\/uploads\/2025\/10\/683dd9b9d940f.jpeg?fit=990%2C557&ssl=1","jetpack_likes_enabled":true,"jetpack_sharing_enabled":true,"_links":{"self":[{"href":"https:\/\/miradordeatarfe.es\/index.php?rest_route=\/wp\/v2\/posts\/79527","targetHints":{"allow":["GET"]}}],"collection":[{"href":"https:\/\/miradordeatarfe.es\/index.php?rest_route=\/wp\/v2\/posts"}],"about":[{"href":"https:\/\/miradordeatarfe.es\/index.php?rest_route=\/wp\/v2\/types\/post"}],"author":[{"embeddable":true,"href":"https:\/\/miradordeatarfe.es\/index.php?rest_route=\/wp\/v2\/users\/1"}],"replies":[{"embeddable":true,"href":"https:\/\/miradordeatarfe.es\/index.php?rest_route=%2Fwp%2Fv2%2Fcomments&post=79527"}],"version-history":[{"count":2,"href":"https:\/\/miradordeatarfe.es\/index.php?rest_route=\/wp\/v2\/posts\/79527\/revisions"}],"predecessor-version":[{"id":79530,"href":"https:\/\/miradordeatarfe.es\/index.php?rest_route=\/wp\/v2\/posts\/79527\/revisions\/79530"}],"wp:featuredmedia":[{"embeddable":true,"href":"https:\/\/miradordeatarfe.es\/index.php?rest_route=\/wp\/v2\/media\/79528"}],"wp:attachment":[{"href":"https:\/\/miradordeatarfe.es\/index.php?rest_route=%2Fwp%2Fv2%2Fmedia&parent=79527"}],"wp:term":[{"taxonomy":"category","embeddable":true,"href":"https:\/\/miradordeatarfe.es\/index.php?rest_route=%2Fwp%2Fv2%2Fcategories&post=79527"},{"taxonomy":"post_tag","embeddable":true,"href":"https:\/\/miradordeatarfe.es\/index.php?rest_route=%2Fwp%2Fv2%2Ftags&post=79527"}],"curies":[{"name":"wp","href":"https:\/\/api.w.org\/{rel}","templated":true}]}}