{"id":79531,"date":"2025-10-22T09:30:41","date_gmt":"2025-10-22T07:30:41","guid":{"rendered":"https:\/\/miradordeatarfe.es\/?p=79531"},"modified":"2025-10-20T13:35:37","modified_gmt":"2025-10-20T11:35:37","slug":"79531","status":"publish","type":"post","link":"https:\/\/miradordeatarfe.es\/?p=79531","title":{"rendered":"Quiero una mami de uni privada"},"content":{"rendered":"<div class=\"block--text desktop:flex desktop:mb-7\">\n<div id=\"body-modules\" class=\"body-modules w-full opinion first-letter:text-x5l first-letter:leading-none first-letter:mr-3 first-letter:float-left desktop:first-letter:text-x5l4\" data-original-first-letter-text-size=\"text-x5l:text-x5l4\">\n<h3 style=\"text-align: justify;\" data-original-text-size=\"text-xl\">En la batalla cultural de la meritocracia, la universidad privada es una cortina de humo para tapar lo importante de verdad: que algunos nos vencieron el d\u00eda de su nacimiento.<\/h3>\n<p class=\"paragraph text-xl pb-7 w-full text-pretty [&amp;_a]:text-link-normal dark:[&amp;_a]:text-link-dark [&amp;_a]:decoration-1 [&amp;_a:hover]:underline [&amp;_a:hover]:text-link-hover [&amp;_a:hover]:decoration-2 [&amp;_b_a]:text-link-normal dark:[&amp;_b_a]:text-link-dark [&amp;_b_a]:decoration-1 [&amp;_b_a:hover]:underline [&amp;_b_a:hover]:text-link-hover desktop:leading-relaxed break-words font-serif\" style=\"text-align: justify;\" data-original-text-size=\"text-xl\">Cen\u00e1bamos este domingo en una tabernilla entre Los C\u00e1rmenes y Carabanchel cuando en la mesa de atr\u00e1s escuchamos quejarse a una madre, casi que chillaba, de lo puteado que estaba su cr\u00edo con la selectividad; la mam\u00e1 protestaba porque el chaval no solo ten\u00eda que matarse a estudiar Biolog\u00eda o Lengua si quer\u00eda entrar en la carrera fantaseada \u2013 creo que hablaban de Fisioterapia, pero no me hagas demasiado caso \u2013, sino que tambi\u00e9n deb\u00eda compaginar todo aquello con unos amiguitos que se hab\u00eda echado en un club de f\u00fatbol del norte de Madrid: mientras el cr\u00edo de Los C\u00e1rmenes deb\u00eda deslomarse para pillar plaza en alguna universidad p\u00fablica, los nuevos colegones futboleros viv\u00edan tranquil\u00edsimos porque ten\u00edan su futuro inmediato bien atado gracias a ese invento de malandros y haraganes que es la universidad privada.<\/p>\n<p class=\"paragraph text-xl pb-7 w-full text-pretty [&amp;_a]:text-link-normal dark:[&amp;_a]:text-link-dark [&amp;_a]:decoration-1 [&amp;_a:hover]:underline [&amp;_a:hover]:text-link-hover [&amp;_a:hover]:decoration-2 [&amp;_b_a]:text-link-normal dark:[&amp;_b_a]:text-link-dark [&amp;_b_a]:decoration-1 [&amp;_b_a:hover]:underline [&amp;_b_a:hover]:text-link-hover desktop:leading-relaxed break-words font-serif\" style=\"text-align: justify;\" data-original-text-size=\"text-xl\">La mam\u00e1 se quejaba porque su hijo, de diecisiete o dieciocho a\u00f1itos, hab\u00eda tenido que dejar de lado el club de f\u00fatbol para centrarse en la selectividad, coyuntura que los otros colegas hab\u00edan aprovechado para hacerse un hueco en el equipo y desplazar de su posici\u00f3n de titular al pobre muchacho. Pero no seas t\u00fa mal pensado, \u00bfeh? Seguro que es culpa suya; la vida es pura meritocracia y todos tus logros depender\u00e1n exclusivamente de c\u00f3mo juegues tus cartas, no de que algunos vengan a este pa\u00eds de Dios con el mazo marcado y media docena de comodines en las mangas.<\/p>\n<p class=\"paragraph text-xl pb-7 w-full text-pretty [&amp;_a]:text-link-normal dark:[&amp;_a]:text-link-dark [&amp;_a]:decoration-1 [&amp;_a:hover]:underline [&amp;_a:hover]:text-link-hover [&amp;_a:hover]:decoration-2 [&amp;_b_a]:text-link-normal dark:[&amp;_b_a]:text-link-dark [&amp;_b_a]:decoration-1 [&amp;_b_a:hover]:underline [&amp;_b_a:hover]:text-link-hover desktop:leading-relaxed break-words font-serif\" style=\"text-align: justify;\" data-original-text-size=\"text-xl\">La conversaci\u00f3n en la mesa de la madre me provoc\u00f3 much\u00edsima ternura \u2013 tambi\u00e9n un tipo de presi\u00f3n en las arterias que creo que los comunistas como t\u00fa llam\u00e1is odio de clase \u2013 y me hizo recordar la tremenda decepci\u00f3n que sent\u00ed cuando cat\u00e9 universidad p\u00fablica por primera vez: yo, catetito de pueblo y fan declarado de pel\u00edculas tipo American Pie, imaginaba que pisar\u00eda la facultad en Madrid y comenzar\u00eda a correrme todo tipo de juergas cual bohemio posadolescente, sin embargo, lo que me encontr\u00e9 fueron pisos compartidos con estudiantes guarros enganchados al Pristiq y clases enormes petadas de chicos que hubieran vendido sus dedos de los pies a cambio de que el catedr\u00e1tico de turno se aprendiera sus apellidos; so\u00f1\u00e9 que mi etapa universitaria ser\u00eda una fiesta largu\u00edsima llena de tusi rosa y modelos internacionales, sin embargo, solo me cruc\u00e9 con chavales ansiosos por no decepcionar a sus padres.<\/p>\n<p class=\"paragraph text-xl pb-7 w-full text-pretty [&amp;_a]:text-link-normal dark:[&amp;_a]:text-link-dark [&amp;_a]:decoration-1 [&amp;_a:hover]:underline [&amp;_a:hover]:text-link-hover [&amp;_a:hover]:decoration-2 [&amp;_b_a]:text-link-normal dark:[&amp;_b_a]:text-link-dark [&amp;_b_a]:decoration-1 [&amp;_b_a:hover]:underline [&amp;_b_a:hover]:text-link-hover desktop:leading-relaxed break-words font-serif\" style=\"text-align: justify;\" data-original-text-size=\"text-xl\">Yo en verdad he nacido, os lo juro, para tener una mami rica que me hubiese apuntado a una universidad privada. Es que me imagino, buah, haciendo el cateto en los viajes de fin de curso a Miami Beach o vacilando al profesor de mi grupo exclusivo de cinco alumnos y me pongo un pel\u00edn, ejem, cachondo. Y aunque eso hubiera estado bien, \u00bfsabes qu\u00e9 hubiera sido lo mejor? La victoria absoluta de saberme ganador incluso antes de tirar los dados. \u00bfQue no quiero estudiar selectividad? Pues no estudio, qu\u00e9 co\u00f1o importa. \u00bfQu\u00e9 no quiero ir a f\u00fatbol? Pues no voy: total, solo puedo perder un dinero que no necesito. En la batalla cultural de la meritocracia, la universidad privada es una cortina de humo para tapar lo importante de verdad: que algunos nos vencieron el d\u00eda de su nacimiento.<\/p>\n<\/div>\n<\/div>\n<div class=\"author-bio mb-10 w-full\">\n<div class=\"pt-7 border-t border-warm-gray-200 dark:border-cold-gray-600\">\n<p class=\"author-name text-lg pb-1 font-bold text-warm-gray-600 dark:text-cold-gray-400\" style=\"text-align: justify;\" data-original-text-size=\"text-lg\"><a title=\"Listado de noticias de Israel Merino\" href=\"https:\/\/www.publico.es\/author\/israel-merino\">Israel Merino <\/a><span style=\"font-size: 10pt;\">Reportero y columnista en las secciones de Cultura, Pol\u00edtica, Nacional y Opini\u00f3n; colaborador en peri\u00f3dicos como P\u00fablico, 20Minutos, El Espa\u00f1ol o El Confidencial. Ha publicado \u00abM\u00e1s all\u00e1 de la noche\u00bb (Ediciones Akal) y tiene una secci\u00f3n semanal en Radio3. Escribe periodismo literario y escucha m\u00fasica urbana. Es del a\u00f1o 2000.<\/span><\/p>\n<p data-original-text-size=\"text-lg\">FOTO: <span class=\"image-description\" title=\"Estudiantes esperan antes de entrar para comenzar las pruebas de acceso a la universidad en una imagen de archivo.\">Estudiantes esperan antes de entrar para comenzar las pruebas de acceso a la universidad en una imagen de archivo.<\/span><strong class=\"author ml-1.5\" title=\"Europa Press\">Europa Press<\/strong><\/p>\n<p>https:\/\/www.publico.es\/opinion\/columnas\/quiero-mami-uni-privada.html?utm_medium=newsletter&#038;utm_campaign=captacion&#038;utm_content=hoy&#038;segment=registrados&#038;tpcc=nl_hoy0525&#038;pnespid=GaAyrhkCtnkLhVibsIDeEUZS_E8436ct9F1RGK0IbsrKzbVCNedWE_R6Y8hNgsnRspxGQUtM<\/p>\n<\/div>\n<\/div>\n","protected":false},"excerpt":{"rendered":"<p>En la batalla cultural de la meritocracia, la universidad privada es una cortina de humo&#8230;<\/p>\n","protected":false},"author":1,"featured_media":79532,"comment_status":"closed","ping_status":"closed","sticky":false,"template":"","format":"standard","meta":{"_coblocks_attr":"","_coblocks_dimensions":"","_coblocks_responsive_height":"","_coblocks_accordion_ie_support":"","jetpack_post_was_ever_published":false,"_jetpack_newsletter_access":"","_jetpack_dont_email_post_to_subs":false,"_jetpack_newsletter_tier_id":0,"_jetpack_memberships_contains_paywalled_content":false,"_jetpack_memberships_contains_paid_content":false,"footnotes":"","jetpack_publicize_message":"","jetpack_publicize_feature_enabled":true,"jetpack_social_post_already_shared":true,"jetpack_social_options":{"image_generator_settings":{"template":"highway","default_image_id":0,"enabled":false},"version":2}},"categories":[187,186,44],"tags":[],"class_list":["post-79531","post","type-post","status-publish","format-standard","has-post-thumbnail","hentry","category-centros-educativos","category-instituciones","category-noticias-de-hoy"],"jetpack_publicize_connections":[],"jetpack_featured_media_url":"https:\/\/i0.wp.com\/miradordeatarfe.es\/wp-content\/uploads\/2025\/10\/683dc328a256a.jpeg?fit=990%2C557&ssl=1","jetpack_likes_enabled":true,"jetpack_sharing_enabled":true,"_links":{"self":[{"href":"https:\/\/miradordeatarfe.es\/index.php?rest_route=\/wp\/v2\/posts\/79531","targetHints":{"allow":["GET"]}}],"collection":[{"href":"https:\/\/miradordeatarfe.es\/index.php?rest_route=\/wp\/v2\/posts"}],"about":[{"href":"https:\/\/miradordeatarfe.es\/index.php?rest_route=\/wp\/v2\/types\/post"}],"author":[{"embeddable":true,"href":"https:\/\/miradordeatarfe.es\/index.php?rest_route=\/wp\/v2\/users\/1"}],"replies":[{"embeddable":true,"href":"https:\/\/miradordeatarfe.es\/index.php?rest_route=%2Fwp%2Fv2%2Fcomments&post=79531"}],"version-history":[{"count":2,"href":"https:\/\/miradordeatarfe.es\/index.php?rest_route=\/wp\/v2\/posts\/79531\/revisions"}],"predecessor-version":[{"id":79534,"href":"https:\/\/miradordeatarfe.es\/index.php?rest_route=\/wp\/v2\/posts\/79531\/revisions\/79534"}],"wp:featuredmedia":[{"embeddable":true,"href":"https:\/\/miradordeatarfe.es\/index.php?rest_route=\/wp\/v2\/media\/79532"}],"wp:attachment":[{"href":"https:\/\/miradordeatarfe.es\/index.php?rest_route=%2Fwp%2Fv2%2Fmedia&parent=79531"}],"wp:term":[{"taxonomy":"category","embeddable":true,"href":"https:\/\/miradordeatarfe.es\/index.php?rest_route=%2Fwp%2Fv2%2Fcategories&post=79531"},{"taxonomy":"post_tag","embeddable":true,"href":"https:\/\/miradordeatarfe.es\/index.php?rest_route=%2Fwp%2Fv2%2Ftags&post=79531"}],"curies":[{"name":"wp","href":"https:\/\/api.w.org\/{rel}","templated":true}]}}